{"id":58438,"date":"2025-08-28T20:22:26","date_gmt":"2025-08-28T23:22:26","guid":{"rendered":"https:\/\/radiorevelacionfm.cl\/?p=58438"},"modified":"2025-08-28T20:23:03","modified_gmt":"2025-08-28T23:23:03","slug":"se-invita-este-viernes-a-conversatorio-sobre-reforma-de-pensiones","status":"publish","type":"post","link":"https:\/\/radiorevelacionfm.cl\/?p=58438","title":{"rendered":"Invitan este viernes a conversatorio sobre Reforma de Pensiones"},"content":{"rendered":"<div class=\"flex_column av_one_full  flex_column_div av-zero-column-padding first  avia-builder-el-0  el_before_av_one_full  avia-builder-el-first  \" style='border-radius:0px; '><div  class='avia-image-container  av-styling-    avia-builder-el-1  avia-builder-el-no-sibling  avia-align-center '  itemprop=\"image\" itemscope=\"itemscope\" itemtype=\"https:\/\/schema.org\/ImageObject\"  ><div class='avia-image-container-inner'><div class='avia-image-overlay-wrap'><img decoding=\"async\" class='wp-image-58439 avia-img-lazy-loading-not-58439 avia_image' src=\"https:\/\/radiorevelacionfm.cl\/wp-content\/uploads\/2025\/08\/afiche-rrss-charla-reforma-29082025-coyhaique-1_optimized-1.jpg\" alt='' title='afiche-rrss-charla-reforma-29082025-coyhaique-(1)_optimized (1)' height=\"1000\" width=\"801\"  itemprop=\"thumbnailUrl\" srcset=\"https:\/\/radiorevelacionfm.cl\/wp-content\/uploads\/2025\/08\/afiche-rrss-charla-reforma-29082025-coyhaique-1_optimized-1.jpg 801w, https:\/\/radiorevelacionfm.cl\/wp-content\/uploads\/2025\/08\/afiche-rrss-charla-reforma-29082025-coyhaique-1_optimized-1-240x300.jpg 240w, https:\/\/radiorevelacionfm.cl\/wp-content\/uploads\/2025\/08\/afiche-rrss-charla-reforma-29082025-coyhaique-1_optimized-1-768x959.jpg 768w, https:\/\/radiorevelacionfm.cl\/wp-content\/uploads\/2025\/08\/afiche-rrss-charla-reforma-29082025-coyhaique-1_optimized-1-565x705.jpg 565w, https:\/\/radiorevelacionfm.cl\/wp-content\/uploads\/2025\/08\/afiche-rrss-charla-reforma-29082025-coyhaique-1_optimized-1-450x562.jpg 450w, https:\/\/radiorevelacionfm.cl\/wp-content\/uploads\/2025\/08\/afiche-rrss-charla-reforma-29082025-coyhaique-1_optimized-1-600x749.jpg 600w\" sizes=\"(max-width: 801px) 100vw, 801px\" \/><\/div><\/div><\/div><\/div>\n<div class=\"flex_column av_one_full  flex_column_div av-zero-column-padding first  avia-builder-el-2  el_after_av_one_full  el_before_av_one_full  column-top-margin\" style='border-radius:0px; '><section class=\"av_textblock_section \"  itemscope=\"itemscope\" itemtype=\"https:\/\/schema.org\/BlogPosting\" itemprop=\"blogPost\" ><div class='avia_textblock  '   itemprop=\"text\" ><p style=\"text-align: center;\"><span style=\"font-size: 18pt;\"><b>Invitan este viernes a conversatorio sobre Reforma de Pensiones<\/b><\/span><\/p>\n<div id=\"gtx-trans\" style=\"position: absolute; left: -50px; top: 4.31534px;\">\n<div class=\"gtx-trans-icon\"><\/div>\n<\/div>\n<\/div><\/section><\/div><div class=\"flex_column av_one_full  flex_column_div av-zero-column-padding first  avia-builder-el-4  el_after_av_one_full  el_before_av_hr  column-top-margin\" style='border-radius:0px; '><section class=\"av_textblock_section \"  itemscope=\"itemscope\" itemtype=\"https:\/\/schema.org\/BlogPosting\" itemprop=\"blogPost\" ><div class='avia_textblock  '   itemprop=\"text\" ><p style=\"font-weight: 400; text-align: justify;\"><strong><em>La instancia busca informar y aclarar dudas sobre la implementaci\u00f3n de la\u00a0<\/em><\/strong><strong><em>Ley N\u00b021.735.<\/em><\/strong><\/p>\n<p style=\"font-weight: 400; text-align: justify;\">Este viernes 29 de agosto de 2025 se realizar\u00e1 un conversatorio ciudadano sobre la Ley 21.735 en la Escuela Pedro Quintana Mansilla, a partir de las 14:45 cuyo prop\u00f3sito es informar y aclarar dudas sobre la implementaci\u00f3n, plazo y beneficios de la Reforma de Pensiones.<\/p>\n<p style=\"font-weight: 400; text-align: justify;\">Sobre la instancia, el Delegado presidencial regional de Ays\u00e9n, Jorge D\u00edaz Guzm\u00e1n convoc\u00f3 a la comunidad a participar, \u201cQueremos invitar a la comunidad, a los clubes de adultos mayores a dirigentes sociales, para que nos juntemos el d\u00eda viernes en la tarde en la Escuela Pedro Quintana, para conversar respecto de la reforma previsional. Ya en el mes de septiembre comienza la primera etapa de beneficios de esta reforma y por lo tanto, queremos informar a todos y todas para que puedan tener esos antecedentes. Tambi\u00e9n, c\u00f3mo se va a ir desarrollando durante el a\u00f1o 2026- 2027, en cada una de las etapas que tiene este proyecto, que fue aprobado y es iniciativa de nuestro Gobierno. Por lo tanto, quedan todos invitados e invitadas a que nos juntemos, donde estaremos con nuestra Subsecretaria de Desarrollo Regional, conversando respecto de esta importante materia, que a todos nos interesa\u201d.<\/p>\n<p style=\"font-weight: 400; text-align: justify;\">Por su parte, Rodrigo D\u00edaz Cordaro, Seremi(s) de Trabajo y Previsi\u00f3n Social y director regional del Instituto de Previsi\u00f3n Social, IPS ChileAtiende, \u201cLa Reforma de Pensiones es el cambio m\u00e1s importante que se ha realizado desde la d\u00e9cada de los \u00b480, este cambio es m\u00e1s grande incluso que la reforma del 2009. Esto fue intentado por tres gobiernos y se logr\u00f3 gracias al di\u00e1logo social tripartito y a acuerdos transversales con casi todos los sectores pol\u00edticos y eso se debe agradecer. Este viernes los queremos invitar a un di\u00e1logo para que se informen de c\u00f3mo se est\u00e1 implementando y los avances que ya se han realizado como, por ejemplo, la activaci\u00f3n del Seguro de Lagunas Previsionales, el aumento del pago del 1% de cotizaciones por parte del empleador y el aumento ahora en septiembre de la Pensi\u00f3n Garantizada Universal, PGU, para mayores de 82 a\u00f1os, entre muchas otras medidas. Los esperamos, para explicarles y conversar sobre c\u00f3mo esta reforma previsional busca mejorar la calidad de vida de los actuales y de los futuros pensionados ac\u00e1 en la Regi\u00f3n de Ays\u00e9n\u201d.<\/p>\n<p style=\"font-weight: 400; text-align: justify;\">Tal como mencion\u00f3 el Delegado presidencial regional, en esta actividad participar\u00e1 la\u00a0Subsecretaria de Desarrollo Regional y Administrativo (Subdere), Francisca Perales Flores y se est\u00e1 organizando en conjunto con Segegob, Desarrollo Social y Familia, Senama, Prodemu y Gobierno en Terreno.<\/p>\n<\/div><\/section><\/div><\/p>\n<div  style='height:50px' class='hr hr-invisible   avia-builder-el-6  el_after_av_one_full  el_before_av_social_share '><span class='hr-inner ' ><span class='hr-inner-style'><\/span><\/span><\/div>\n<div  class='av-social-sharing-box  avia-builder-el-7  el_after_av_hr  el_before_av_hr  '><div class='av-share-box'><h5 class='av-share-link-description av-no-toc '>Compartir esta noticia<\/h5><ul class='av-share-box-list noLightbox'><li class='av-share-link av-social-link-facebook' ><a target=\"_blank\" aria-label=\"Compartir en Facebook\" href='https:\/\/www.facebook.com\/sharer.php?u=https:\/\/radiorevelacionfm.cl\/?p=58438&#038;t=Invitan%20este%20viernes%20a%20conversatorio%20sobre%20Reforma%20de%20Pensiones' aria-hidden='false' data-av_icon='\ue8f3' data-av_iconfont='entypo-fontello' title='' data-avia-related-tooltip='Compartir en Facebook' rel=\"noopener\"><span class='avia_hidden_link_text'>Compartir en Facebook<\/span><\/a><\/li><li class='av-share-link av-social-link-twitter' ><a target=\"_blank\" aria-label=\"Compartir en Twitter\" href='https:\/\/twitter.com\/share?text=Invitan%20este%20viernes%20a%20conversatorio%20sobre%20Reforma%20de%20Pensiones&#038;url=https:\/\/radiorevelacionfm.cl\/?p=58438' aria-hidden='false' data-av_icon='\ue8f1' data-av_iconfont='entypo-fontello' title='' data-avia-related-tooltip='Compartir en Twitter' rel=\"noopener\"><span class='avia_hidden_link_text'>Compartir en Twitter<\/span><\/a><\/li><li class='av-share-link av-social-link-whatsapp' ><a target=\"_blank\" aria-label=\"Compartir en Whatsapp\" href='https:\/\/api.whatsapp.com\/send?text=https:\/\/radiorevelacionfm.cl\/?p=58438' aria-hidden='false' data-av_icon='\uf232' data-av_iconfont='entypo-fontello' title='' data-avia-related-tooltip='Compartir en Whatsapp' rel=\"noopener\"><span class='avia_hidden_link_text'>Compartir en Whatsapp<\/span><\/a><\/li><li class='av-share-link av-social-link-linkedin' ><a target=\"_blank\" aria-label=\"Compartir en LinkedIn\" href='https:\/\/linkedin.com\/shareArticle?mini=true&#038;title=Invitan%20este%20viernes%20a%20conversatorio%20sobre%20Reforma%20de%20Pensiones&#038;url=https:\/\/radiorevelacionfm.cl\/?p=58438' aria-hidden='false' data-av_icon='\ue8fc' data-av_iconfont='entypo-fontello' title='' data-avia-related-tooltip='Compartir en LinkedIn' rel=\"noopener\"><span class='avia_hidden_link_text'>Compartir en LinkedIn<\/span><\/a><\/li><li class='av-share-link av-social-link-mail' ><a  aria-label=\"Compartir por correo\" href='mailto:?subject=Invitan%20este%20viernes%20a%20conversatorio%20sobre%20Reforma%20de%20Pensiones&#038;body=https:\/\/radiorevelacionfm.cl\/?p=58438' aria-hidden='false' data-av_icon='\ue805' data-av_iconfont='entypo-fontello' title='' data-avia-related-tooltip='Compartir por correo'><span class='avia_hidden_link_text'>Compartir por correo<\/span><\/a><\/li><\/ul><\/div><\/div>\n<div  style='height:50px' class='hr hr-invisible   avia-builder-el-8  el_after_av_social_share  el_before_av_comments_list '><span class='hr-inner ' ><span class='hr-inner-style'><\/span><\/span><\/div>\n<div  class='av-buildercomment  av-blog-meta-html-info-disabled av-blog-meta-tag-disabled  '><\/div>\n","protected":false},"excerpt":{"rendered":"","protected":false},"author":1,"featured_media":58439,"comment_status":"closed","ping_status":"closed","sticky":false,"template":"","format":"standard","meta":{"footnotes":""},"categories":[56],"tags":[],"class_list":["post-58438","post","type-post","status-publish","format-standard","has-post-thumbnail","hentry","category-trabajo"],"jetpack_featured_media_url":"https:\/\/radiorevelacionfm.cl\/wp-content\/uploads\/2025\/08\/afiche-rrss-charla-reforma-29082025-coyhaique-1_optimized-1.jpg","_links":{"self":[{"href":"https:\/\/radiorevelacionfm.cl\/index.php?rest_route=\/wp\/v2\/posts\/58438","targetHints":{"allow":["GET"]}}],"collection":[{"href":"https:\/\/radiorevelacionfm.cl\/index.php?rest_route=\/wp\/v2\/posts"}],"about":[{"href":"https:\/\/radiorevelacionfm.cl\/index.php?rest_route=\/wp\/v2\/types\/post"}],"author":[{"embeddable":true,"href":"https:\/\/radiorevelacionfm.cl\/index.php?rest_route=\/wp\/v2\/users\/1"}],"replies":[{"embeddable":true,"href":"https:\/\/radiorevelacionfm.cl\/index.php?rest_route=%2Fwp%2Fv2%2Fcomments&post=58438"}],"version-history":[{"count":3,"href":"https:\/\/radiorevelacionfm.cl\/index.php?rest_route=\/wp\/v2\/posts\/58438\/revisions"}],"predecessor-version":[{"id":58444,"href":"https:\/\/radiorevelacionfm.cl\/index.php?rest_route=\/wp\/v2\/posts\/58438\/revisions\/58444"}],"wp:featuredmedia":[{"embeddable":true,"href":"https:\/\/radiorevelacionfm.cl\/index.php?rest_route=\/wp\/v2\/media\/58439"}],"wp:attachment":[{"href":"https:\/\/radiorevelacionfm.cl\/index.php?rest_route=%2Fwp%2Fv2%2Fmedia&parent=58438"}],"wp:term":[{"taxonomy":"category","embeddable":true,"href":"https:\/\/radiorevelacionfm.cl\/index.php?rest_route=%2Fwp%2Fv2%2Fcategories&post=58438"},{"taxonomy":"post_tag","embeddable":true,"href":"https:\/\/radiorevelacionfm.cl\/index.php?rest_route=%2Fwp%2Fv2%2Ftags&post=58438"}],"curies":[{"name":"wp","href":"https:\/\/api.w.org\/{rel}","templated":true}]}}