{"id":58432,"date":"2025-08-28T21:35:29","date_gmt":"2025-08-29T00:35:29","guid":{"rendered":"https:\/\/radiorevelacionfm.cl\/?p=58432"},"modified":"2025-08-28T21:35:29","modified_gmt":"2025-08-29T00:35:29","slug":"inacap-coyhaique-da-inicio-al-programa-inicia-formacion-en-inteligencia-artificial-para-docentes-de-la-region-de-aysen","status":"publish","type":"post","link":"https:\/\/radiorevelacionfm.cl\/?p=58432","title":{"rendered":"Inacap Coyhaique da inicio al programa InicIA: Formaci\u00f3n en Inteligencia Artificial para docentes de la regi\u00f3n de Ays\u00e9n"},"content":{"rendered":"<div class=\"flex_column av_one_full  flex_column_div av-zero-column-padding first  avia-builder-el-0  el_before_av_one_full  avia-builder-el-first  \" style='border-radius:0px; '><div  class='avia-image-container  av-styling-    avia-builder-el-1  avia-builder-el-no-sibling  avia-align-center '  itemprop=\"image\" itemscope=\"itemscope\" itemtype=\"https:\/\/schema.org\/ImageObject\"  ><div class='avia-image-container-inner'><div class='avia-image-overlay-wrap'><img decoding=\"async\" class='wp-image-58433 avia-img-lazy-loading-not-58433 avia_image' src=\"https:\/\/radiorevelacionfm.cl\/wp-content\/uploads\/2025\/08\/TALLER-2-1-1-1.jpeg\" alt='' title='TALLER 2 (1) (1) (1)' height=\"610\" width=\"798\"  itemprop=\"thumbnailUrl\" srcset=\"https:\/\/radiorevelacionfm.cl\/wp-content\/uploads\/2025\/08\/TALLER-2-1-1-1.jpeg 798w, https:\/\/radiorevelacionfm.cl\/wp-content\/uploads\/2025\/08\/TALLER-2-1-1-1-300x229.jpeg 300w, https:\/\/radiorevelacionfm.cl\/wp-content\/uploads\/2025\/08\/TALLER-2-1-1-1-768x587.jpeg 768w, https:\/\/radiorevelacionfm.cl\/wp-content\/uploads\/2025\/08\/TALLER-2-1-1-1-705x539.jpeg 705w, https:\/\/radiorevelacionfm.cl\/wp-content\/uploads\/2025\/08\/TALLER-2-1-1-1-450x344.jpeg 450w, https:\/\/radiorevelacionfm.cl\/wp-content\/uploads\/2025\/08\/TALLER-2-1-1-1-600x459.jpeg 600w\" sizes=\"(max-width: 798px) 100vw, 798px\" \/><\/div><\/div><\/div><\/div><div class=\"flex_column av_one_full  flex_column_div av-zero-column-padding first  avia-builder-el-2  el_after_av_one_full  el_before_av_one_full  column-top-margin\" style='border-radius:0px; '><section class=\"av_textblock_section \"  itemscope=\"itemscope\" itemtype=\"https:\/\/schema.org\/BlogPosting\" itemprop=\"blogPost\" ><div class='avia_textblock  '   itemprop=\"text\" ><p style=\"text-align: center;\"><strong><span style=\"font-size: 18pt;\">Inacap Coyhaique da inicio al programa InicIA: Formaci\u00f3n en Inteligencia Artificial para docentes de la regi\u00f3n de Ays\u00e9n<\/span><\/strong><\/p>\n<div id=\"gtx-trans\" style=\"position: absolute; left: -50px; top: 4.31534px;\">\n<div class=\"gtx-trans-icon\"><\/div>\n<\/div>\n<\/div><\/section><\/div><div class=\"flex_column av_one_full  flex_column_div av-zero-column-padding first  avia-builder-el-4  el_after_av_one_full  el_before_av_hr  column-top-margin\" style='border-radius:0px; '><section class=\"av_textblock_section \"  itemscope=\"itemscope\" itemtype=\"https:\/\/schema.org\/BlogPosting\" itemprop=\"blogPost\" ><div class='avia_textblock  '   itemprop=\"text\" ><p style=\"text-align: justify;\">Este s\u00e1bado 23 de agosto comenz\u00f3 oficialmente el programa\u00a0<strong>InicIA<\/strong>, una iniciativa impulsada por INACAP Coyhaique que busca fortalecer las competencias pedag\u00f3gicas de docentes de la Regi\u00f3n de Ays\u00e9n mediante el uso de herramientas de Inteligencia Artificial aplicadas a la educaci\u00f3n.<\/p>\n<p style=\"text-align: justify;\">M\u00e1s de 30 docentes de distintos establecimientos educacionales participan en esta experiencia formativa, que contempla\u00a0<strong>tres clases presenciales y cinco sesiones online<\/strong>, combinando teor\u00eda y pr\u00e1ctica para potenciar la innovaci\u00f3n en el aula.<\/p>\n<p style=\"text-align: justify;\"><strong>Objetivos del programa InicIA:<\/strong><\/p>\n<ul style=\"text-align: justify;\">\n<li>Entregar herramientas pr\u00e1cticas de IA para el trabajo en el aula.<\/li>\n<li>Facilitar la planificaci\u00f3n y gesti\u00f3n docente.<\/li>\n<li>Desarrollar un proyecto educativo contextualizado a cada realidad escolar.<\/li>\n<\/ul>\n<p style=\"text-align: justify;\">Macarena D\u00edaz, coordinadora del programa CAUCE-CEDEM, destac\u00f3 la relevancia de esta instancia \u201cEste tipo de programas son fundamentales para los docentes de educaci\u00f3n media, ya que les permite actualizar sus conocimientos y adaptarse a los nuevos desaf\u00edos tecnol\u00f3gicos. Desde INACAP, trabajamos constantemente para vincularnos con los establecimientos educacionales y aportar al desarrollo profesional de sus equipos docentes.\u201d<\/p>\n<p style=\"text-align: justify;\">Por su parte, Jorge Cisterna, jefe de la Unidad T\u00e9cnico Pedag\u00f3gica del\u00a0<strong>Centro de Educaci\u00f3n Integrada de Adultos de Coyhaique (CIA)<\/strong>, valor\u00f3 la oportunidad de participar \u201cEs muy enriquecedor poder acceder a este tipo de formaci\u00f3n. La Inteligencia Artificial est\u00e1 transformando la manera en que ense\u00f1amos y aprendemos, y este programa nos entrega herramientas concretas para aplicar en nuestras aulas, especialmente en contextos educativos diversos como el nuestro.\u201d<\/p>\n<p style=\"text-align: justify;\">Desde INACAP Coyhaique se agradece la gran convocatoria y el entusiasmo de los participantes, reafirmando el compromiso institucional con la innovaci\u00f3n educativa y el fortalecimiento de la ense\u00f1anza en la regi\u00f3n.<\/p>\n<\/div><\/section><\/div><div  style='height:50px' class='hr hr-invisible   avia-builder-el-6  el_after_av_one_full  el_before_av_social_share '><span class='hr-inner ' ><span class='hr-inner-style'><\/span><\/span><\/div><\/p>\n<div  class='av-social-sharing-box  avia-builder-el-7  el_after_av_hr  el_before_av_hr  '><div class='av-share-box'><h5 class='av-share-link-description av-no-toc '>Compartir esta noticia<\/h5><ul class='av-share-box-list noLightbox'><li class='av-share-link av-social-link-facebook' ><a target=\"_blank\" aria-label=\"Compartir en Facebook\" href='https:\/\/www.facebook.com\/sharer.php?u=https:\/\/radiorevelacionfm.cl\/?p=58432&#038;t=Inacap%20Coyhaique%20da%20inicio%20al%20programa%20InicIA%3A%20Formaci%C3%B3n%20en%20Inteligencia%20Artificial%20para%20docentes%20de%20la%20regi%C3%B3n%20de%20Ays%C3%A9n' aria-hidden='false' data-av_icon='\ue8f3' data-av_iconfont='entypo-fontello' title='' data-avia-related-tooltip='Compartir en Facebook' rel=\"noopener\"><span class='avia_hidden_link_text'>Compartir en Facebook<\/span><\/a><\/li><li class='av-share-link av-social-link-twitter' ><a target=\"_blank\" aria-label=\"Compartir en Twitter\" href='https:\/\/twitter.com\/share?text=Inacap%20Coyhaique%20da%20inicio%20al%20programa%20InicIA%3A%20Formaci%C3%B3n%20en%20Inteligencia%20Artificial%20para%20docentes%20de%20la%20regi%C3%B3n%20de%20Ays%C3%A9n&#038;url=https:\/\/radiorevelacionfm.cl\/?p=58432' aria-hidden='false' data-av_icon='\ue8f1' data-av_iconfont='entypo-fontello' title='' data-avia-related-tooltip='Compartir en Twitter' rel=\"noopener\"><span class='avia_hidden_link_text'>Compartir en Twitter<\/span><\/a><\/li><li class='av-share-link av-social-link-whatsapp' ><a target=\"_blank\" aria-label=\"Compartir en Whatsapp\" href='https:\/\/api.whatsapp.com\/send?text=https:\/\/radiorevelacionfm.cl\/?p=58432' aria-hidden='false' data-av_icon='\uf232' data-av_iconfont='entypo-fontello' title='' data-avia-related-tooltip='Compartir en Whatsapp' rel=\"noopener\"><span class='avia_hidden_link_text'>Compartir en Whatsapp<\/span><\/a><\/li><li class='av-share-link av-social-link-linkedin' ><a target=\"_blank\" aria-label=\"Compartir en LinkedIn\" href='https:\/\/linkedin.com\/shareArticle?mini=true&#038;title=Inacap%20Coyhaique%20da%20inicio%20al%20programa%20InicIA%3A%20Formaci%C3%B3n%20en%20Inteligencia%20Artificial%20para%20docentes%20de%20la%20regi%C3%B3n%20de%20Ays%C3%A9n&#038;url=https:\/\/radiorevelacionfm.cl\/?p=58432' aria-hidden='false' data-av_icon='\ue8fc' data-av_iconfont='entypo-fontello' title='' data-avia-related-tooltip='Compartir en LinkedIn' rel=\"noopener\"><span class='avia_hidden_link_text'>Compartir en LinkedIn<\/span><\/a><\/li><li class='av-share-link av-social-link-mail' ><a  aria-label=\"Compartir por correo\" href='mailto:?subject=Inacap%20Coyhaique%20da%20inicio%20al%20programa%20InicIA%3A%20Formaci%C3%B3n%20en%20Inteligencia%20Artificial%20para%20docentes%20de%20la%20regi%C3%B3n%20de%20Ays%C3%A9n&#038;body=https:\/\/radiorevelacionfm.cl\/?p=58432' aria-hidden='false' data-av_icon='\ue805' data-av_iconfont='entypo-fontello' title='' data-avia-related-tooltip='Compartir por correo'><span class='avia_hidden_link_text'>Compartir por correo<\/span><\/a><\/li><\/ul><\/div><\/div>\n<div  style='height:50px' class='hr hr-invisible   avia-builder-el-8  el_after_av_social_share  el_before_av_comments_list '><span class='hr-inner ' ><span class='hr-inner-style'><\/span><\/span><\/div>\n<div  class='av-buildercomment  av-blog-meta-html-info-disabled av-blog-meta-tag-disabled  '><\/div>\n","protected":false},"excerpt":{"rendered":"","protected":false},"author":1,"featured_media":58433,"comment_status":"closed","ping_status":"closed","sticky":false,"template":"","format":"standard","meta":{"footnotes":""},"categories":[49],"tags":[],"class_list":["post-58432","post","type-post","status-publish","format-standard","has-post-thumbnail","hentry","category-educacion"],"jetpack_featured_media_url":"https:\/\/radiorevelacionfm.cl\/wp-content\/uploads\/2025\/08\/TALLER-2-1-1-1.jpeg","_links":{"self":[{"href":"https:\/\/radiorevelacionfm.cl\/index.php?rest_route=\/wp\/v2\/posts\/58432","targetHints":{"allow":["GET"]}}],"collection":[{"href":"https:\/\/radiorevelacionfm.cl\/index.php?rest_route=\/wp\/v2\/posts"}],"about":[{"href":"https:\/\/radiorevelacionfm.cl\/index.php?rest_route=\/wp\/v2\/types\/post"}],"author":[{"embeddable":true,"href":"https:\/\/radiorevelacionfm.cl\/index.php?rest_route=\/wp\/v2\/users\/1"}],"replies":[{"embeddable":true,"href":"https:\/\/radiorevelacionfm.cl\/index.php?rest_route=%2Fwp%2Fv2%2Fcomments&post=58432"}],"version-history":[{"count":2,"href":"https:\/\/radiorevelacionfm.cl\/index.php?rest_route=\/wp\/v2\/posts\/58432\/revisions"}],"predecessor-version":[{"id":58446,"href":"https:\/\/radiorevelacionfm.cl\/index.php?rest_route=\/wp\/v2\/posts\/58432\/revisions\/58446"}],"wp:featuredmedia":[{"embeddable":true,"href":"https:\/\/radiorevelacionfm.cl\/index.php?rest_route=\/wp\/v2\/media\/58433"}],"wp:attachment":[{"href":"https:\/\/radiorevelacionfm.cl\/index.php?rest_route=%2Fwp%2Fv2%2Fmedia&parent=58432"}],"wp:term":[{"taxonomy":"category","embeddable":true,"href":"https:\/\/radiorevelacionfm.cl\/index.php?rest_route=%2Fwp%2Fv2%2Fcategories&post=58432"},{"taxonomy":"post_tag","embeddable":true,"href":"https:\/\/radiorevelacionfm.cl\/index.php?rest_route=%2Fwp%2Fv2%2Ftags&post=58432"}],"curies":[{"name":"wp","href":"https:\/\/api.w.org\/{rel}","templated":true}]}}