{"id":58428,"date":"2025-08-29T11:02:16","date_gmt":"2025-08-29T14:02:16","guid":{"rendered":"https:\/\/radiorevelacionfm.cl\/?p=58428"},"modified":"2025-08-29T11:02:16","modified_gmt":"2025-08-29T14:02:16","slug":"participacion-ciudadana-invitan-a-conformar-el-consejo-consultivo-regional-del-medio-ambiente-2026-2028","status":"publish","type":"post","link":"https:\/\/radiorevelacionfm.cl\/?p=58428","title":{"rendered":"Participaci\u00f3n ciudadana: Invitan a conformar el Consejo Consultivo Regional del Medio Ambiente 2026-2028"},"content":{"rendered":"<div class=\"flex_column av_one_full  flex_column_div av-zero-column-padding first  avia-builder-el-0  el_before_av_one_full  avia-builder-el-first  \" style='border-radius:0px; '><div  class='avia-image-container  av-styling-    avia-builder-el-1  avia-builder-el-no-sibling  avia-align-center '  itemprop=\"image\" itemscope=\"itemscope\" itemtype=\"https:\/\/schema.org\/ImageObject\"  ><div class='avia-image-container-inner'><div class='avia-image-overlay-wrap'><img decoding=\"async\" class='wp-image-58429 avia-img-lazy-loading-not-58429 avia_image' src=\"https:\/\/radiorevelacionfm.cl\/wp-content\/uploads\/2025\/08\/ccr1-1_optimized-1_optimized.jpg\" alt='' title='ccr1-(1)_optimized-(1)_optimized' height=\"600\" width=\"1067\"  itemprop=\"thumbnailUrl\" srcset=\"https:\/\/radiorevelacionfm.cl\/wp-content\/uploads\/2025\/08\/ccr1-1_optimized-1_optimized.jpg 1067w, https:\/\/radiorevelacionfm.cl\/wp-content\/uploads\/2025\/08\/ccr1-1_optimized-1_optimized-300x169.jpg 300w, https:\/\/radiorevelacionfm.cl\/wp-content\/uploads\/2025\/08\/ccr1-1_optimized-1_optimized-1030x579.jpg 1030w, https:\/\/radiorevelacionfm.cl\/wp-content\/uploads\/2025\/08\/ccr1-1_optimized-1_optimized-768x432.jpg 768w, https:\/\/radiorevelacionfm.cl\/wp-content\/uploads\/2025\/08\/ccr1-1_optimized-1_optimized-705x396.jpg 705w, https:\/\/radiorevelacionfm.cl\/wp-content\/uploads\/2025\/08\/ccr1-1_optimized-1_optimized-450x253.jpg 450w, https:\/\/radiorevelacionfm.cl\/wp-content\/uploads\/2025\/08\/ccr1-1_optimized-1_optimized-600x337.jpg 600w\" sizes=\"(max-width: 1067px) 100vw, 1067px\" \/><\/div><\/div><\/div><\/div><div class=\"flex_column av_one_full  flex_column_div av-zero-column-padding first  avia-builder-el-2  el_after_av_one_full  el_before_av_one_full  column-top-margin\" style='border-radius:0px; '><section class=\"av_textblock_section \"  itemscope=\"itemscope\" itemtype=\"https:\/\/schema.org\/BlogPosting\" itemprop=\"blogPost\" ><div class='avia_textblock  '   itemprop=\"text\" ><p style=\"text-align: center;\"><strong><span style=\"font-size: 18pt;\">Participaci\u00f3n ciudadana: Invitan a conformar el Consejo Consultivo Regional del Medio Ambiente 2026-2028<\/span><\/strong><\/p>\n<div id=\"gtx-trans\" style=\"position: absolute; left: -50px; top: 4.31534px;\">\n<div class=\"gtx-trans-icon\"><\/div>\n<\/div>\n<\/div><\/section><\/div><div class=\"flex_column av_one_full  flex_column_div av-zero-column-padding first  avia-builder-el-4  el_after_av_one_full  el_before_av_hr  column-top-margin\" style='border-radius:0px; '><section class=\"av_textblock_section \"  itemscope=\"itemscope\" itemtype=\"https:\/\/schema.org\/BlogPosting\" itemprop=\"blogPost\" ><div class='avia_textblock  '   itemprop=\"text\" ><p style=\"text-align: justify;\">El Seremi de Medio Ambiente, Yoal D\u00edaz anunci\u00f3 la apertura del periodo de convocatoria a conformar el Consejo Consultivo Regional del Medio Ambiente 2026-2028, una instancia oficial de participaci\u00f3n ciudadana establecida por la Ley N\u00b019.300 y que convoca a diversos actores del mundo privado, social, academia y sindical, a asesorar a la autoridad regional en materias ambientales relevantes para el territorio, fortaleciendo la calidad t\u00e9cnica de las decisiones y asegurando la incorporaci\u00f3n de distintas miradas \u201cpara ello necesitamos una participaci\u00f3n amplia, por lo tanto, mientras m\u00e1s personas se sumen, m\u00e1s posibilidades tenemos de diversificar la mirada y el trabajo que podemos hacer con el Consejo Consultivo, muy importante para proponer trabajo para la regi\u00f3n de Ays\u00e9n en esta instancia clave que es la forma de generar participaci\u00f3n incidente en la pol\u00edtica p\u00fablica\u201d, declar\u00f3 el Seremi.<\/p>\n<p style=\"text-align: justify;\">La invitaci\u00f3n a participar de este espacio plural y representativo se extender\u00e1 hasta el d\u00eda 15 de septiembre de 2025 a las 13:00 hrs, y cuenta con una convocatoria abierta a organizaciones y entidades que cumplan con los perfiles establecidos en el reglamento: Universidades o institutos profesionales establecidos en la regi\u00f3n; ONG sin fines de lucro con fines de protecci\u00f3n o estudio del medio ambiente; Organizaciones empresariales; Organizaciones sindicales.<\/p>\n<p style=\"text-align: justify;\">Para participar, las y los interesados deber\u00e1n proponer su representante mediante una carta, que incluya el curr\u00edculum vitae de la persona seleccionada por la organizaci\u00f3n, al correo <a href=\"mailto:oficinadepartesaysen@mma.gob.cl\">oficinadepartesaysen@mma.gob.cl<\/a> o en formato f\u00edsico a la oficina del la Seremi del Medio Ambiente ubicada en calle Portales N\u00b0125, Coyhaique.<\/p>\n<p style=\"text-align: justify;\">El actual Consejo, conformado por representantes de la Universidad Ays\u00e9n, \u00a0CIEP, \u00a0Corpaysen, \u00a0C\u00e1mara Chilena de la Construcci\u00f3n, CODESA, Sindicato de Trabajadores de la CONAF y ONG Aum\u00e9n, ha participado en la revisi\u00f3n y entrega de opiniones sobre el Plan de Descontaminaci\u00f3n Atmosf\u00e9rica PDA de Puerto Ays\u00e9n; Acuerdo de Escaz\u00fa; revisi\u00f3n informes Cuenta P\u00fablica Participativa; Actualizaci\u00f3n de la Ley 19.300; Ley SBAP; PDA Coyhaique; y Plan de Acci\u00f3n Regional de Cambio Clim\u00e1tico de Ays\u00e9n; entre otros, fortaleciendo la gobernanza ambiental, \u201cdefinitivamente es muy interesante trabajar con gente que piensa tan diverso, porque m\u00e1s que distinto es que tenemos puntos de vista que representan a la sociedad en sus intereses y eso a veces parece que fueran diferencias. Pero cuando nos vamos conociendo y ya trabajando juntos nos damos cuenta de que tenemos muchos m\u00e1s puntos en com\u00fan y todos queremos una mejor calidad de vida, respecto al medio ambiente aqu\u00ed en la regi\u00f3n de Ays\u00e9n\u201d, coment\u00f3 la Presidenta de ONG Aum\u00e9n y actual Secretaria del Consejo Consultivo del Medio Ambiente, Javiera Cisternas.<\/p>\n<p style=\"text-align: justify;\">Finalmente, el Seremi del Medio ambiente reiter\u00f3 la invitaci\u00f3n a sumarse a la oportunidad de incidir en la gesti\u00f3n ambiental regional, recordando a las organizaciones que pueden encontrar informaci\u00f3n detallada en mma.gob.cl y realizar sus consultas al tel\u00e9fono (56-67) 2451463.<\/p>\n<\/div><\/section><\/div><div  style='height:50px' class='hr hr-invisible   avia-builder-el-6  el_after_av_one_full  el_before_av_social_share '><span class='hr-inner ' ><span class='hr-inner-style'><\/span><\/span><\/div><\/p>\n<div  class='av-social-sharing-box  avia-builder-el-7  el_after_av_hr  el_before_av_hr  '><div class='av-share-box'><h5 class='av-share-link-description av-no-toc '>Compartir esta noticia<\/h5><ul class='av-share-box-list noLightbox'><li class='av-share-link av-social-link-facebook' ><a target=\"_blank\" aria-label=\"Compartir en Facebook\" href='https:\/\/www.facebook.com\/sharer.php?u=https:\/\/radiorevelacionfm.cl\/?p=58428&#038;t=Participaci%C3%B3n%20ciudadana%3A%20Invitan%20a%20conformar%20el%20Consejo%20Consultivo%20Regional%20del%20Medio%20Ambiente%202026-2028' aria-hidden='false' data-av_icon='\ue8f3' data-av_iconfont='entypo-fontello' title='' data-avia-related-tooltip='Compartir en Facebook' rel=\"noopener\"><span class='avia_hidden_link_text'>Compartir en Facebook<\/span><\/a><\/li><li class='av-share-link av-social-link-twitter' ><a target=\"_blank\" aria-label=\"Compartir en Twitter\" href='https:\/\/twitter.com\/share?text=Participaci%C3%B3n%20ciudadana%3A%20Invitan%20a%20conformar%20el%20Consejo%20Consultivo%20Regional%20del%20Medio%20Ambiente%202026-2028&#038;url=https:\/\/radiorevelacionfm.cl\/?p=58428' aria-hidden='false' data-av_icon='\ue8f1' data-av_iconfont='entypo-fontello' title='' data-avia-related-tooltip='Compartir en Twitter' rel=\"noopener\"><span class='avia_hidden_link_text'>Compartir en Twitter<\/span><\/a><\/li><li class='av-share-link av-social-link-whatsapp' ><a target=\"_blank\" aria-label=\"Compartir en Whatsapp\" href='https:\/\/api.whatsapp.com\/send?text=https:\/\/radiorevelacionfm.cl\/?p=58428' aria-hidden='false' data-av_icon='\uf232' data-av_iconfont='entypo-fontello' title='' data-avia-related-tooltip='Compartir en Whatsapp' rel=\"noopener\"><span class='avia_hidden_link_text'>Compartir en Whatsapp<\/span><\/a><\/li><li class='av-share-link av-social-link-linkedin' ><a target=\"_blank\" aria-label=\"Compartir en LinkedIn\" href='https:\/\/linkedin.com\/shareArticle?mini=true&#038;title=Participaci%C3%B3n%20ciudadana%3A%20Invitan%20a%20conformar%20el%20Consejo%20Consultivo%20Regional%20del%20Medio%20Ambiente%202026-2028&#038;url=https:\/\/radiorevelacionfm.cl\/?p=58428' aria-hidden='false' data-av_icon='\ue8fc' data-av_iconfont='entypo-fontello' title='' data-avia-related-tooltip='Compartir en LinkedIn' rel=\"noopener\"><span class='avia_hidden_link_text'>Compartir en LinkedIn<\/span><\/a><\/li><li class='av-share-link av-social-link-mail' ><a  aria-label=\"Compartir por correo\" href='mailto:?subject=Participaci%C3%B3n%20ciudadana%3A%20Invitan%20a%20conformar%20el%20Consejo%20Consultivo%20Regional%20del%20Medio%20Ambiente%202026-2028&#038;body=https:\/\/radiorevelacionfm.cl\/?p=58428' aria-hidden='false' data-av_icon='\ue805' data-av_iconfont='entypo-fontello' title='' data-avia-related-tooltip='Compartir por correo'><span class='avia_hidden_link_text'>Compartir por correo<\/span><\/a><\/li><\/ul><\/div><\/div>\n<div  style='height:50px' class='hr hr-invisible   avia-builder-el-8  el_after_av_social_share  el_before_av_comments_list '><span class='hr-inner ' ><span class='hr-inner-style'><\/span><\/span><\/div>\n<div  class='av-buildercomment  av-blog-meta-html-info-disabled av-blog-meta-tag-disabled  '><\/div>\n","protected":false},"excerpt":{"rendered":"","protected":false},"author":1,"featured_media":58429,"comment_status":"closed","ping_status":"closed","sticky":false,"template":"","format":"standard","meta":{"footnotes":""},"categories":[39],"tags":[],"class_list":["post-58428","post","type-post","status-publish","format-standard","has-post-thumbnail","hentry","category-medio-ambiente"],"jetpack_featured_media_url":"https:\/\/radiorevelacionfm.cl\/wp-content\/uploads\/2025\/08\/ccr1-1_optimized-1_optimized.jpg","_links":{"self":[{"href":"https:\/\/radiorevelacionfm.cl\/index.php?rest_route=\/wp\/v2\/posts\/58428","targetHints":{"allow":["GET"]}}],"collection":[{"href":"https:\/\/radiorevelacionfm.cl\/index.php?rest_route=\/wp\/v2\/posts"}],"about":[{"href":"https:\/\/radiorevelacionfm.cl\/index.php?rest_route=\/wp\/v2\/types\/post"}],"author":[{"embeddable":true,"href":"https:\/\/radiorevelacionfm.cl\/index.php?rest_route=\/wp\/v2\/users\/1"}],"replies":[{"embeddable":true,"href":"https:\/\/radiorevelacionfm.cl\/index.php?rest_route=%2Fwp%2Fv2%2Fcomments&post=58428"}],"version-history":[{"count":2,"href":"https:\/\/radiorevelacionfm.cl\/index.php?rest_route=\/wp\/v2\/posts\/58428\/revisions"}],"predecessor-version":[{"id":58452,"href":"https:\/\/radiorevelacionfm.cl\/index.php?rest_route=\/wp\/v2\/posts\/58428\/revisions\/58452"}],"wp:featuredmedia":[{"embeddable":true,"href":"https:\/\/radiorevelacionfm.cl\/index.php?rest_route=\/wp\/v2\/media\/58429"}],"wp:attachment":[{"href":"https:\/\/radiorevelacionfm.cl\/index.php?rest_route=%2Fwp%2Fv2%2Fmedia&parent=58428"}],"wp:term":[{"taxonomy":"category","embeddable":true,"href":"https:\/\/radiorevelacionfm.cl\/index.php?rest_route=%2Fwp%2Fv2%2Fcategories&post=58428"},{"taxonomy":"post_tag","embeddable":true,"href":"https:\/\/radiorevelacionfm.cl\/index.php?rest_route=%2Fwp%2Fv2%2Ftags&post=58428"}],"curies":[{"name":"wp","href":"https:\/\/api.w.org\/{rel}","templated":true}]}}