{"id":58426,"date":"2025-08-28T18:12:07","date_gmt":"2025-08-28T21:12:07","guid":{"rendered":"https:\/\/radiorevelacionfm.cl\/?p=58426"},"modified":"2025-08-28T18:12:07","modified_gmt":"2025-08-28T21:12:07","slug":"desembarque-pesquero-regional-aumento-534-en-segundo-trimestre-2025","status":"publish","type":"post","link":"https:\/\/radiorevelacionfm.cl\/?p=58426","title":{"rendered":"Desembarque pesquero regional aument\u00f3 53,4% en segundo trimestre 2025"},"content":{"rendered":"<div class=\"flex_column av_one_full  flex_column_div av-zero-column-padding first  avia-builder-el-0  el_before_av_one_full  avia-builder-el-first  \" style='border-radius:0px; '><div  class='avia-image-container  av-styling-    avia-builder-el-1  avia-builder-el-no-sibling  avia-align-center '  itemprop=\"image\" itemscope=\"itemscope\" itemtype=\"https:\/\/schema.org\/ImageObject\"  ><div class='avia-image-container-inner'><div class='avia-image-overlay-wrap'><img decoding=\"async\" class='wp-image-39864 avia-img-lazy-loading-not-39864 avia_image' src=\"https:\/\/radiorevelacionfm.cl\/wp-content\/uploads\/2024\/02\/Pesca-artesanal-1-1-1.jpg\" alt='' title='Pesca artesanal 1 (1) (1)' height=\"600\" width=\"900\"  itemprop=\"thumbnailUrl\" srcset=\"https:\/\/radiorevelacionfm.cl\/wp-content\/uploads\/2024\/02\/Pesca-artesanal-1-1-1.jpg 900w, https:\/\/radiorevelacionfm.cl\/wp-content\/uploads\/2024\/02\/Pesca-artesanal-1-1-1-300x200.jpg 300w, https:\/\/radiorevelacionfm.cl\/wp-content\/uploads\/2024\/02\/Pesca-artesanal-1-1-1-768x512.jpg 768w, https:\/\/radiorevelacionfm.cl\/wp-content\/uploads\/2024\/02\/Pesca-artesanal-1-1-1-705x470.jpg 705w, https:\/\/radiorevelacionfm.cl\/wp-content\/uploads\/2024\/02\/Pesca-artesanal-1-1-1-450x300.jpg 450w, https:\/\/radiorevelacionfm.cl\/wp-content\/uploads\/2024\/02\/Pesca-artesanal-1-1-1-600x400.jpg 600w\" sizes=\"(max-width: 900px) 100vw, 900px\" \/><\/div><\/div><\/div><\/div><div class=\"flex_column av_one_full  flex_column_div av-zero-column-padding first  avia-builder-el-2  el_after_av_one_full  el_before_av_one_full  column-top-margin\" style='border-radius:0px; '><section class=\"av_textblock_section \"  itemscope=\"itemscope\" itemtype=\"https:\/\/schema.org\/BlogPosting\" itemprop=\"blogPost\" ><div class='avia_textblock  '   itemprop=\"text\" ><p style=\"text-align: center;\"><strong><span style=\"font-size: 18pt;\">Desembarque pesquero regional aument\u00f3 53,4% en segundo trimestre 2025<\/span><\/strong><\/p>\n<div id=\"gtx-trans\" style=\"position: absolute; left: -50px; top: 4.31534px;\">\n<div class=\"gtx-trans-icon\"><\/div>\n<\/div>\n<\/div><\/section><\/div><div class=\"flex_column av_one_full  flex_column_div av-zero-column-padding first  avia-builder-el-4  el_after_av_one_full  el_before_av_hr  column-top-margin\" style='border-radius:0px; '><section class=\"av_textblock_section \"  itemscope=\"itemscope\" itemtype=\"https:\/\/schema.org\/BlogPosting\" itemprop=\"blogPost\" ><div class='avia_textblock  '   itemprop=\"text\" ><p style=\"text-align: justify;\"><em>Durante el segundo trimestre del 2025, el desembarque totaliz\u00f3 107.259 toneladas en la Regi\u00f3n de Ays\u00e9n y el crecimiento de la pesca artesanal fue de 35.6%, mientras que la pesca industrial present\u00f3 un alza de 33.6% y los centros de cultivo 55.1%.<\/em><\/p>\n<p style=\"text-align: justify;\">El desembarque pesquero regional, en cifras preliminares, aument\u00f3 53,4% en el trimestre abril-junio 2025, respecto a igual trimestre del a\u00f1o anterior, al totalizar 107.259 toneladas desembarcadas, lo que se traduce en 37.349 toneladas m\u00e1s que igual trimestre del a\u00f1o anterior. Este resultado se debe a un mayor dinamismo de Centro de Cultivo que present\u00f3 una cosecha de 99.638 toneladas en el per\u00edodo.<br \/>\nEn lo que respecta a las especies cultivadas en la regi\u00f3n, el Salm\u00f3n del Atl\u00e1ntico present\u00f3 un aumento de 58,2%, siendo la especie de mayor incidencia en el aumento de las cosechas.<\/p>\n<p style=\"text-align: justify;\">En relaci\u00f3n al recurso que present\u00f3 la mayor incidencia positiva en la pesca industrial fue la Merluza del Sur o Austral, que consign\u00f3 \u00a0en el per\u00edodo un volumen extra\u00eddo de 2.959 toneladas, 919 toneladas m\u00e1s que el mismo trimestre de 2024, presentando una variaci\u00f3n interanual de 45,1%<em>. <\/em>Adem\u00e1s, la producci\u00f3n de Plantas Pesqueras durante el per\u00edodo de an\u00e1lisis, registr\u00f3 14.111 toneladas, presentando una variaci\u00f3n interanual de 27,1%, con respecto a las toneladas registradas en el mismo per\u00edodo de a\u00f1o 2024.<\/p>\n<p style=\"text-align: justify;\">Al respecto el Delegado Presidencial Provincial de Ays\u00e9n, Rodrigo Moreno Rivera manifest\u00f3 que: <em>\u201cComo Gobierno estamos muy conformes porque este crecimiento es uno de los m\u00e1s altos de los \u00faltimos 6 trimestres. Estas cifras reflejan el esfuerzo y la resiliencia de nuestra gente de mar, de la pesca artesanal y de las comunidades que viven de esta actividad. El crecimiento que hoy vemos no es solo un n\u00famero, es m\u00e1s empleo, m\u00e1s desarrollo local y m\u00e1s oportunidades para nuestra regi\u00f3n. Como Gobierno del Presidente Gabriel Boric, reafirmamos que acompa\u00f1aremos este proceso con pol\u00edticas que pongan en el centro la sustentabilidad, la innovaci\u00f3n y, sobre todo, la dignidad de quienes hacen grande a Ays\u00e9n desde el mar\u201d.<\/em><\/p>\n<p style=\"text-align: justify;\">Por su parte el Seremi de Econom\u00eda, Fomento y Turismo de la Regi\u00f3n de Ays\u00e9n, Felipe Rojas Pizarro se refiri\u00f3 a estas positivas cifras mencionando que: \u201c<em>Estas cifras altamente positivas, refuerzan lo que hemos venido diciendo y haciendo durante nuestro Gobierno, la pesca y la acuicultura son sectores clave en la composici\u00f3n del PIB, por ende poseen una gran relevancia para el desarrollo econ\u00f3mico local y en particular releva la importancia del litoral para el crecimiento econ\u00f3mico regional. Cifras que nos invitan a continuar trabajando en esta misma l\u00ednea, donde promovemos la innovaci\u00f3n y la investigaci\u00f3n para continuar mejorando las pr\u00e1cticas y en este sentido, continuar avanzando en el equilibrio entre crecimiento econ\u00f3mico, sostenibilidad ambiental, equidad social e innovaci\u00f3n en estos sectores tan importantes. Adem\u00e1s estos datos refuerzan que como Gobierno en alianza con el sector privado, permiten prever buenas cifras de crecimiento para el segundo trimestre de este a\u00f1o\u201d.<\/em><\/p>\n<\/div><\/section><\/div><div  style='height:50px' class='hr hr-invisible   avia-builder-el-6  el_after_av_one_full  el_before_av_social_share '><span class='hr-inner ' ><span class='hr-inner-style'><\/span><\/span><\/div><\/p>\n<div  class='av-social-sharing-box  avia-builder-el-7  el_after_av_hr  el_before_av_hr  '><div class='av-share-box'><h5 class='av-share-link-description av-no-toc '>Compartir esta noticia<\/h5><ul class='av-share-box-list noLightbox'><li class='av-share-link av-social-link-facebook' ><a target=\"_blank\" aria-label=\"Compartir en Facebook\" href='https:\/\/www.facebook.com\/sharer.php?u=https:\/\/radiorevelacionfm.cl\/?p=58426&#038;t=Desembarque%20pesquero%20regional%20aument%C3%B3%2053%2C4%25%20en%20segundo%20trimestre%202025' aria-hidden='false' data-av_icon='\ue8f3' data-av_iconfont='entypo-fontello' title='' data-avia-related-tooltip='Compartir en Facebook' rel=\"noopener\"><span class='avia_hidden_link_text'>Compartir en Facebook<\/span><\/a><\/li><li class='av-share-link av-social-link-twitter' ><a target=\"_blank\" aria-label=\"Compartir en Twitter\" href='https:\/\/twitter.com\/share?text=Desembarque%20pesquero%20regional%20aument%C3%B3%2053%2C4%25%20en%20segundo%20trimestre%202025&#038;url=https:\/\/radiorevelacionfm.cl\/?p=58426' aria-hidden='false' data-av_icon='\ue8f1' data-av_iconfont='entypo-fontello' title='' data-avia-related-tooltip='Compartir en Twitter' rel=\"noopener\"><span class='avia_hidden_link_text'>Compartir en Twitter<\/span><\/a><\/li><li class='av-share-link av-social-link-whatsapp' ><a target=\"_blank\" aria-label=\"Compartir en Whatsapp\" href='https:\/\/api.whatsapp.com\/send?text=https:\/\/radiorevelacionfm.cl\/?p=58426' aria-hidden='false' data-av_icon='\uf232' data-av_iconfont='entypo-fontello' title='' data-avia-related-tooltip='Compartir en Whatsapp' rel=\"noopener\"><span class='avia_hidden_link_text'>Compartir en Whatsapp<\/span><\/a><\/li><li class='av-share-link av-social-link-linkedin' ><a target=\"_blank\" aria-label=\"Compartir en LinkedIn\" href='https:\/\/linkedin.com\/shareArticle?mini=true&#038;title=Desembarque%20pesquero%20regional%20aument%C3%B3%2053%2C4%25%20en%20segundo%20trimestre%202025&#038;url=https:\/\/radiorevelacionfm.cl\/?p=58426' aria-hidden='false' data-av_icon='\ue8fc' data-av_iconfont='entypo-fontello' title='' data-avia-related-tooltip='Compartir en LinkedIn' rel=\"noopener\"><span class='avia_hidden_link_text'>Compartir en LinkedIn<\/span><\/a><\/li><li class='av-share-link av-social-link-mail' ><a  aria-label=\"Compartir por correo\" href='mailto:?subject=Desembarque%20pesquero%20regional%20aument%C3%B3%2053%2C4%25%20en%20segundo%20trimestre%202025&#038;body=https:\/\/radiorevelacionfm.cl\/?p=58426' aria-hidden='false' data-av_icon='\ue805' data-av_iconfont='entypo-fontello' title='' data-avia-related-tooltip='Compartir por correo'><span class='avia_hidden_link_text'>Compartir por correo<\/span><\/a><\/li><\/ul><\/div><\/div>\n<div  style='height:50px' class='hr hr-invisible   avia-builder-el-8  el_after_av_social_share  el_before_av_comments_list '><span class='hr-inner ' ><span class='hr-inner-style'><\/span><\/span><\/div>\n<div  class='av-buildercomment  av-blog-meta-html-info-disabled av-blog-meta-tag-disabled  '><\/div>\n","protected":false},"excerpt":{"rendered":"","protected":false},"author":1,"featured_media":39864,"comment_status":"closed","ping_status":"closed","sticky":false,"template":"","format":"standard","meta":{"footnotes":""},"categories":[37],"tags":[],"class_list":["post-58426","post","type-post","status-publish","format-standard","has-post-thumbnail","hentry","category-economia"],"jetpack_featured_media_url":"https:\/\/radiorevelacionfm.cl\/wp-content\/uploads\/2024\/02\/Pesca-artesanal-1-1-1.jpg","_links":{"self":[{"href":"https:\/\/radiorevelacionfm.cl\/index.php?rest_route=\/wp\/v2\/posts\/58426","targetHints":{"allow":["GET"]}}],"collection":[{"href":"https:\/\/radiorevelacionfm.cl\/index.php?rest_route=\/wp\/v2\/posts"}],"about":[{"href":"https:\/\/radiorevelacionfm.cl\/index.php?rest_route=\/wp\/v2\/types\/post"}],"author":[{"embeddable":true,"href":"https:\/\/radiorevelacionfm.cl\/index.php?rest_route=\/wp\/v2\/users\/1"}],"replies":[{"embeddable":true,"href":"https:\/\/radiorevelacionfm.cl\/index.php?rest_route=%2Fwp%2Fv2%2Fcomments&post=58426"}],"version-history":[{"count":2,"href":"https:\/\/radiorevelacionfm.cl\/index.php?rest_route=\/wp\/v2\/posts\/58426\/revisions"}],"predecessor-version":[{"id":58437,"href":"https:\/\/radiorevelacionfm.cl\/index.php?rest_route=\/wp\/v2\/posts\/58426\/revisions\/58437"}],"wp:featuredmedia":[{"embeddable":true,"href":"https:\/\/radiorevelacionfm.cl\/index.php?rest_route=\/wp\/v2\/media\/39864"}],"wp:attachment":[{"href":"https:\/\/radiorevelacionfm.cl\/index.php?rest_route=%2Fwp%2Fv2%2Fmedia&parent=58426"}],"wp:term":[{"taxonomy":"category","embeddable":true,"href":"https:\/\/radiorevelacionfm.cl\/index.php?rest_route=%2Fwp%2Fv2%2Fcategories&post=58426"},{"taxonomy":"post_tag","embeddable":true,"href":"https:\/\/radiorevelacionfm.cl\/index.php?rest_route=%2Fwp%2Fv2%2Ftags&post=58426"}],"curies":[{"name":"wp","href":"https:\/\/api.w.org\/{rel}","templated":true}]}}