{"id":58424,"date":"2025-08-28T17:17:51","date_gmt":"2025-08-28T20:17:51","guid":{"rendered":"https:\/\/radiorevelacionfm.cl\/?p=58424"},"modified":"2025-08-28T17:17:51","modified_gmt":"2025-08-28T20:17:51","slug":"chile-chico-concejala-angela-valdebenito-cuestiona-y-lamenta-alzas-reiteradas-de-las-tarifas-electricas","status":"publish","type":"post","link":"https:\/\/radiorevelacionfm.cl\/?p=58424","title":{"rendered":"Chile Chico: Concejala Angela Valdebenito cuestiona y lamenta alzas reiteradas de las tarifas el\u00e9ctricas"},"content":{"rendered":"<div class=\"flex_column av_one_full  flex_column_div av-zero-column-padding first  avia-builder-el-0  el_before_av_one_full  avia-builder-el-first  \" style='border-radius:0px; '><div  class='avia-image-container  av-styling-    avia-builder-el-1  avia-builder-el-no-sibling  avia-align-center '  itemprop=\"image\" itemscope=\"itemscope\" itemtype=\"https:\/\/schema.org\/ImageObject\"  ><div class='avia-image-container-inner'><div class='avia-image-overlay-wrap'><img decoding=\"async\" class='wp-image-19328 avia-img-lazy-loading-not-19328 avia_image' src=\"https:\/\/radiorevelacionfm.cl\/wp-content\/uploads\/2022\/07\/chile-chico-conectividad-1_optimized.jpg\" alt='' title='chile-chico-conectividad-(1)_optimized' height=\"600\" width=\"974\"  itemprop=\"thumbnailUrl\" srcset=\"https:\/\/radiorevelacionfm.cl\/wp-content\/uploads\/2022\/07\/chile-chico-conectividad-1_optimized.jpg 974w, https:\/\/radiorevelacionfm.cl\/wp-content\/uploads\/2022\/07\/chile-chico-conectividad-1_optimized-300x185.jpg 300w, https:\/\/radiorevelacionfm.cl\/wp-content\/uploads\/2022\/07\/chile-chico-conectividad-1_optimized-768x473.jpg 768w, https:\/\/radiorevelacionfm.cl\/wp-content\/uploads\/2022\/07\/chile-chico-conectividad-1_optimized-705x434.jpg 705w, https:\/\/radiorevelacionfm.cl\/wp-content\/uploads\/2022\/07\/chile-chico-conectividad-1_optimized-600x370.jpg 600w\" sizes=\"(max-width: 974px) 100vw, 974px\" \/><\/div><\/div><\/div><\/div><div class=\"flex_column av_one_full  flex_column_div av-zero-column-padding first  avia-builder-el-2  el_after_av_one_full  el_before_av_one_full  column-top-margin\" style='border-radius:0px; '><section class=\"av_textblock_section \"  itemscope=\"itemscope\" itemtype=\"https:\/\/schema.org\/BlogPosting\" itemprop=\"blogPost\" ><div class='avia_textblock  '   itemprop=\"text\" ><p style=\"text-align: center;\"><strong><span style=\"font-size: 18pt;\">Chile Chico: Concejala Angela Valdebenito cuestiona y lamenta alzas reiteradas de las tarifas el\u00e9ctricas <\/span><\/strong><\/p>\n<div id=\"gtx-trans\" style=\"position: absolute; left: -50px; top: 4.31534px;\">\n<div class=\"gtx-trans-icon\"><\/div>\n<\/div>\n<\/div><\/section><\/div><div class=\"flex_column av_one_full  flex_column_div av-zero-column-padding first  avia-builder-el-4  el_after_av_one_full  el_before_av_hr  column-top-margin\" style='border-radius:0px; '><section class=\"av_textblock_section \"  itemscope=\"itemscope\" itemtype=\"https:\/\/schema.org\/BlogPosting\" itemprop=\"blogPost\" ><div class='avia_textblock  '   itemprop=\"text\" ><p style=\"text-align: justify;\"><em>Realizo una presentaci\u00f3n ante la Superintendencia de Electricidad y Combustibles (SEC) para plantear la inquietud.\u00a0\u00a0<\/em><\/p>\n<p style=\"text-align: justify;\">La concejala por Chile Chico, Angela Valdebenito, realiz\u00f3 una presentaci\u00f3n ante la Superintendencia de Electricidad y Combustibles (SEC) ante las reiteradas alzas de las tarifas el\u00e9ctricas en la comuna.<\/p>\n<p style=\"text-align: justify;\">\u201cVenimos a exponer la situaci\u00f3n que se est\u00e1 viviendo\u201d, se\u00f1al\u00f3 ante la preocupaci\u00f3n que existe por este tema entre los vecinos. \u201cSi bien hoy no est\u00e1 expl\u00edcitamente consagrado como derecho fundamental en la Constituci\u00f3n, el acceso universal al agua y la luz se ha convertido en un principio ampliamente aceptado y defendido por los diversos actores sociales y pol\u00edticos en Chile\u201d, puntualizado que es por eso \u201cque se apela a garantizarlo a trav\u00e9s de diversas pol\u00edticas p\u00fablicas y mecanismos de desarrollo social\u201d.<\/p>\n<p style=\"text-align: justify;\">Valdebenito dijo que, si bien existen mecanismos de regularizaci\u00f3n en caso de mora, \u201cen una econom\u00eda baja, donde el desempleo afecta fuertemente a nuestra poblaci\u00f3n local, muchas veces no se puede acceder a tales opciones que la empresa puede otorgar\u201d.<\/p>\n<p style=\"text-align: justify;\">En esa l\u00ednea, agreg\u00f3 que es fundamental se tenga en consideraci\u00f3n la realidad local y \u201cnos puedan ayudar a buscar v\u00edas que otorguen un camino de salida favorable a esta situaci\u00f3n tan lamentable\u201d.<\/p>\n<p style=\"text-align: justify;\">La representante comunal dijo que \u201cesto debe regularse\u201d, insistiendo en su preocupaci\u00f3n sobre el tema.<\/p>\n<p style=\"text-align: justify;\">Sobre lo mismo, record\u00f3 que hoy est\u00e1 en tr\u00e1mite el proyecto de ley que perfecciona los sistemas medianos de generacion. \u201cEsperamos que dentro de lo que sea posible, los plazos y las voluntades pol\u00edticas pueda llevarse a cabo la votaci\u00f3n para que podamos de alguna forma ir incrementando las soluciones para nuestros vecinos\u201d, subray\u00f3.<\/p>\n<p style=\"text-align: justify;\">Finalmente, dijo que la presentaci\u00f3n tambi\u00e9n fue remitida a la empresa el\u00e9ctrica Edelaysen para de esa manera \u201cestablecer que los cobros sean los apropiados\u201d, y as\u00ed poder corregir \u201cel cobro excesivo que han presentado nuestros vecinos de Chile Chico\u201d.<\/p>\n<\/div><\/section><\/div><div  style='height:50px' class='hr hr-invisible   avia-builder-el-6  el_after_av_one_full  el_before_av_social_share '><span class='hr-inner ' ><span class='hr-inner-style'><\/span><\/span><\/div><\/p>\n<div  class='av-social-sharing-box  avia-builder-el-7  el_after_av_hr  el_before_av_hr  '><div class='av-share-box'><h5 class='av-share-link-description av-no-toc '>Compartir esta noticia<\/h5><ul class='av-share-box-list noLightbox'><li class='av-share-link av-social-link-facebook' ><a target=\"_blank\" aria-label=\"Compartir en Facebook\" href='https:\/\/www.facebook.com\/sharer.php?u=https:\/\/radiorevelacionfm.cl\/?p=58424&#038;t=Chile%20Chico%3A%20Concejala%20Angela%20Valdebenito%20cuestiona%20y%20lamenta%20alzas%20reiteradas%20de%20las%20tarifas%20el%C3%A9ctricas' aria-hidden='false' data-av_icon='\ue8f3' data-av_iconfont='entypo-fontello' title='' data-avia-related-tooltip='Compartir en Facebook' rel=\"noopener\"><span class='avia_hidden_link_text'>Compartir en Facebook<\/span><\/a><\/li><li class='av-share-link av-social-link-twitter' ><a target=\"_blank\" aria-label=\"Compartir en Twitter\" href='https:\/\/twitter.com\/share?text=Chile%20Chico%3A%20Concejala%20Angela%20Valdebenito%20cuestiona%20y%20lamenta%20alzas%20reiteradas%20de%20las%20tarifas%20el%C3%A9ctricas&#038;url=https:\/\/radiorevelacionfm.cl\/?p=58424' aria-hidden='false' data-av_icon='\ue8f1' data-av_iconfont='entypo-fontello' title='' data-avia-related-tooltip='Compartir en Twitter' rel=\"noopener\"><span class='avia_hidden_link_text'>Compartir en Twitter<\/span><\/a><\/li><li class='av-share-link av-social-link-whatsapp' ><a target=\"_blank\" aria-label=\"Compartir en Whatsapp\" href='https:\/\/api.whatsapp.com\/send?text=https:\/\/radiorevelacionfm.cl\/?p=58424' aria-hidden='false' data-av_icon='\uf232' data-av_iconfont='entypo-fontello' title='' data-avia-related-tooltip='Compartir en Whatsapp' rel=\"noopener\"><span class='avia_hidden_link_text'>Compartir en Whatsapp<\/span><\/a><\/li><li class='av-share-link av-social-link-linkedin' ><a target=\"_blank\" aria-label=\"Compartir en LinkedIn\" href='https:\/\/linkedin.com\/shareArticle?mini=true&#038;title=Chile%20Chico%3A%20Concejala%20Angela%20Valdebenito%20cuestiona%20y%20lamenta%20alzas%20reiteradas%20de%20las%20tarifas%20el%C3%A9ctricas&#038;url=https:\/\/radiorevelacionfm.cl\/?p=58424' aria-hidden='false' data-av_icon='\ue8fc' data-av_iconfont='entypo-fontello' title='' data-avia-related-tooltip='Compartir en LinkedIn' rel=\"noopener\"><span class='avia_hidden_link_text'>Compartir en LinkedIn<\/span><\/a><\/li><li class='av-share-link av-social-link-mail' ><a  aria-label=\"Compartir por correo\" href='mailto:?subject=Chile%20Chico%3A%20Concejala%20Angela%20Valdebenito%20cuestiona%20y%20lamenta%20alzas%20reiteradas%20de%20las%20tarifas%20el%C3%A9ctricas&#038;body=https:\/\/radiorevelacionfm.cl\/?p=58424' aria-hidden='false' data-av_icon='\ue805' data-av_iconfont='entypo-fontello' title='' data-avia-related-tooltip='Compartir por correo'><span class='avia_hidden_link_text'>Compartir por correo<\/span><\/a><\/li><\/ul><\/div><\/div>\n<div  style='height:50px' class='hr hr-invisible   avia-builder-el-8  el_after_av_social_share  el_before_av_comments_list '><span class='hr-inner ' ><span class='hr-inner-style'><\/span><\/span><\/div>\n<div  class='av-buildercomment  av-blog-meta-html-info-disabled av-blog-meta-tag-disabled  '><\/div>\n","protected":false},"excerpt":{"rendered":"","protected":false},"author":1,"featured_media":19328,"comment_status":"closed","ping_status":"closed","sticky":false,"template":"","format":"standard","meta":{"footnotes":""},"categories":[35],"tags":[],"class_list":["post-58424","post","type-post","status-publish","format-standard","has-post-thumbnail","hentry","category-politica"],"jetpack_featured_media_url":"https:\/\/radiorevelacionfm.cl\/wp-content\/uploads\/2022\/07\/chile-chico-conectividad-1_optimized.jpg","_links":{"self":[{"href":"https:\/\/radiorevelacionfm.cl\/index.php?rest_route=\/wp\/v2\/posts\/58424","targetHints":{"allow":["GET"]}}],"collection":[{"href":"https:\/\/radiorevelacionfm.cl\/index.php?rest_route=\/wp\/v2\/posts"}],"about":[{"href":"https:\/\/radiorevelacionfm.cl\/index.php?rest_route=\/wp\/v2\/types\/post"}],"author":[{"embeddable":true,"href":"https:\/\/radiorevelacionfm.cl\/index.php?rest_route=\/wp\/v2\/users\/1"}],"replies":[{"embeddable":true,"href":"https:\/\/radiorevelacionfm.cl\/index.php?rest_route=%2Fwp%2Fv2%2Fcomments&post=58424"}],"version-history":[{"count":2,"href":"https:\/\/radiorevelacionfm.cl\/index.php?rest_route=\/wp\/v2\/posts\/58424\/revisions"}],"predecessor-version":[{"id":58436,"href":"https:\/\/radiorevelacionfm.cl\/index.php?rest_route=\/wp\/v2\/posts\/58424\/revisions\/58436"}],"wp:featuredmedia":[{"embeddable":true,"href":"https:\/\/radiorevelacionfm.cl\/index.php?rest_route=\/wp\/v2\/media\/19328"}],"wp:attachment":[{"href":"https:\/\/radiorevelacionfm.cl\/index.php?rest_route=%2Fwp%2Fv2%2Fmedia&parent=58424"}],"wp:term":[{"taxonomy":"category","embeddable":true,"href":"https:\/\/radiorevelacionfm.cl\/index.php?rest_route=%2Fwp%2Fv2%2Fcategories&post=58424"},{"taxonomy":"post_tag","embeddable":true,"href":"https:\/\/radiorevelacionfm.cl\/index.php?rest_route=%2Fwp%2Fv2%2Ftags&post=58424"}],"curies":[{"name":"wp","href":"https:\/\/api.w.org\/{rel}","templated":true}]}}