{"id":5842,"date":"2021-07-01T20:03:20","date_gmt":"2021-07-01T23:03:20","guid":{"rendered":"https:\/\/radiorevelacionfm.cl\/?p=5842"},"modified":"2021-07-01T20:03:20","modified_gmt":"2021-07-01T23:03:20","slug":"este-viernes-cierra-la-feria-laboral-de-sence-aysen","status":"publish","type":"post","link":"https:\/\/radiorevelacionfm.cl\/?p=5842","title":{"rendered":"Este viernes cierra la Feria Laboral de Sence Ays\u00e9n"},"content":{"rendered":"<div class=\"flex_column av_one_full  flex_column_div av-zero-column-padding first  avia-builder-el-0  el_before_av_one_full  avia-builder-el-first  \" style='border-radius:0px; '><div  class='avia-image-container  av-styling-    avia-builder-el-1  avia-builder-el-no-sibling  avia-align-center '  itemprop=\"image\" itemscope=\"itemscope\" itemtype=\"https:\/\/schema.org\/ImageObject\"  ><div class='avia-image-container-inner'><div class='avia-image-overlay-wrap'><img decoding=\"async\" class='wp-image-0 avia-img-lazy-loading-not-0 avia_image' src=\"https:\/\/radiorevelacionfm.cl\/wp-content\/uploads\/2021\/07\/FeriaLab_SenceAysen_1-1.jpg\" alt='' title=''   itemprop=\"thumbnailUrl\"  \/><\/div><\/div><\/div><\/div><div class=\"flex_column av_one_full  flex_column_div av-zero-column-padding first  avia-builder-el-2  el_after_av_one_full  el_before_av_one_full  column-top-margin\" style='border-radius:0px; '><section class=\"av_textblock_section \"  itemscope=\"itemscope\" itemtype=\"https:\/\/schema.org\/BlogPosting\" itemprop=\"blogPost\" ><div class='avia_textblock  '   itemprop=\"text\" ><p style=\"text-align: center;\"><strong><span style=\"font-size: 18pt;\">Este viernes cierra la Feria Laboral de Sence Ays\u00e9n<\/span><\/strong><\/p>\n<div id=\"gtx-trans\" style=\"position: absolute; left: -50px; top: 4.31534px;\">\n<div class=\"gtx-trans-icon\"><\/div>\n<\/div>\n<\/div><\/section><\/div><div class=\"flex_column av_one_full  flex_column_div av-zero-column-padding first  avia-builder-el-4  el_after_av_one_full  el_before_av_hr  column-top-margin\" style='border-radius:0px; '><section class=\"av_textblock_section \"  itemscope=\"itemscope\" itemtype=\"https:\/\/schema.org\/BlogPosting\" itemprop=\"blogPost\" ><div class='avia_textblock  '   itemprop=\"text\" ><p class=\"v1MsoNormal\" style=\"text-align: justify;\"><span lang=\"ES-TRAD\">Gran inter\u00e9s por conocer la Feria Laboral Virtual del Servicio Nacional de Capacitaci\u00f3n y Empleo, Sence, en la Regi\u00f3n de Ays\u00e9n, se ha demostrado en la cantidad de personas que han visitado el portal, postulando ya m\u00e1s de 100 personas a los m\u00e1s de 300 cupos que se est\u00e1n ofreciendo.<\/span><\/p>\n<p class=\"v1MsoNormal\" style=\"text-align: justify;\"><span lang=\"ES-TRAD\">\u00abQueremos reforzar el llamado a todos los trabajadores y trabajadoras para que postulen a esta Feria Laboral Virtual que est\u00e1n desarrollando Sence Ays\u00e9n. Tenemos que recuperarnos y como comunidad recuperar los empleos que se han perdido debido a la pandemia, cumpliendo con todas las normas sanitarias y protocolos. Son 13 las empresas que est\u00e1n ofreciendo trabajos en la regi\u00f3n y eso es una gran noticia. A trav\u00e9s de Sence como Gobierno, estamos haciendo un gran esfuerzo por apoyar la reactivaci\u00f3n econ\u00f3mica. Volvemos a repetir a quienes podr\u00edan tener un temor de postular ya que creen que perder\u00e1n beneficios: les confirmo que estos trabajos son compatibles con recibir el Ingreso Familiar de Emergencia, IFE Universal y, adem\u00e1s, pueden sumar el monto que entregan los Subsidios al Empleo de Sence, a trav\u00e9s del Subsidio al Nuevo Empleo y si es mujer o cuidadora de un ni\u00f1o\/a menor de 2 a\u00f1os, puede tambi\u00e9n recibir el Subsidio Protege. Todos se suman y son compatibles entre s\u00ed. Esta es una manera de recuperarnos como regi\u00f3n y aportar a las familias, con trabajo estable, ya que en la Regi\u00f3n de Ays\u00e9n s\u00ed hay trabajo disponible, sobre todo en los sectores de pesca, construcci\u00f3n y comercio. Aprovechen esta oportunidad\u00bb.<\/span><\/p>\n<p class=\"v1MsoNormal\" style=\"text-align: justify;\"><span lang=\"ES-TRAD\">La Feria Laboral Virtual \u00ab#Aqu\u00edHayOfertas\u00bb es ejecutada por Sence, en colaboraci\u00f3n con la Bolsa Nacional de Empleo. Las postulaci\u00f3n abrieron el 29 de julio y son hasta este viernes, 02 de julio a las 23:59 hrs. a trav\u00e9s de\u00a0<\/span><a href=\"http:\/\/www.sence.cl\/\" target=\"_blank\" rel=\"noopener noreferrer\"><span lang=\"ES-TRAD\">www.sence.cl<\/span><\/a><span lang=\"ES-TRAD\">\u00a0y en la plataforma de empleo\u00a0<\/span><a href=\"http:\/\/www.bne.cl\/\" target=\"_blank\" rel=\"noopener noreferrer\"><span lang=\"ES-TRAD\">www.bne.cl<\/span><\/a><span lang=\"ES-TRAD\">.<\/span><\/p>\n<p class=\"v1MsoNormal\" style=\"text-align: justify;\"><span lang=\"ES-TRAD\">De ello entreg\u00f3 detalles la directora regional del SENCE Ays\u00e9n, Katherine Kingma,\u00a0<\/span><span lang=\"ES\">\u00abQuiero extender nuevamente la invitaci\u00f3n a quienes est\u00e9n interesados en buscar un trabajo, a revisar nuestra p\u00e1gina web\u00a0<\/span><a href=\"http:\/\/www.sence.cl\/\" target=\"_blank\" rel=\"noopener noreferrer\"><span lang=\"ES\">www.sence.cl<\/span><\/a><span lang=\"ES\">,<\/span><span lang=\"ES\">\u00a0ah\u00ed deben ingresar al link \u00abconoce nuestras ferias laborales\u00bb e ingresar a la feria laboral de Ays\u00e9n. Si no tienen cuenta en la BNE, deben registrase y despu\u00e9s podr\u00e1n postular a los trabajos que les interesen. Se\u00f1alar, que si desean postular a m\u00e1s de un trabajo lo pueden hacer, ya que no impide que puedan postular a todos los trabajos que les interesen. Destacar tambi\u00e9n las postulaciones al d\u00eda de hoy, llevamos una gran cantidad de visitas y m\u00e1s de 100 postulaciones a empleos, lo que nos pone muy contentos como Instituci\u00f3n, por lo tanto, les invito a visitar nuestro sitio web y a postular, ya que hay plazo hasta este viernes 02 de julio a las 23:59 horas\u00bb concluy\u00f3 la directora regional.<\/span><\/p>\n<p class=\"v1MsoNormal\" style=\"text-align: justify;\"><b><u><span lang=\"ES-TRAD\">Postulaciones en l\u00ednea<\/span><\/u><\/b><\/p>\n<p class=\"v1MsoNormal\" style=\"text-align: justify;\"><span lang=\"ES-TRAD\">Entre los perfiles de empleo que se ofrecen est\u00e1n de jefes de terreno, operarios, bodegueros, Ingenieros e ingenieras electricistas, Prevencionista de riesgo, entre otros, y los rubros a los que se pueden postular est\u00e1n en las \u00e1reas de salmonicultura, construcci\u00f3n, recursos humanos, servicios, log\u00edstica, por mencionar algunos.<\/span><\/p>\n<p class=\"v1MsoNormal\" style=\"text-align: justify;\"><span lang=\"ES-TRAD\">Los interesados deben tener una cuenta en el portal BNE.cl. Quienes tengan que crearse una deben ingresar al sitio de la plataforma\u00a0<\/span><a href=\"https:\/\/www.bne.cl\/registro\/clave\" target=\"_blank\" rel=\"noopener noreferrer\"><span lang=\"ES-TRAD\">https:\/\/www.bne.cl\/registro\/clave<\/span><\/a><span lang=\"ES-TRAD\">\u00a0o a\u00a0<\/span><a href=\"https:\/\/www.bne.cl\/feria-laboral\/region-de-Aysen\" target=\"_blank\" rel=\"noopener noreferrer\"><span lang=\"ES-TRAD\">https:\/\/www.bne.cl\/feria-laboral\/region-de-Aysen<\/span><\/a><span lang=\"ES-TRAD\">\u00a0y completar todos los datos solicitados para contar con un buen curr\u00edculum, que es el documento que se usar\u00e1 para las postulaciones de esta feria.<\/span><\/p>\n<p class=\"v1MsoNormal\" style=\"text-align: justify;\"><span lang=\"ES-TRAD\">Quienes no cuenten con computador y deseen postular, pueden acercarse a las Oficinas de Intermediaci\u00f3n Laboral (OMIL) de las Municipalidades, en donde los guiar\u00e1n en el proceso de postulaci\u00f3n.\u00a0<\/span><\/p>\n<\/div><\/section><\/div><div  style='height:50px' class='hr hr-invisible   avia-builder-el-6  el_after_av_one_full  el_before_av_social_share '><span class='hr-inner ' ><span class='hr-inner-style'><\/span><\/span><\/div><\/p>\n<div  class='av-social-sharing-box  avia-builder-el-7  el_after_av_hr  el_before_av_hr  '><div class='av-share-box'><h5 class='av-share-link-description av-no-toc '>Compartir esta noticia<\/h5><ul class='av-share-box-list noLightbox'><li class='av-share-link av-social-link-facebook' ><a target=\"_blank\" aria-label=\"Compartir en Facebook\" href='https:\/\/www.facebook.com\/sharer.php?u=https:\/\/radiorevelacionfm.cl\/?p=5842&#038;t=Este%20viernes%20cierra%20la%20Feria%20Laboral%20de%20Sence%20Ays%C3%A9n' aria-hidden='false' data-av_icon='\ue8f3' data-av_iconfont='entypo-fontello' title='' data-avia-related-tooltip='Compartir en Facebook' rel=\"noopener\"><span class='avia_hidden_link_text'>Compartir en Facebook<\/span><\/a><\/li><li class='av-share-link av-social-link-twitter' ><a target=\"_blank\" aria-label=\"Compartir en Twitter\" href='https:\/\/twitter.com\/share?text=Este%20viernes%20cierra%20la%20Feria%20Laboral%20de%20Sence%20Ays%C3%A9n&#038;url=https:\/\/radiorevelacionfm.cl\/?p=5842' aria-hidden='false' data-av_icon='\ue8f1' data-av_iconfont='entypo-fontello' title='' data-avia-related-tooltip='Compartir en Twitter' rel=\"noopener\"><span class='avia_hidden_link_text'>Compartir en Twitter<\/span><\/a><\/li><li class='av-share-link av-social-link-whatsapp' ><a target=\"_blank\" aria-label=\"Compartir en Whatsapp\" href='https:\/\/api.whatsapp.com\/send?text=https:\/\/radiorevelacionfm.cl\/?p=5842' aria-hidden='false' data-av_icon='\uf232' data-av_iconfont='entypo-fontello' title='' data-avia-related-tooltip='Compartir en Whatsapp' rel=\"noopener\"><span class='avia_hidden_link_text'>Compartir en Whatsapp<\/span><\/a><\/li><li class='av-share-link av-social-link-linkedin' ><a target=\"_blank\" aria-label=\"Compartir en LinkedIn\" href='https:\/\/linkedin.com\/shareArticle?mini=true&#038;title=Este%20viernes%20cierra%20la%20Feria%20Laboral%20de%20Sence%20Ays%C3%A9n&#038;url=https:\/\/radiorevelacionfm.cl\/?p=5842' aria-hidden='false' data-av_icon='\ue8fc' data-av_iconfont='entypo-fontello' title='' data-avia-related-tooltip='Compartir en LinkedIn' rel=\"noopener\"><span class='avia_hidden_link_text'>Compartir en LinkedIn<\/span><\/a><\/li><li class='av-share-link av-social-link-mail' ><a  aria-label=\"Compartir por correo\" href='mailto:?subject=Este%20viernes%20cierra%20la%20Feria%20Laboral%20de%20Sence%20Ays%C3%A9n&#038;body=https:\/\/radiorevelacionfm.cl\/?p=5842' aria-hidden='false' data-av_icon='\ue805' data-av_iconfont='entypo-fontello' title='' data-avia-related-tooltip='Compartir por correo'><span class='avia_hidden_link_text'>Compartir por correo<\/span><\/a><\/li><\/ul><\/div><\/div>\n<div  style='height:50px' class='hr hr-invisible   avia-builder-el-8  el_after_av_social_share  el_before_av_comments_list '><span class='hr-inner ' ><span class='hr-inner-style'><\/span><\/span><\/div>\n<div  class='av-buildercomment  av-blog-meta-html-info-disabled av-blog-meta-tag-disabled  '><\/div>\n","protected":false},"excerpt":{"rendered":"","protected":false},"author":1,"featured_media":0,"comment_status":"open","ping_status":"open","sticky":false,"template":"","format":"standard","meta":{"footnotes":""},"categories":[56],"tags":[],"class_list":["post-5842","post","type-post","status-publish","format-standard","hentry","category-trabajo"],"jetpack_featured_media_url":"","_links":{"self":[{"href":"https:\/\/radiorevelacionfm.cl\/index.php?rest_route=\/wp\/v2\/posts\/5842","targetHints":{"allow":["GET"]}}],"collection":[{"href":"https:\/\/radiorevelacionfm.cl\/index.php?rest_route=\/wp\/v2\/posts"}],"about":[{"href":"https:\/\/radiorevelacionfm.cl\/index.php?rest_route=\/wp\/v2\/types\/post"}],"author":[{"embeddable":true,"href":"https:\/\/radiorevelacionfm.cl\/index.php?rest_route=\/wp\/v2\/users\/1"}],"replies":[{"embeddable":true,"href":"https:\/\/radiorevelacionfm.cl\/index.php?rest_route=%2Fwp%2Fv2%2Fcomments&post=5842"}],"version-history":[{"count":1,"href":"https:\/\/radiorevelacionfm.cl\/index.php?rest_route=\/wp\/v2\/posts\/5842\/revisions"}],"predecessor-version":[{"id":5844,"href":"https:\/\/radiorevelacionfm.cl\/index.php?rest_route=\/wp\/v2\/posts\/5842\/revisions\/5844"}],"wp:attachment":[{"href":"https:\/\/radiorevelacionfm.cl\/index.php?rest_route=%2Fwp%2Fv2%2Fmedia&parent=5842"}],"wp:term":[{"taxonomy":"category","embeddable":true,"href":"https:\/\/radiorevelacionfm.cl\/index.php?rest_route=%2Fwp%2Fv2%2Fcategories&post=5842"},{"taxonomy":"post_tag","embeddable":true,"href":"https:\/\/radiorevelacionfm.cl\/index.php?rest_route=%2Fwp%2Fv2%2Ftags&post=5842"}],"curies":[{"name":"wp","href":"https:\/\/api.w.org\/{rel}","templated":true}]}}