{"id":58419,"date":"2025-08-28T14:56:53","date_gmt":"2025-08-28T17:56:53","guid":{"rendered":"https:\/\/radiorevelacionfm.cl\/?p=58419"},"modified":"2025-08-28T14:56:53","modified_gmt":"2025-08-28T17:56:53","slug":"dupla-educativa-de-coyhaique-clasifica-a-la-gran-final-para-ganar-un-viaje-al-centro-espacial-de-inglaterra","status":"publish","type":"post","link":"https:\/\/radiorevelacionfm.cl\/?p=58419","title":{"rendered":"Dupla educativa de Coyhaique clasifica a la gran final para ganar un viaje al Centro Espacial de Inglaterra"},"content":{"rendered":"<div class=\"flex_column av_one_full  flex_column_div av-zero-column-padding first  avia-builder-el-0  el_before_av_one_full  avia-builder-el-first  \" style='border-radius:0px; '><div  class='avia-image-container  av-styling-    avia-builder-el-1  avia-builder-el-no-sibling  avia-align-center '  itemprop=\"image\" itemscope=\"itemscope\" itemtype=\"https:\/\/schema.org\/ImageObject\"  ><div class='avia-image-container-inner'><div class='avia-image-overlay-wrap'><img decoding=\"async\" class='wp-image-58420 avia-img-lazy-loading-not-58420 avia_image' src=\"https:\/\/radiorevelacionfm.cl\/wp-content\/uploads\/2025\/08\/Karen-Bustamante-Lorena-Vidal-1-1.jpeg\" alt='' title='Karen Bustamante - Lorena Vidal (1) (1)' height=\"665\" width=\"802\"  itemprop=\"thumbnailUrl\" srcset=\"https:\/\/radiorevelacionfm.cl\/wp-content\/uploads\/2025\/08\/Karen-Bustamante-Lorena-Vidal-1-1.jpeg 802w, https:\/\/radiorevelacionfm.cl\/wp-content\/uploads\/2025\/08\/Karen-Bustamante-Lorena-Vidal-1-1-300x249.jpeg 300w, https:\/\/radiorevelacionfm.cl\/wp-content\/uploads\/2025\/08\/Karen-Bustamante-Lorena-Vidal-1-1-768x637.jpeg 768w, https:\/\/radiorevelacionfm.cl\/wp-content\/uploads\/2025\/08\/Karen-Bustamante-Lorena-Vidal-1-1-705x585.jpeg 705w, https:\/\/radiorevelacionfm.cl\/wp-content\/uploads\/2025\/08\/Karen-Bustamante-Lorena-Vidal-1-1-450x373.jpeg 450w, https:\/\/radiorevelacionfm.cl\/wp-content\/uploads\/2025\/08\/Karen-Bustamante-Lorena-Vidal-1-1-600x498.jpeg 600w\" sizes=\"(max-width: 802px) 100vw, 802px\" \/><\/div><\/div><\/div><\/div><div class=\"flex_column av_one_full  flex_column_div av-zero-column-padding first  avia-builder-el-2  el_after_av_one_full  el_before_av_one_full  column-top-margin\" style='border-radius:0px; '><section class=\"av_textblock_section \"  itemscope=\"itemscope\" itemtype=\"https:\/\/schema.org\/BlogPosting\" itemprop=\"blogPost\" ><div class='avia_textblock  '   itemprop=\"text\" ><p style=\"text-align: center;\"><strong><span style=\"font-size: 18pt;\">Dupla educativa de Coyhaique clasifica a la gran final para ganar un viaje al Centro Espacial de Inglaterra<\/span><\/strong><\/p>\n<div id=\"gtx-trans\" style=\"position: absolute; left: -50px; top: 4.31534px;\">\n<div class=\"gtx-trans-icon\"><\/div>\n<\/div>\n<\/div><\/section><\/div><div class=\"flex_column av_one_full  flex_column_div av-zero-column-padding first  avia-builder-el-4  el_after_av_one_full  el_before_av_hr  column-top-margin\" style='border-radius:0px; '><section class=\"av_textblock_section \"  itemscope=\"itemscope\" itemtype=\"https:\/\/schema.org\/BlogPosting\" itemprop=\"blogPost\" ><div class='avia_textblock  '   itemprop=\"text\" ><p style=\"text-align: justify;\"><em>Gracias a su destacada labor promoviendo la asistencia a clases en educaci\u00f3n parvularia, Lorena Vidal y Karen Bustamante de la Escuela V\u00edctor Domingo Silva optar\u00e1n a ser parte de la delegaci\u00f3n del concurso Haz que Despeguen que viajar\u00e1 a Europa en enero de 2026. El sorteo se realizar\u00e1 el martes 9 de septiembre a las 12:30 horas. <\/em><\/p>\n<p style=\"text-align: justify;\">Luego de un proceso de revisi\u00f3n de antecedentes que permiti\u00f3 corroborar porcentajes de asistencia destacados en sus aulas, Fundaci\u00f3n Educacional Oportunidad dio a conocer el listado de las 16 duplas educativas finalistas del concurso Haz que Despeguen, el cual se realizar\u00e1 el martes 9 de septiembre a las 12:30 horas.<\/p>\n<p style=\"text-align: justify;\">Se trata de equipos pedag\u00f3gicos que ser\u00e1n parte del sorteo que determinar\u00e1 a las dos profesionales que se sumar\u00e1n a la delegaci\u00f3n de 16 ni\u00f1as y ni\u00f1os ganadores del concurso Haz que Despeguen que viajar\u00e1 a Europa en enero de 2026 para visitar el Centro Espacial Nacional de Inglaterra.<\/p>\n<p style=\"text-align: justify;\">En la regi\u00f3n de Ays\u00e9n, la dupla educativa seleccionada para la gran final del concurso est\u00e1 compuesta por Lorena Vidal (educadora de p\u00e1rvulos) y Karen Bustamante (asistente) que est\u00e1n a cargo del prek\u00ednder de la Escuela V\u00edctor Domingo Silva de Coyhaique. Ambas profesionales fueron seleccionadas por su compromiso ejemplar con la asistencia en la educaci\u00f3n parvularia, y ahora competir\u00e1n junto a otras 15 duplas de las otras regiones de Chile.<\/p>\n<p style=\"text-align: justify;\">Sobre la elecci\u00f3n como dupla finalista representando a la regi\u00f3n de Ays\u00e9n, Karen Bustamante, t\u00e9cnico en p\u00e1rvulos, se\u00f1al\u00f3 que \u201cconsider\u00e9 que ser\u00eda una experiencia enriquecedora ganar el premio, ya que nos brindar\u00eda la oportunidad de adquirir saberes y herramientas que podr\u00edamos aplicar posteriormente en el aula, contribuyendo as\u00ed a una ense\u00f1anza m\u00e1s significativa de los p\u00e1rvulos\u201d.<\/p>\n<p style=\"text-align: justify;\">Lorena Vidal a\u00f1adi\u00f3 que \u201cpostulamos porque nos pareci\u00f3 una iniciativa que reconoce la importancia de la asistencia escolar con un viaje educativo y el enfoque positivo que tiene el concurso, ya que busca incentivar a las ni\u00f1as y ni\u00f1os para que no falten a clases, reforzando as\u00ed su compromiso con la educaci\u00f3n desde temprana edad\u201d.<\/p>\n<p style=\"text-align: justify;\">Por su parte, la directora ejecutiva de Fundaci\u00f3n Educacional Oportunidad, Mar\u00eda de la Luz Gonz\u00e1lez, a\u00f1adi\u00f3 que \u201clas duplas educativas son el coraz\u00f3n del aula. Son quienes motivan, acompa\u00f1an y sostienen d\u00eda a d\u00eda la experiencia de aprender en la infancia. Por eso, reconocer su trabajo y darles la posibilidad de vivir una experiencia \u00fanica como esta es un acto de justicia y celebraci\u00f3n\u201d.<\/p>\n<p style=\"text-align: justify;\"><strong>\u00a0<\/strong><\/p>\n<p style=\"text-align: justify;\"><strong>\u00a0<\/strong><\/p>\n<\/div><\/section><\/div><div  style='height:50px' class='hr hr-invisible   avia-builder-el-6  el_after_av_one_full  el_before_av_social_share '><span class='hr-inner ' ><span class='hr-inner-style'><\/span><\/span><\/div><\/p>\n<div  class='av-social-sharing-box  avia-builder-el-7  el_after_av_hr  el_before_av_hr  '><div class='av-share-box'><h5 class='av-share-link-description av-no-toc '>Compartir esta noticia<\/h5><ul class='av-share-box-list noLightbox'><li class='av-share-link av-social-link-facebook' ><a target=\"_blank\" aria-label=\"Compartir en Facebook\" href='https:\/\/www.facebook.com\/sharer.php?u=https:\/\/radiorevelacionfm.cl\/?p=58419&#038;t=Dupla%20educativa%20de%20Coyhaique%20clasifica%20a%20la%20gran%20final%20para%20ganar%20un%20viaje%20al%20Centro%20Espacial%20de%20Inglaterra' aria-hidden='false' data-av_icon='\ue8f3' data-av_iconfont='entypo-fontello' title='' data-avia-related-tooltip='Compartir en Facebook' rel=\"noopener\"><span class='avia_hidden_link_text'>Compartir en Facebook<\/span><\/a><\/li><li class='av-share-link av-social-link-twitter' ><a target=\"_blank\" aria-label=\"Compartir en Twitter\" href='https:\/\/twitter.com\/share?text=Dupla%20educativa%20de%20Coyhaique%20clasifica%20a%20la%20gran%20final%20para%20ganar%20un%20viaje%20al%20Centro%20Espacial%20de%20Inglaterra&#038;url=https:\/\/radiorevelacionfm.cl\/?p=58419' aria-hidden='false' data-av_icon='\ue8f1' data-av_iconfont='entypo-fontello' title='' data-avia-related-tooltip='Compartir en Twitter' rel=\"noopener\"><span class='avia_hidden_link_text'>Compartir en Twitter<\/span><\/a><\/li><li class='av-share-link av-social-link-whatsapp' ><a target=\"_blank\" aria-label=\"Compartir en Whatsapp\" href='https:\/\/api.whatsapp.com\/send?text=https:\/\/radiorevelacionfm.cl\/?p=58419' aria-hidden='false' data-av_icon='\uf232' data-av_iconfont='entypo-fontello' title='' data-avia-related-tooltip='Compartir en Whatsapp' rel=\"noopener\"><span class='avia_hidden_link_text'>Compartir en Whatsapp<\/span><\/a><\/li><li class='av-share-link av-social-link-linkedin' ><a target=\"_blank\" aria-label=\"Compartir en LinkedIn\" href='https:\/\/linkedin.com\/shareArticle?mini=true&#038;title=Dupla%20educativa%20de%20Coyhaique%20clasifica%20a%20la%20gran%20final%20para%20ganar%20un%20viaje%20al%20Centro%20Espacial%20de%20Inglaterra&#038;url=https:\/\/radiorevelacionfm.cl\/?p=58419' aria-hidden='false' data-av_icon='\ue8fc' data-av_iconfont='entypo-fontello' title='' data-avia-related-tooltip='Compartir en LinkedIn' rel=\"noopener\"><span class='avia_hidden_link_text'>Compartir en LinkedIn<\/span><\/a><\/li><li class='av-share-link av-social-link-mail' ><a  aria-label=\"Compartir por correo\" href='mailto:?subject=Dupla%20educativa%20de%20Coyhaique%20clasifica%20a%20la%20gran%20final%20para%20ganar%20un%20viaje%20al%20Centro%20Espacial%20de%20Inglaterra&#038;body=https:\/\/radiorevelacionfm.cl\/?p=58419' aria-hidden='false' data-av_icon='\ue805' data-av_iconfont='entypo-fontello' title='' data-avia-related-tooltip='Compartir por correo'><span class='avia_hidden_link_text'>Compartir por correo<\/span><\/a><\/li><\/ul><\/div><\/div>\n<div  style='height:50px' class='hr hr-invisible   avia-builder-el-8  el_after_av_social_share  el_before_av_comments_list '><span class='hr-inner ' ><span class='hr-inner-style'><\/span><\/span><\/div>\n<div  class='av-buildercomment  av-blog-meta-html-info-disabled av-blog-meta-tag-disabled  '><\/div>\n","protected":false},"excerpt":{"rendered":"","protected":false},"author":1,"featured_media":58420,"comment_status":"closed","ping_status":"closed","sticky":false,"template":"","format":"standard","meta":{"footnotes":""},"categories":[38],"tags":[],"class_list":["post-58419","post","type-post","status-publish","format-standard","has-post-thumbnail","hentry","category-regional"],"jetpack_featured_media_url":"https:\/\/radiorevelacionfm.cl\/wp-content\/uploads\/2025\/08\/Karen-Bustamante-Lorena-Vidal-1-1.jpeg","_links":{"self":[{"href":"https:\/\/radiorevelacionfm.cl\/index.php?rest_route=\/wp\/v2\/posts\/58419","targetHints":{"allow":["GET"]}}],"collection":[{"href":"https:\/\/radiorevelacionfm.cl\/index.php?rest_route=\/wp\/v2\/posts"}],"about":[{"href":"https:\/\/radiorevelacionfm.cl\/index.php?rest_route=\/wp\/v2\/types\/post"}],"author":[{"embeddable":true,"href":"https:\/\/radiorevelacionfm.cl\/index.php?rest_route=\/wp\/v2\/users\/1"}],"replies":[{"embeddable":true,"href":"https:\/\/radiorevelacionfm.cl\/index.php?rest_route=%2Fwp%2Fv2%2Fcomments&post=58419"}],"version-history":[{"count":2,"href":"https:\/\/radiorevelacionfm.cl\/index.php?rest_route=\/wp\/v2\/posts\/58419\/revisions"}],"predecessor-version":[{"id":58422,"href":"https:\/\/radiorevelacionfm.cl\/index.php?rest_route=\/wp\/v2\/posts\/58419\/revisions\/58422"}],"wp:featuredmedia":[{"embeddable":true,"href":"https:\/\/radiorevelacionfm.cl\/index.php?rest_route=\/wp\/v2\/media\/58420"}],"wp:attachment":[{"href":"https:\/\/radiorevelacionfm.cl\/index.php?rest_route=%2Fwp%2Fv2%2Fmedia&parent=58419"}],"wp:term":[{"taxonomy":"category","embeddable":true,"href":"https:\/\/radiorevelacionfm.cl\/index.php?rest_route=%2Fwp%2Fv2%2Fcategories&post=58419"},{"taxonomy":"post_tag","embeddable":true,"href":"https:\/\/radiorevelacionfm.cl\/index.php?rest_route=%2Fwp%2Fv2%2Ftags&post=58419"}],"curies":[{"name":"wp","href":"https:\/\/api.w.org\/{rel}","templated":true}]}}