{"id":58415,"date":"2025-08-28T15:04:14","date_gmt":"2025-08-28T18:04:14","guid":{"rendered":"https:\/\/radiorevelacionfm.cl\/?p=58415"},"modified":"2025-08-28T15:04:14","modified_gmt":"2025-08-28T18:04:14","slug":"licitan-seis-servicios-de-continuidad-de-transporte-escolar-gratuito-en-aysen","status":"publish","type":"post","link":"https:\/\/radiorevelacionfm.cl\/?p=58415","title":{"rendered":"Licitan seis servicios de continuidad de Transporte Escolar Gratuito en Ays\u00e9n"},"content":{"rendered":"<div class=\"flex_column av_one_full  flex_column_div av-zero-column-padding first  avia-builder-el-0  el_before_av_one_full  avia-builder-el-first  \" style='border-radius:0px; '><div  class='avia-image-container  av-styling-    avia-builder-el-1  avia-builder-el-no-sibling  avia-align-center '  itemprop=\"image\" itemscope=\"itemscope\" itemtype=\"https:\/\/schema.org\/ImageObject\"  ><div class='avia-image-container-inner'><div class='avia-image-overlay-wrap'><img decoding=\"async\" class='wp-image-58417 avia-img-lazy-loading-not-58417 avia_image' src=\"https:\/\/radiorevelacionfm.cl\/wp-content\/uploads\/2025\/08\/Tte-Escolar-1-1.jpg\" alt='' title='Tte Escolar (1) (1)' height=\"600\" width=\"960\"  itemprop=\"thumbnailUrl\" srcset=\"https:\/\/radiorevelacionfm.cl\/wp-content\/uploads\/2025\/08\/Tte-Escolar-1-1.jpg 960w, https:\/\/radiorevelacionfm.cl\/wp-content\/uploads\/2025\/08\/Tte-Escolar-1-1-300x188.jpg 300w, https:\/\/radiorevelacionfm.cl\/wp-content\/uploads\/2025\/08\/Tte-Escolar-1-1-768x480.jpg 768w, https:\/\/radiorevelacionfm.cl\/wp-content\/uploads\/2025\/08\/Tte-Escolar-1-1-705x441.jpg 705w, https:\/\/radiorevelacionfm.cl\/wp-content\/uploads\/2025\/08\/Tte-Escolar-1-1-450x281.jpg 450w, https:\/\/radiorevelacionfm.cl\/wp-content\/uploads\/2025\/08\/Tte-Escolar-1-1-600x375.jpg 600w\" sizes=\"(max-width: 960px) 100vw, 960px\" \/><\/div><\/div><\/div><\/div><div class=\"flex_column av_one_full  flex_column_div av-zero-column-padding first  avia-builder-el-2  el_after_av_one_full  el_before_av_one_full  column-top-margin\" style='border-radius:0px; '><section class=\"av_textblock_section \"  itemscope=\"itemscope\" itemtype=\"https:\/\/schema.org\/BlogPosting\" itemprop=\"blogPost\" ><div class='avia_textblock  '   itemprop=\"text\" ><p style=\"text-align: center;\"><strong><span style=\"font-size: 18pt;\">Licitan seis servicios de continuidad de Transporte Escolar Gratuito en Ays\u00e9n<\/span><\/strong><\/p>\n<div id=\"gtx-trans\" style=\"position: absolute; left: -50px; top: 4.31534px;\">\n<div class=\"gtx-trans-icon\"><\/div>\n<\/div>\n<\/div><\/section><\/div><\/p>\n<div class=\"flex_column av_one_full  flex_column_div av-zero-column-padding first  avia-builder-el-4  el_after_av_one_full  el_before_av_hr  column-top-margin\" style='border-radius:0px; '><section class=\"av_textblock_section \"  itemscope=\"itemscope\" itemtype=\"https:\/\/schema.org\/BlogPosting\" itemprop=\"blogPost\" ><div class='avia_textblock  '   itemprop=\"text\" ><ul>\n<li style=\"text-align: justify;\"><em>Proceso estar\u00e1 vigente hasta el 11 de septiembre y beneficiar\u00e1 a 92 estudiantes provenientes de las comunas de Ays\u00e9n. Lago Verde y Chile Chico. Proceso se est\u00e1 replicando en todo el pa\u00eds permitiendo la renovaci\u00f3n de 292 recorridos de transporte escolar a lo largo de Chile.<\/em><\/li>\n<\/ul>\n<p style=\"text-align: justify;\">Ya est\u00e1 vigente el llamado para licitar 6 rutas de Transporte Escolar Gratuito en la Regi\u00f3n de Ays\u00e9n, proceso llevado a cabo desde el ministerio de Transportes y Telecomunicaciones (MTT) a trav\u00e9s de la Divisi\u00f3n de Transporte P\u00fablico Regional. Con este proceso se facilitar\u00e1 el acceso a la educaci\u00f3n a 92 estudiantes de las comunas de Ays\u00e9n, Lago Verde y Chile Chico por todo el a\u00f1o 2026. Los recorridos en licitaci\u00f3n son: Puerto Guadal \u2013 Puerto Bertrand &#8211; Cochrane, Puerto Guadal \u2013 Mall\u00edn Grande \u2013 Chile Chico, Sector Pangal &#8211; Puerto Ays\u00e9n, El Salto \u2013 Puerto Ays\u00e9n, Lago Verde \u2013 Coyhaique y Los Torreones \u2013 Puerto Ays\u00e9n.\u00a0 El proceso de recepci\u00f3n de ofertas para este primer proceso de licitaci\u00f3n se extender\u00e1 hasta el 11 de septiembre de 2025.<\/p>\n<p style=\"text-align: justify;\">El programa de Transporte Escolar Gratuito del MTT entrega un subsidio a quienes operan estos recorridos, garantizando a los alumnos y alumnas locomoci\u00f3n durante todo el a\u00f1o escolar sin costo econ\u00f3mico para sus familias. En Ays\u00e9n operan 18 recorridos der este tipo que benefician a un total de 508 escolares de zonas rurales y apartadas.<\/p>\n<p style=\"text-align: justify;\">El seremiTT Hans Zimmermann, hizo un llamado a los operadores de transporte regional a participar de esta convocatoria: \u201cInvitamos a los operadores de transporte a participar de los seis llamados a licitaci\u00f3n para transporte escolar que hemos publicado en\u00a0<a href=\"http:\/\/www.dtpr.gob.cl\/\" target=\"_blank\" rel=\"noopener\" data-saferedirecturl=\"https:\/\/www.google.com\/url?q=http:\/\/www.dtpr.gob.cl&amp;source=gmail&amp;ust=1756480116798000&amp;usg=AOvVaw08H3jrI88yalQQaSY55x3O\">www.dtpr.gob.cl<\/a>. A trav\u00e9s de estos servicios de transporte escolar, presentes en las comunas de Ays\u00e9n, Lago Verde y Chile Chico, vamos a beneficiar a 92 estudiantes que necesitan de estos servicios de transporte para acceder a la educaci\u00f3n. Esperamos contar con sus postulaciones y as\u00ed seguir reforzando juntos el transporte escolar y el transporte p\u00fablico de la regi\u00f3n de Ays\u00e9n\u201d.<\/p>\n<p style=\"text-align: justify;\">Este llamado se est\u00e1 haciendo a nivel nacional para proveer 292 servicios de Transporte Escolar Gratuito en las 16 regiones del pa\u00eds, para que m\u00e1s de 20 mil ni\u00f1os y ni\u00f1as de zonas aisladas y rurales de regiones tengan conectividad con sus colegios y liceos. Esto implica una inversi\u00f3n del MTT que supera los $1.300 millones de pesos mensuales.<\/p>\n<\/div><\/section><\/div>\n<div  style='height:50px' class='hr hr-invisible   avia-builder-el-6  el_after_av_one_full  el_before_av_social_share '><span class='hr-inner ' ><span class='hr-inner-style'><\/span><\/span><\/div>\n<div  class='av-social-sharing-box  avia-builder-el-7  el_after_av_hr  el_before_av_hr  '><div class='av-share-box'><h5 class='av-share-link-description av-no-toc '>Compartir esta noticia<\/h5><ul class='av-share-box-list noLightbox'><li class='av-share-link av-social-link-facebook' ><a target=\"_blank\" aria-label=\"Compartir en Facebook\" href='https:\/\/www.facebook.com\/sharer.php?u=https:\/\/radiorevelacionfm.cl\/?p=58415&#038;t=Licitan%20seis%20servicios%20de%20continuidad%20de%20Transporte%20Escolar%20Gratuito%20en%20Ays%C3%A9n' aria-hidden='false' data-av_icon='\ue8f3' data-av_iconfont='entypo-fontello' title='' data-avia-related-tooltip='Compartir en Facebook' rel=\"noopener\"><span class='avia_hidden_link_text'>Compartir en Facebook<\/span><\/a><\/li><li class='av-share-link av-social-link-twitter' ><a target=\"_blank\" aria-label=\"Compartir en Twitter\" href='https:\/\/twitter.com\/share?text=Licitan%20seis%20servicios%20de%20continuidad%20de%20Transporte%20Escolar%20Gratuito%20en%20Ays%C3%A9n&#038;url=https:\/\/radiorevelacionfm.cl\/?p=58415' aria-hidden='false' data-av_icon='\ue8f1' data-av_iconfont='entypo-fontello' title='' data-avia-related-tooltip='Compartir en Twitter' rel=\"noopener\"><span class='avia_hidden_link_text'>Compartir en Twitter<\/span><\/a><\/li><li class='av-share-link av-social-link-whatsapp' ><a target=\"_blank\" aria-label=\"Compartir en Whatsapp\" href='https:\/\/api.whatsapp.com\/send?text=https:\/\/radiorevelacionfm.cl\/?p=58415' aria-hidden='false' data-av_icon='\uf232' data-av_iconfont='entypo-fontello' title='' data-avia-related-tooltip='Compartir en Whatsapp' rel=\"noopener\"><span class='avia_hidden_link_text'>Compartir en Whatsapp<\/span><\/a><\/li><li class='av-share-link av-social-link-linkedin' ><a target=\"_blank\" aria-label=\"Compartir en LinkedIn\" href='https:\/\/linkedin.com\/shareArticle?mini=true&#038;title=Licitan%20seis%20servicios%20de%20continuidad%20de%20Transporte%20Escolar%20Gratuito%20en%20Ays%C3%A9n&#038;url=https:\/\/radiorevelacionfm.cl\/?p=58415' aria-hidden='false' data-av_icon='\ue8fc' data-av_iconfont='entypo-fontello' title='' data-avia-related-tooltip='Compartir en LinkedIn' rel=\"noopener\"><span class='avia_hidden_link_text'>Compartir en LinkedIn<\/span><\/a><\/li><li class='av-share-link av-social-link-mail' ><a  aria-label=\"Compartir por correo\" href='mailto:?subject=Licitan%20seis%20servicios%20de%20continuidad%20de%20Transporte%20Escolar%20Gratuito%20en%20Ays%C3%A9n&#038;body=https:\/\/radiorevelacionfm.cl\/?p=58415' aria-hidden='false' data-av_icon='\ue805' data-av_iconfont='entypo-fontello' title='' data-avia-related-tooltip='Compartir por correo'><span class='avia_hidden_link_text'>Compartir por correo<\/span><\/a><\/li><\/ul><\/div><\/div>\n<div  style='height:50px' class='hr hr-invisible   avia-builder-el-8  el_after_av_social_share  el_before_av_comments_list '><span class='hr-inner ' ><span class='hr-inner-style'><\/span><\/span><\/div>\n<div  class='av-buildercomment  av-blog-meta-html-info-disabled av-blog-meta-tag-disabled  '><\/div>\n","protected":false},"excerpt":{"rendered":"","protected":false},"author":1,"featured_media":58417,"comment_status":"closed","ping_status":"closed","sticky":false,"template":"","format":"standard","meta":{"footnotes":""},"categories":[59],"tags":[],"class_list":["post-58415","post","type-post","status-publish","format-standard","has-post-thumbnail","hentry","category-transporte"],"jetpack_featured_media_url":"https:\/\/radiorevelacionfm.cl\/wp-content\/uploads\/2025\/08\/Tte-Escolar-1-1.jpg","_links":{"self":[{"href":"https:\/\/radiorevelacionfm.cl\/index.php?rest_route=\/wp\/v2\/posts\/58415","targetHints":{"allow":["GET"]}}],"collection":[{"href":"https:\/\/radiorevelacionfm.cl\/index.php?rest_route=\/wp\/v2\/posts"}],"about":[{"href":"https:\/\/radiorevelacionfm.cl\/index.php?rest_route=\/wp\/v2\/types\/post"}],"author":[{"embeddable":true,"href":"https:\/\/radiorevelacionfm.cl\/index.php?rest_route=\/wp\/v2\/users\/1"}],"replies":[{"embeddable":true,"href":"https:\/\/radiorevelacionfm.cl\/index.php?rest_route=%2Fwp%2Fv2%2Fcomments&post=58415"}],"version-history":[{"count":3,"href":"https:\/\/radiorevelacionfm.cl\/index.php?rest_route=\/wp\/v2\/posts\/58415\/revisions"}],"predecessor-version":[{"id":58423,"href":"https:\/\/radiorevelacionfm.cl\/index.php?rest_route=\/wp\/v2\/posts\/58415\/revisions\/58423"}],"wp:featuredmedia":[{"embeddable":true,"href":"https:\/\/radiorevelacionfm.cl\/index.php?rest_route=\/wp\/v2\/media\/58417"}],"wp:attachment":[{"href":"https:\/\/radiorevelacionfm.cl\/index.php?rest_route=%2Fwp%2Fv2%2Fmedia&parent=58415"}],"wp:term":[{"taxonomy":"category","embeddable":true,"href":"https:\/\/radiorevelacionfm.cl\/index.php?rest_route=%2Fwp%2Fv2%2Fcategories&post=58415"},{"taxonomy":"post_tag","embeddable":true,"href":"https:\/\/radiorevelacionfm.cl\/index.php?rest_route=%2Fwp%2Fv2%2Ftags&post=58415"}],"curies":[{"name":"wp","href":"https:\/\/api.w.org\/{rel}","templated":true}]}}