{"id":58409,"date":"2025-08-29T10:41:15","date_gmt":"2025-08-29T13:41:15","guid":{"rendered":"https:\/\/radiorevelacionfm.cl\/?p=58409"},"modified":"2025-08-29T10:41:15","modified_gmt":"2025-08-29T13:41:15","slug":"en-el-marco-de-acciones-a-desarrollar-en-el-corto-plazo-mesa-regional-de-genero-del-sector-justicia-realizara-diversas-actividades-en-el-litoral-y-zona-norte-de-la-region","status":"publish","type":"post","link":"https:\/\/radiorevelacionfm.cl\/?p=58409","title":{"rendered":"En el marco de acciones a desarrollar en el corto plazo: Mesa Regional de G\u00e9nero del sector Justicia realizar\u00e1 diversas actividades en el litoral y zona norte de la regi\u00f3n"},"content":{"rendered":"<div class=\"flex_column av_one_full  flex_column_div av-zero-column-padding first  avia-builder-el-0  el_before_av_one_full  avia-builder-el-first  \" style='border-radius:0px; '><div  class='avia-image-container  av-styling-    avia-builder-el-1  avia-builder-el-no-sibling  avia-align-center '  itemprop=\"image\" itemscope=\"itemscope\" itemtype=\"https:\/\/schema.org\/ImageObject\"  ><div class='avia-image-container-inner'><div class='avia-image-overlay-wrap'><img decoding=\"async\" class='wp-image-58410 avia-img-lazy-loading-not-58410 avia_image' src=\"https:\/\/radiorevelacionfm.cl\/wp-content\/uploads\/2025\/08\/mesa-genero-1_optimized.jpg\" alt='' title='mesa-genero-(1)_optimized' height=\"600\" width=\"800\"  itemprop=\"thumbnailUrl\" srcset=\"https:\/\/radiorevelacionfm.cl\/wp-content\/uploads\/2025\/08\/mesa-genero-1_optimized.jpg 800w, https:\/\/radiorevelacionfm.cl\/wp-content\/uploads\/2025\/08\/mesa-genero-1_optimized-300x225.jpg 300w, https:\/\/radiorevelacionfm.cl\/wp-content\/uploads\/2025\/08\/mesa-genero-1_optimized-768x576.jpg 768w, https:\/\/radiorevelacionfm.cl\/wp-content\/uploads\/2025\/08\/mesa-genero-1_optimized-705x529.jpg 705w, https:\/\/radiorevelacionfm.cl\/wp-content\/uploads\/2025\/08\/mesa-genero-1_optimized-450x338.jpg 450w, https:\/\/radiorevelacionfm.cl\/wp-content\/uploads\/2025\/08\/mesa-genero-1_optimized-600x450.jpg 600w\" sizes=\"(max-width: 800px) 100vw, 800px\" \/><\/div><\/div><\/div><\/div><div class=\"flex_column av_one_full  flex_column_div av-zero-column-padding first  avia-builder-el-2  el_after_av_one_full  el_before_av_one_full  column-top-margin\" style='border-radius:0px; '><section class=\"av_textblock_section \"  itemscope=\"itemscope\" itemtype=\"https:\/\/schema.org\/BlogPosting\" itemprop=\"blogPost\" ><div class='avia_textblock  '   itemprop=\"text\" ><p style=\"text-align: center;\"><strong><span style=\"font-size: 18pt;\">En el marco de acciones a desarrollar en el corto plazo: Mesa Regional de G\u00e9nero del sector Justicia realizar\u00e1 diversas actividades en el litoral y zona norte de la regi\u00f3n<\/span><\/strong><\/p>\n<div id=\"gtx-trans\" style=\"position: absolute; left: -50px; top: 4.31534px;\">\n<div class=\"gtx-trans-icon\"><\/div>\n<\/div>\n<\/div><\/section><\/div><div class=\"flex_column av_one_full  flex_column_div av-zero-column-padding first  avia-builder-el-4  el_after_av_one_full  el_before_av_hr  column-top-margin\" style='border-radius:0px; '><section class=\"av_textblock_section \"  itemscope=\"itemscope\" itemtype=\"https:\/\/schema.org\/BlogPosting\" itemprop=\"blogPost\" ><div class='avia_textblock  '   itemprop=\"text\" ><p style=\"text-align: justify;\">Con el objetivo de conocer el avance del trabajo desarrollado en lo que va del a\u00f1o, recientemente se llev\u00f3 a cabo una nueva reuni\u00f3n de la Mesa Regional de G\u00e9nero del sector Justicia, instancia encabezada por el seremi de la cartera Samuel Navarro Castro y que re\u00fane a los 6 servicios dependientes y relacionados.<\/p>\n<p style=\"text-align: justify;\">Cabe mencionar que esta instancia, busca internalizar y comprometer acciones con enfoque de g\u00e9nero, ya sea en la actividad diaria de los servicios como en los respectivos \u00e1mbitos de competencia a los que est\u00e1n mandatados.<\/p>\n<p style=\"text-align: justify;\">Tras el encuentro, el seremi Samuel Navarro explic\u00f3 que \u201ccomo cartera de Justicia cada cierto tiempo vamos viendo el estado de avance de la agenda de g\u00e9nero, donde transversalizamos el enfoque de g\u00e9nero en cada uno de los servicios dependientes y relacionados, as\u00ed tambi\u00e9n vamos planificando las acciones a desarrollar en lo que resta del a\u00f1o y de esa manera vamos concretando aquellos objetivos y metas que nos hemos planteado en esta agenda 2022- 2026, fue una reuni\u00f3n muy productiva, donde adem\u00e1s hubo intercambio de opiniones, pero tambi\u00e9n de materiales y de ideas a desarrollar\u201d.<\/p>\n<p style=\"text-align: justify;\">Ahora respecto a las actividades planificadas en el corto plazo, Samuel Navarro indic\u00f3 que \u201cest\u00e1n planificadas dos plazas de justicia tem\u00e1ticas a desarrollarse los meses de septiembre y octubre ya sea en el litoral y en la zona norte de la regi\u00f3n, las que est\u00e1n planificadas fuera de Coyhaique, en aquellos lugares y territorios donde regularmente no est\u00e1n presentes los servicios p\u00fablicos de Justicia, lo que nos permite llevar estas materias, \u00e9stas pol\u00edticas a aquellas localidades alejadas del centro de la regi\u00f3n y nos permite compartir algunos conocimientos en el \u00e1mbito de cada servicio a distintas instituciones, ya sean escuelas, liceos, Carabineros, establecimientos de salud, organizaciones sociales y comunitarias\u201d.<\/p>\n<p style=\"text-align: justify;\">Finalmente, cabe mencionar que estas Plazas de Justicia tem\u00e1ticas enmarcadas en el trabajo que desarrolla la mesa regional de g\u00e9nero, permiten el despliegue de los distintos servicios p\u00fablicos, los que desde su \u00e1mbito de competencia desarrollan charlas a distintos p\u00fablicos objetivos, esto previa coordinaci\u00f3n realizada con distintos actores locales.<\/p>\n<\/div><\/section><\/div><div  style='height:50px' class='hr hr-invisible   avia-builder-el-6  el_after_av_one_full  el_before_av_social_share '><span class='hr-inner ' ><span class='hr-inner-style'><\/span><\/span><\/div><\/p>\n<div  class='av-social-sharing-box  avia-builder-el-7  el_after_av_hr  el_before_av_hr  '><div class='av-share-box'><h5 class='av-share-link-description av-no-toc '>Compartir esta noticia<\/h5><ul class='av-share-box-list noLightbox'><li class='av-share-link av-social-link-facebook' ><a target=\"_blank\" aria-label=\"Compartir en Facebook\" href='https:\/\/www.facebook.com\/sharer.php?u=https:\/\/radiorevelacionfm.cl\/?p=58409&#038;t=En%20el%20marco%20de%20acciones%20a%20desarrollar%20en%20el%20corto%20plazo%3A%20Mesa%20Regional%20de%20G%C3%A9nero%20del%20sector%20Justicia%20realizar%C3%A1%20diversas%20actividades%20en%20el%20litoral%20y%20zona%20norte%20de%20la%20regi%C3%B3n' aria-hidden='false' data-av_icon='\ue8f3' data-av_iconfont='entypo-fontello' title='' data-avia-related-tooltip='Compartir en Facebook' rel=\"noopener\"><span class='avia_hidden_link_text'>Compartir en Facebook<\/span><\/a><\/li><li class='av-share-link av-social-link-twitter' ><a target=\"_blank\" aria-label=\"Compartir en Twitter\" href='https:\/\/twitter.com\/share?text=En%20el%20marco%20de%20acciones%20a%20desarrollar%20en%20el%20corto%20plazo%3A%20Mesa%20Regional%20de%20G%C3%A9nero%20del%20sector%20Justicia%20realizar%C3%A1%20diversas%20actividades%20en%20el%20litoral%20y%20zona%20norte%20de%20la%20regi%C3%B3n&#038;url=https:\/\/radiorevelacionfm.cl\/?p=58409' aria-hidden='false' data-av_icon='\ue8f1' data-av_iconfont='entypo-fontello' title='' data-avia-related-tooltip='Compartir en Twitter' rel=\"noopener\"><span class='avia_hidden_link_text'>Compartir en Twitter<\/span><\/a><\/li><li class='av-share-link av-social-link-whatsapp' ><a target=\"_blank\" aria-label=\"Compartir en Whatsapp\" href='https:\/\/api.whatsapp.com\/send?text=https:\/\/radiorevelacionfm.cl\/?p=58409' aria-hidden='false' data-av_icon='\uf232' data-av_iconfont='entypo-fontello' title='' data-avia-related-tooltip='Compartir en Whatsapp' rel=\"noopener\"><span class='avia_hidden_link_text'>Compartir en Whatsapp<\/span><\/a><\/li><li class='av-share-link av-social-link-linkedin' ><a target=\"_blank\" aria-label=\"Compartir en LinkedIn\" href='https:\/\/linkedin.com\/shareArticle?mini=true&#038;title=En%20el%20marco%20de%20acciones%20a%20desarrollar%20en%20el%20corto%20plazo%3A%20Mesa%20Regional%20de%20G%C3%A9nero%20del%20sector%20Justicia%20realizar%C3%A1%20diversas%20actividades%20en%20el%20litoral%20y%20zona%20norte%20de%20la%20regi%C3%B3n&#038;url=https:\/\/radiorevelacionfm.cl\/?p=58409' aria-hidden='false' data-av_icon='\ue8fc' data-av_iconfont='entypo-fontello' title='' data-avia-related-tooltip='Compartir en LinkedIn' rel=\"noopener\"><span class='avia_hidden_link_text'>Compartir en LinkedIn<\/span><\/a><\/li><li class='av-share-link av-social-link-mail' ><a  aria-label=\"Compartir por correo\" href='mailto:?subject=En%20el%20marco%20de%20acciones%20a%20desarrollar%20en%20el%20corto%20plazo%3A%20Mesa%20Regional%20de%20G%C3%A9nero%20del%20sector%20Justicia%20realizar%C3%A1%20diversas%20actividades%20en%20el%20litoral%20y%20zona%20norte%20de%20la%20regi%C3%B3n&#038;body=https:\/\/radiorevelacionfm.cl\/?p=58409' aria-hidden='false' data-av_icon='\ue805' data-av_iconfont='entypo-fontello' title='' data-avia-related-tooltip='Compartir por correo'><span class='avia_hidden_link_text'>Compartir por correo<\/span><\/a><\/li><\/ul><\/div><\/div>\n<div  style='height:50px' class='hr hr-invisible   avia-builder-el-8  el_after_av_social_share  el_before_av_comments_list '><span class='hr-inner ' ><span class='hr-inner-style'><\/span><\/span><\/div>\n<div  class='av-buildercomment  av-blog-meta-html-info-disabled av-blog-meta-tag-disabled  '><\/div>\n","protected":false},"excerpt":{"rendered":"","protected":false},"author":1,"featured_media":58410,"comment_status":"closed","ping_status":"closed","sticky":false,"template":"","format":"standard","meta":{"footnotes":""},"categories":[55],"tags":[],"class_list":["post-58409","post","type-post","status-publish","format-standard","has-post-thumbnail","hentry","category-justicia"],"jetpack_featured_media_url":"https:\/\/radiorevelacionfm.cl\/wp-content\/uploads\/2025\/08\/mesa-genero-1_optimized.jpg","_links":{"self":[{"href":"https:\/\/radiorevelacionfm.cl\/index.php?rest_route=\/wp\/v2\/posts\/58409","targetHints":{"allow":["GET"]}}],"collection":[{"href":"https:\/\/radiorevelacionfm.cl\/index.php?rest_route=\/wp\/v2\/posts"}],"about":[{"href":"https:\/\/radiorevelacionfm.cl\/index.php?rest_route=\/wp\/v2\/types\/post"}],"author":[{"embeddable":true,"href":"https:\/\/radiorevelacionfm.cl\/index.php?rest_route=\/wp\/v2\/users\/1"}],"replies":[{"embeddable":true,"href":"https:\/\/radiorevelacionfm.cl\/index.php?rest_route=%2Fwp%2Fv2%2Fcomments&post=58409"}],"version-history":[{"count":2,"href":"https:\/\/radiorevelacionfm.cl\/index.php?rest_route=\/wp\/v2\/posts\/58409\/revisions"}],"predecessor-version":[{"id":58450,"href":"https:\/\/radiorevelacionfm.cl\/index.php?rest_route=\/wp\/v2\/posts\/58409\/revisions\/58450"}],"wp:featuredmedia":[{"embeddable":true,"href":"https:\/\/radiorevelacionfm.cl\/index.php?rest_route=\/wp\/v2\/media\/58410"}],"wp:attachment":[{"href":"https:\/\/radiorevelacionfm.cl\/index.php?rest_route=%2Fwp%2Fv2%2Fmedia&parent=58409"}],"wp:term":[{"taxonomy":"category","embeddable":true,"href":"https:\/\/radiorevelacionfm.cl\/index.php?rest_route=%2Fwp%2Fv2%2Fcategories&post=58409"},{"taxonomy":"post_tag","embeddable":true,"href":"https:\/\/radiorevelacionfm.cl\/index.php?rest_route=%2Fwp%2Fv2%2Ftags&post=58409"}],"curies":[{"name":"wp","href":"https:\/\/api.w.org\/{rel}","templated":true}]}}