{"id":58405,"date":"2025-08-28T10:39:46","date_gmt":"2025-08-28T13:39:46","guid":{"rendered":"https:\/\/radiorevelacionfm.cl\/?p=58405"},"modified":"2025-08-28T10:39:46","modified_gmt":"2025-08-28T13:39:46","slug":"mineduc-extiende-hasta-las-1500-horas-el-cierre-de-postulacion-al-sistema-de-admision-escolar-2026","status":"publish","type":"post","link":"https:\/\/radiorevelacionfm.cl\/?p=58405","title":{"rendered":"Mineduc extiende hasta las 15:00 horas el cierre de postulaci\u00f3n al Sistema de Admisi\u00f3n Escolar 2026"},"content":{"rendered":"<div class=\"flex_column av_one_full  flex_column_div av-zero-column-padding first  avia-builder-el-0  el_before_av_one_full  avia-builder-el-first  \" style='border-radius:0px; '><div  class='avia-image-container  av-styling-    avia-builder-el-1  avia-builder-el-no-sibling  avia-align-center '  itemprop=\"image\" itemscope=\"itemscope\" itemtype=\"https:\/\/schema.org\/ImageObject\"  ><div class='avia-image-container-inner'><div class='avia-image-overlay-wrap'><img decoding=\"async\" class='wp-image-58406 avia-img-lazy-loading-not-58406 avia_image' src=\"https:\/\/radiorevelacionfm.cl\/wp-content\/uploads\/2025\/08\/IMG-20250828-WA0001-1-1.jpg\" alt='' title='IMG-20250828-WA0001 (1) (1)' height=\"600\" width=\"900\"  itemprop=\"thumbnailUrl\" srcset=\"https:\/\/radiorevelacionfm.cl\/wp-content\/uploads\/2025\/08\/IMG-20250828-WA0001-1-1.jpg 900w, https:\/\/radiorevelacionfm.cl\/wp-content\/uploads\/2025\/08\/IMG-20250828-WA0001-1-1-300x200.jpg 300w, https:\/\/radiorevelacionfm.cl\/wp-content\/uploads\/2025\/08\/IMG-20250828-WA0001-1-1-768x512.jpg 768w, https:\/\/radiorevelacionfm.cl\/wp-content\/uploads\/2025\/08\/IMG-20250828-WA0001-1-1-705x470.jpg 705w, https:\/\/radiorevelacionfm.cl\/wp-content\/uploads\/2025\/08\/IMG-20250828-WA0001-1-1-450x300.jpg 450w, https:\/\/radiorevelacionfm.cl\/wp-content\/uploads\/2025\/08\/IMG-20250828-WA0001-1-1-600x400.jpg 600w\" sizes=\"(max-width: 900px) 100vw, 900px\" \/><\/div><\/div><\/div><\/div><div class=\"flex_column av_one_full  flex_column_div av-zero-column-padding first  avia-builder-el-2  el_after_av_one_full  el_before_av_one_full  column-top-margin\" style='border-radius:0px; '><section class=\"av_textblock_section \"  itemscope=\"itemscope\" itemtype=\"https:\/\/schema.org\/BlogPosting\" itemprop=\"blogPost\" ><div class='avia_textblock  '   itemprop=\"text\" ><p style=\"text-align: center;\"><strong><span style=\"font-size: 18pt;\">Mineduc extiende hasta las 15:00 horas el cierre de postulaci\u00f3n al Sistema de Admisi\u00f3n Escolar 2026<\/span><\/strong><\/p>\n<div id=\"gtx-trans\" style=\"position: absolute; left: -50px; top: 4.31534px;\">\n<div class=\"gtx-trans-icon\"><\/div>\n<\/div>\n<\/div><\/section><\/div><div class=\"flex_column av_one_full  flex_column_div av-zero-column-padding first  avia-builder-el-4  el_after_av_one_full  el_before_av_hr  column-top-margin\" style='border-radius:0px; '><section class=\"av_textblock_section \"  itemscope=\"itemscope\" itemtype=\"https:\/\/schema.org\/BlogPosting\" itemprop=\"blogPost\" ><div class='avia_textblock  '   itemprop=\"text\" ><ul style=\"font-weight: 400;\">\n<li style=\"text-align: justify;\"><em>La plataforma\u00a0<a href=\"https:\/\/www.sistemadeadmisionescolar.cl\/\" data-saferedirecturl=\"https:\/\/www.google.com\/url?q=https:\/\/www.sistemadeadmisionescolar.cl\/&amp;source=gmail&amp;ust=1756473805853000&amp;usg=AOvVaw2l8iLIGvdD4LOWH_2cAlPn\">www.sistemadeadmisionescolar.cl<\/a>\u00a0estar\u00e1 disponible hasta las 15:00 horas de este jueves 28 de agosto. \u00a0<\/em><\/li>\n<\/ul>\n<p style=\"font-weight: 400; text-align: justify;\">El Ministerio de Educaci\u00f3n informa que, debido a la alta concurrencia de familias en algunas oficinas de las Secretar\u00edas Regionales Ministeriales de Educaci\u00f3n para recibir apoyo en su postulaci\u00f3n online al Sistema de Admisi\u00f3n Escolar (SAE), y considerando que este jueves 28 de agosto finaliza el proceso de admisi\u00f3n para el a\u00f1o educativo 2026, <strong>se ha decidido extender el funcionamiento de la plataforma web hasta las 15:00 horas<\/strong>.<\/p>\n<p style=\"font-weight: 400; text-align: justify;\">De este modo, todas las familias que acudan de forma presencial hasta el horario de cierre de las oficinas de atenci\u00f3n de p\u00fablico podr\u00e1n realizar su postulaci\u00f3n, la cual ser\u00e1 asistida por personal del Mineduc.<\/p>\n<p style=\"font-weight: 400; text-align: justify;\">La extensi\u00f3n horaria aplica para todas las personas que a\u00fan no realizan el proceso de postulaci\u00f3n, y deben ser realizadas en la web\u00a0<a href=\"https:\/\/www.sistemadeadmisionescolar.cl\/\" data-saferedirecturl=\"https:\/\/www.google.com\/url?q=https:\/\/www.sistemadeadmisionescolar.cl\/&amp;source=gmail&amp;ust=1756473805853000&amp;usg=AOvVaw2l8iLIGvdD4LOWH_2cAlPn\">www.sistemadeadmisionescolar.cl,<\/a>\u00a0hasta m\u00e1ximo las 15:00 horas de este jueves 28 de agosto.<\/p>\n<p style=\"font-weight: 400; text-align: justify;\">Cabe recordar que, dentro de ese plazo, las familias podr\u00e1n modificar sus postulaciones cuantas veces lo estimen necesario, descargando siempre el comprobante de postulaci\u00f3n correspondiente, el cual certifica que el proceso se ha completado correctamente.<\/p>\n<\/div><\/section><\/div><div  style='height:50px' class='hr hr-invisible   avia-builder-el-6  el_after_av_one_full  el_before_av_social_share '><span class='hr-inner ' ><span class='hr-inner-style'><\/span><\/span><\/div><\/p>\n<div  class='av-social-sharing-box  avia-builder-el-7  el_after_av_hr  el_before_av_hr  '><div class='av-share-box'><h5 class='av-share-link-description av-no-toc '>Compartir esta noticia<\/h5><ul class='av-share-box-list noLightbox'><li class='av-share-link av-social-link-facebook' ><a target=\"_blank\" aria-label=\"Compartir en Facebook\" href='https:\/\/www.facebook.com\/sharer.php?u=https:\/\/radiorevelacionfm.cl\/?p=58405&#038;t=Mineduc%20extiende%20hasta%20las%2015%3A00%20horas%20el%20cierre%20de%20postulaci%C3%B3n%20al%20Sistema%20de%20Admisi%C3%B3n%20Escolar%202026' aria-hidden='false' data-av_icon='\ue8f3' data-av_iconfont='entypo-fontello' title='' data-avia-related-tooltip='Compartir en Facebook' rel=\"noopener\"><span class='avia_hidden_link_text'>Compartir en Facebook<\/span><\/a><\/li><li class='av-share-link av-social-link-twitter' ><a target=\"_blank\" aria-label=\"Compartir en Twitter\" href='https:\/\/twitter.com\/share?text=Mineduc%20extiende%20hasta%20las%2015%3A00%20horas%20el%20cierre%20de%20postulaci%C3%B3n%20al%20Sistema%20de%20Admisi%C3%B3n%20Escolar%202026&#038;url=https:\/\/radiorevelacionfm.cl\/?p=58405' aria-hidden='false' data-av_icon='\ue8f1' data-av_iconfont='entypo-fontello' title='' data-avia-related-tooltip='Compartir en Twitter' rel=\"noopener\"><span class='avia_hidden_link_text'>Compartir en Twitter<\/span><\/a><\/li><li class='av-share-link av-social-link-whatsapp' ><a target=\"_blank\" aria-label=\"Compartir en Whatsapp\" href='https:\/\/api.whatsapp.com\/send?text=https:\/\/radiorevelacionfm.cl\/?p=58405' aria-hidden='false' data-av_icon='\uf232' data-av_iconfont='entypo-fontello' title='' data-avia-related-tooltip='Compartir en Whatsapp' rel=\"noopener\"><span class='avia_hidden_link_text'>Compartir en Whatsapp<\/span><\/a><\/li><li class='av-share-link av-social-link-linkedin' ><a target=\"_blank\" aria-label=\"Compartir en LinkedIn\" href='https:\/\/linkedin.com\/shareArticle?mini=true&#038;title=Mineduc%20extiende%20hasta%20las%2015%3A00%20horas%20el%20cierre%20de%20postulaci%C3%B3n%20al%20Sistema%20de%20Admisi%C3%B3n%20Escolar%202026&#038;url=https:\/\/radiorevelacionfm.cl\/?p=58405' aria-hidden='false' data-av_icon='\ue8fc' data-av_iconfont='entypo-fontello' title='' data-avia-related-tooltip='Compartir en LinkedIn' rel=\"noopener\"><span class='avia_hidden_link_text'>Compartir en LinkedIn<\/span><\/a><\/li><li class='av-share-link av-social-link-mail' ><a  aria-label=\"Compartir por correo\" href='mailto:?subject=Mineduc%20extiende%20hasta%20las%2015%3A00%20horas%20el%20cierre%20de%20postulaci%C3%B3n%20al%20Sistema%20de%20Admisi%C3%B3n%20Escolar%202026&#038;body=https:\/\/radiorevelacionfm.cl\/?p=58405' aria-hidden='false' data-av_icon='\ue805' data-av_iconfont='entypo-fontello' title='' data-avia-related-tooltip='Compartir por correo'><span class='avia_hidden_link_text'>Compartir por correo<\/span><\/a><\/li><\/ul><\/div><\/div>\n<div  style='height:50px' class='hr hr-invisible   avia-builder-el-8  el_after_av_social_share  el_before_av_comments_list '><span class='hr-inner ' ><span class='hr-inner-style'><\/span><\/span><\/div>\n<div  class='av-buildercomment  av-blog-meta-html-info-disabled av-blog-meta-tag-disabled  '><\/div>\n","protected":false},"excerpt":{"rendered":"","protected":false},"author":1,"featured_media":58406,"comment_status":"closed","ping_status":"closed","sticky":false,"template":"","format":"standard","meta":{"footnotes":""},"categories":[49],"tags":[],"class_list":["post-58405","post","type-post","status-publish","format-standard","has-post-thumbnail","hentry","category-educacion"],"jetpack_featured_media_url":"https:\/\/radiorevelacionfm.cl\/wp-content\/uploads\/2025\/08\/IMG-20250828-WA0001-1-1.jpg","_links":{"self":[{"href":"https:\/\/radiorevelacionfm.cl\/index.php?rest_route=\/wp\/v2\/posts\/58405","targetHints":{"allow":["GET"]}}],"collection":[{"href":"https:\/\/radiorevelacionfm.cl\/index.php?rest_route=\/wp\/v2\/posts"}],"about":[{"href":"https:\/\/radiorevelacionfm.cl\/index.php?rest_route=\/wp\/v2\/types\/post"}],"author":[{"embeddable":true,"href":"https:\/\/radiorevelacionfm.cl\/index.php?rest_route=\/wp\/v2\/users\/1"}],"replies":[{"embeddable":true,"href":"https:\/\/radiorevelacionfm.cl\/index.php?rest_route=%2Fwp%2Fv2%2Fcomments&post=58405"}],"version-history":[{"count":2,"href":"https:\/\/radiorevelacionfm.cl\/index.php?rest_route=\/wp\/v2\/posts\/58405\/revisions"}],"predecessor-version":[{"id":58408,"href":"https:\/\/radiorevelacionfm.cl\/index.php?rest_route=\/wp\/v2\/posts\/58405\/revisions\/58408"}],"wp:featuredmedia":[{"embeddable":true,"href":"https:\/\/radiorevelacionfm.cl\/index.php?rest_route=\/wp\/v2\/media\/58406"}],"wp:attachment":[{"href":"https:\/\/radiorevelacionfm.cl\/index.php?rest_route=%2Fwp%2Fv2%2Fmedia&parent=58405"}],"wp:term":[{"taxonomy":"category","embeddable":true,"href":"https:\/\/radiorevelacionfm.cl\/index.php?rest_route=%2Fwp%2Fv2%2Fcategories&post=58405"},{"taxonomy":"post_tag","embeddable":true,"href":"https:\/\/radiorevelacionfm.cl\/index.php?rest_route=%2Fwp%2Fv2%2Ftags&post=58405"}],"curies":[{"name":"wp","href":"https:\/\/api.w.org\/{rel}","templated":true}]}}