{"id":58402,"date":"2025-08-28T11:48:02","date_gmt":"2025-08-28T14:48:02","guid":{"rendered":"https:\/\/radiorevelacionfm.cl\/?p=58402"},"modified":"2025-08-28T11:48:02","modified_gmt":"2025-08-28T14:48:02","slug":"ministerio-de-educacion-distinguio-a-estudiantes-booktubers-en-la-region-de-aysen","status":"publish","type":"post","link":"https:\/\/radiorevelacionfm.cl\/?p=58402","title":{"rendered":"Ministerio de Educaci\u00f3n distingui\u00f3 a estudiantes Booktubers en la Regi\u00f3n de Ays\u00e9n"},"content":{"rendered":"<div class=\"flex_column av_one_full  flex_column_div av-zero-column-padding first  avia-builder-el-0  el_before_av_one_full  avia-builder-el-first  \" style='border-radius:0px; '><div  class='avia-image-container  av-styling-    avia-builder-el-1  avia-builder-el-no-sibling  avia-align-center '  itemprop=\"image\" itemscope=\"itemscope\" itemtype=\"https:\/\/schema.org\/ImageObject\"  ><div class='avia-image-container-inner'><div class='avia-image-overlay-wrap'><img decoding=\"async\" class='wp-image-58403 avia-img-lazy-loading-not-58403 avia_image' src=\"https:\/\/radiorevelacionfm.cl\/wp-content\/uploads\/2025\/08\/grupal-final1-1_optimized.jpeg\" alt='' title='grupal-final1-(1)_optimized' height=\"600\" width=\"860\"  itemprop=\"thumbnailUrl\" srcset=\"https:\/\/radiorevelacionfm.cl\/wp-content\/uploads\/2025\/08\/grupal-final1-1_optimized.jpeg 860w, https:\/\/radiorevelacionfm.cl\/wp-content\/uploads\/2025\/08\/grupal-final1-1_optimized-300x209.jpeg 300w, https:\/\/radiorevelacionfm.cl\/wp-content\/uploads\/2025\/08\/grupal-final1-1_optimized-768x536.jpeg 768w, https:\/\/radiorevelacionfm.cl\/wp-content\/uploads\/2025\/08\/grupal-final1-1_optimized-705x492.jpeg 705w, https:\/\/radiorevelacionfm.cl\/wp-content\/uploads\/2025\/08\/grupal-final1-1_optimized-450x314.jpeg 450w, https:\/\/radiorevelacionfm.cl\/wp-content\/uploads\/2025\/08\/grupal-final1-1_optimized-600x419.jpeg 600w\" sizes=\"(max-width: 860px) 100vw, 860px\" \/><\/div><\/div><\/div><\/div><div class=\"flex_column av_one_full  flex_column_div av-zero-column-padding first  avia-builder-el-2  el_after_av_one_full  el_before_av_one_full  column-top-margin\" style='border-radius:0px; '><section class=\"av_textblock_section \"  itemscope=\"itemscope\" itemtype=\"https:\/\/schema.org\/BlogPosting\" itemprop=\"blogPost\" ><div class='avia_textblock  '   itemprop=\"text\" ><p style=\"text-align: center;\"><strong><span style=\"font-size: 18pt;\">Ministerio de Educaci\u00f3n distingui\u00f3 a estudiantes Booktubers en la Regi\u00f3n de Ays\u00e9n<\/span><\/strong><\/p>\n<div id=\"gtx-trans\" style=\"position: absolute; left: -50px; top: 4.31534px;\">\n<div class=\"gtx-trans-icon\"><\/div>\n<\/div>\n<\/div><\/section><\/div><div class=\"flex_column av_one_full  flex_column_div av-zero-column-padding first  avia-builder-el-4  el_after_av_one_full  el_before_av_hr  column-top-margin\" style='border-radius:0px; '><section class=\"av_textblock_section \"  itemscope=\"itemscope\" itemtype=\"https:\/\/schema.org\/BlogPosting\" itemprop=\"blogPost\" ><div class='avia_textblock  '   itemprop=\"text\" ><p style=\"font-weight: 400; text-align: justify;\">Este mi\u00e9rcoles en la Biblioteca CRA de la Escuela V\u00edctor Domingo Silva de Coyhaique se desarroll\u00f3 una hermosa y emotiva ceremonia de premiaci\u00f3n y reconocimiento a los estudiantes de la regi\u00f3n que destacaron al recomendar a trav\u00e9s de un video el libro que los impact\u00f3.<\/p>\n<p style=\"font-weight: 400; text-align: justify;\">Este a\u00f1o 2025, la iniciativa Booktubers Bibliotecas Escolares CRA convoc\u00f3 a miles de estudiantes desde Educaci\u00f3n Parvularia hasta Educaci\u00f3n Media a recomendar sus libros favoritos en un video de menos de 90 segundos, bajo el lema \u201cConectando mundos a trav\u00e9s de la lectura\u201d. En su quinta versi\u00f3n, esta instancia se sum\u00f3 a la conmemoraci\u00f3n de los 80 a\u00f1os del Premio Nobel de Literatura de Gabriela Mistral, creando la menci\u00f3n especial \u201cL\u00edrica en Altavoz\u201d, en la que participaron 166 estudiantes, quienes recomendaron un libro de poes\u00eda e interpretaron un poema completo o un extracto del texto seleccionado.<\/p>\n<p style=\"font-weight: 400; text-align: justify;\">Las artes esc\u00e9nicas y el relato oral se hicieron presentes en este encuentro. El equipo de Lectura Escritura y Comunicaci\u00f3n Oral del jard\u00edn infantil y sala cuna Aik\u00e9n Yemel del Slep Ays\u00e9n \u00a0present\u00f3 una animaci\u00f3n del Libro El Monstruo de Colores. Tambi\u00e9n comparti\u00f3 \u00a0un Regalo Lector para los asistentes la \u00a0Encargada de la Biblioteca Escolar de la escuela El Claro Natalia Moreno y la escuela anfitriona V\u00edctor Domingo Silva se sum\u00f3 con la presentaci\u00f3n de la Milonga El Amanecer del Puestero que fue interpretada por el estudiante Mateo Santib\u00e1\u00f1ez de 8\u00b0 a\u00f1o b\u00e1sico.<\/p>\n<p style=\"font-weight: 400; text-align: justify;\"><strong>Booktubers Destacados<\/strong><\/p>\n<p style=\"font-weight: 400; text-align: justify;\"><strong>1\u00b0 categor\u00eda, de Nt1 a 2\u00b0 B\u00e1sico<\/strong><\/p>\n<p style=\"font-weight: 400; text-align: justify;\">Le\u00f3n Fuentes Tapia Liceo Bicentenario Cerro Castillo, quien recomend\u00f3 el libro La leyenda de Zelda.<\/p>\n<p style=\"font-weight: 400; text-align: justify;\">Martina Matus Riquelme Escuela V\u00edctor Domingo Silva de Coyhaiquequien recomend\u00f3 el libro El Monstruo de Colores.<\/p>\n<p style=\"font-weight: 400; text-align: justify;\"><strong>2\u00b0categor\u00edav de 3\u00b0 a 6\u00b0 B\u00e1sico<\/strong><\/p>\n<p style=\"font-weight: 400; text-align: justify;\">Carla V\u00e9liz Caro de la Escuela Guido G\u00f3mez Mu\u00f1oz de Puerto Cisnes, quien recomend\u00f3 el libro El fest\u00edn de Agust\u00edn.<\/p>\n<p style=\"font-weight: 400; text-align: justify;\">Elias Gallardo Aguilar del Liceo de Melinka, quien recomend\u00f3 el libro Mac, el microbio desconocido.<\/p>\n<p style=\"font-weight: 400; text-align: justify;\"><strong>3\u00b0 categor\u00eda de 7\u00b0 B\u00e1sico a 1\u00b0 Medio<\/strong><\/p>\n<p style=\"font-weight: 400; text-align: justify;\">Lorenzo Alvarado Jerez de la Escuela V\u00edctor Domingo Silva de Coyhaique quien recomend\u00f3 el libro Los Futbol\u00edsticos.<\/p>\n<p style=\"font-weight: 400; text-align: justify;\">Ernesto Porzio Araya del Liceo Bicentenario Altos del Mackay de\u00a0 Coyhaique quien recomend\u00f3 el libro El Hobbit.<\/p>\n<p style=\"font-weight: 400; text-align: justify;\"><strong>4\u00b0 categor\u00eda de 2\u00b0 a 4\u00b0 Medio<\/strong><\/p>\n<p style=\"font-weight: 400; text-align: justify;\">Miguel Abarca L\u00f3pez del Centro de Estudios Patagonia de Ays\u00e9n quien recomend\u00f3 el Libro Sub Terra.<\/p>\n<p style=\"font-weight: 400; text-align: justify;\">Siad Molina Trujillo del Liceo Josefina Aguirre Montenegro de Coyhaique quien recomend\u00f3 el libro Orgullo y Prejuicio.<\/p>\n<p style=\"font-weight: 400; text-align: justify;\">Menci\u00f3n Especial este a\u00f1o 2025 por L\u00edrica en Altavoz recibi\u00f3 Jaime Rutte del Colegio Alianza Austral de\u00a0 Coyhaique por su lectura de Desolaci\u00f3n de Gabriela Mistral.<\/p>\n<p style=\"font-weight: 400; text-align: justify;\">La Seremi Katherine Miqueles felicit\u00f3 a las y los estudiantes por atreverse y esforzarse\u00a0 al realizar el video de recomendaci\u00f3n de su libro favorito.<\/p>\n<p style=\"font-weight: 400; text-align: justify;\">\u201cUstedes son embajadores de la lectura y son tambi\u00e9n\u00a0 influencers positivos ya que utilizan las redes e internet para difundir el amor por la lectura y los libros. Queremos que sigan as\u00ed que crezcan como lectores y contagien a sus pares con el inter\u00e9s por la literatura y las artes. Agradecemos el apoyo que les entregan sus\u00a0 familias, sus profesores,\u00a0\u00a0 profesoras y encargadas de Bibliotecas Escolares CRA\u201d.<\/p>\n<\/div><\/section><\/div><div  style='height:50px' class='hr hr-invisible   avia-builder-el-6  el_after_av_one_full  el_before_av_social_share '><span class='hr-inner ' ><span class='hr-inner-style'><\/span><\/span><\/div><\/p>\n<div  class='av-social-sharing-box  avia-builder-el-7  el_after_av_hr  el_before_av_hr  '><div class='av-share-box'><h5 class='av-share-link-description av-no-toc '>Compartir esta noticia<\/h5><ul class='av-share-box-list noLightbox'><li class='av-share-link av-social-link-facebook' ><a target=\"_blank\" aria-label=\"Compartir en Facebook\" href='https:\/\/www.facebook.com\/sharer.php?u=https:\/\/radiorevelacionfm.cl\/?p=58402&#038;t=Ministerio%20de%20Educaci%C3%B3n%20distingui%C3%B3%20a%20estudiantes%20Booktubers%20en%20la%20Regi%C3%B3n%20de%20Ays%C3%A9n' aria-hidden='false' data-av_icon='\ue8f3' data-av_iconfont='entypo-fontello' title='' data-avia-related-tooltip='Compartir en Facebook' rel=\"noopener\"><span class='avia_hidden_link_text'>Compartir en Facebook<\/span><\/a><\/li><li class='av-share-link av-social-link-twitter' ><a target=\"_blank\" aria-label=\"Compartir en Twitter\" href='https:\/\/twitter.com\/share?text=Ministerio%20de%20Educaci%C3%B3n%20distingui%C3%B3%20a%20estudiantes%20Booktubers%20en%20la%20Regi%C3%B3n%20de%20Ays%C3%A9n&#038;url=https:\/\/radiorevelacionfm.cl\/?p=58402' aria-hidden='false' data-av_icon='\ue8f1' data-av_iconfont='entypo-fontello' title='' data-avia-related-tooltip='Compartir en Twitter' rel=\"noopener\"><span class='avia_hidden_link_text'>Compartir en Twitter<\/span><\/a><\/li><li class='av-share-link av-social-link-whatsapp' ><a target=\"_blank\" aria-label=\"Compartir en Whatsapp\" href='https:\/\/api.whatsapp.com\/send?text=https:\/\/radiorevelacionfm.cl\/?p=58402' aria-hidden='false' data-av_icon='\uf232' data-av_iconfont='entypo-fontello' title='' data-avia-related-tooltip='Compartir en Whatsapp' rel=\"noopener\"><span class='avia_hidden_link_text'>Compartir en Whatsapp<\/span><\/a><\/li><li class='av-share-link av-social-link-linkedin' ><a target=\"_blank\" aria-label=\"Compartir en LinkedIn\" href='https:\/\/linkedin.com\/shareArticle?mini=true&#038;title=Ministerio%20de%20Educaci%C3%B3n%20distingui%C3%B3%20a%20estudiantes%20Booktubers%20en%20la%20Regi%C3%B3n%20de%20Ays%C3%A9n&#038;url=https:\/\/radiorevelacionfm.cl\/?p=58402' aria-hidden='false' data-av_icon='\ue8fc' data-av_iconfont='entypo-fontello' title='' data-avia-related-tooltip='Compartir en LinkedIn' rel=\"noopener\"><span class='avia_hidden_link_text'>Compartir en LinkedIn<\/span><\/a><\/li><li class='av-share-link av-social-link-mail' ><a  aria-label=\"Compartir por correo\" href='mailto:?subject=Ministerio%20de%20Educaci%C3%B3n%20distingui%C3%B3%20a%20estudiantes%20Booktubers%20en%20la%20Regi%C3%B3n%20de%20Ays%C3%A9n&#038;body=https:\/\/radiorevelacionfm.cl\/?p=58402' aria-hidden='false' data-av_icon='\ue805' data-av_iconfont='entypo-fontello' title='' data-avia-related-tooltip='Compartir por correo'><span class='avia_hidden_link_text'>Compartir por correo<\/span><\/a><\/li><\/ul><\/div><\/div>\n<div  style='height:50px' class='hr hr-invisible   avia-builder-el-8  el_after_av_social_share  el_before_av_comments_list '><span class='hr-inner ' ><span class='hr-inner-style'><\/span><\/span><\/div>\n<div  class='av-buildercomment  av-blog-meta-html-info-disabled av-blog-meta-tag-disabled  '><\/div>\n","protected":false},"excerpt":{"rendered":"","protected":false},"author":1,"featured_media":58403,"comment_status":"closed","ping_status":"closed","sticky":false,"template":"","format":"standard","meta":{"footnotes":""},"categories":[49],"tags":[],"class_list":["post-58402","post","type-post","status-publish","format-standard","has-post-thumbnail","hentry","category-educacion"],"jetpack_featured_media_url":"https:\/\/radiorevelacionfm.cl\/wp-content\/uploads\/2025\/08\/grupal-final1-1_optimized.jpeg","_links":{"self":[{"href":"https:\/\/radiorevelacionfm.cl\/index.php?rest_route=\/wp\/v2\/posts\/58402","targetHints":{"allow":["GET"]}}],"collection":[{"href":"https:\/\/radiorevelacionfm.cl\/index.php?rest_route=\/wp\/v2\/posts"}],"about":[{"href":"https:\/\/radiorevelacionfm.cl\/index.php?rest_route=\/wp\/v2\/types\/post"}],"author":[{"embeddable":true,"href":"https:\/\/radiorevelacionfm.cl\/index.php?rest_route=\/wp\/v2\/users\/1"}],"replies":[{"embeddable":true,"href":"https:\/\/radiorevelacionfm.cl\/index.php?rest_route=%2Fwp%2Fv2%2Fcomments&post=58402"}],"version-history":[{"count":2,"href":"https:\/\/radiorevelacionfm.cl\/index.php?rest_route=\/wp\/v2\/posts\/58402\/revisions"}],"predecessor-version":[{"id":58414,"href":"https:\/\/radiorevelacionfm.cl\/index.php?rest_route=\/wp\/v2\/posts\/58402\/revisions\/58414"}],"wp:featuredmedia":[{"embeddable":true,"href":"https:\/\/radiorevelacionfm.cl\/index.php?rest_route=\/wp\/v2\/media\/58403"}],"wp:attachment":[{"href":"https:\/\/radiorevelacionfm.cl\/index.php?rest_route=%2Fwp%2Fv2%2Fmedia&parent=58402"}],"wp:term":[{"taxonomy":"category","embeddable":true,"href":"https:\/\/radiorevelacionfm.cl\/index.php?rest_route=%2Fwp%2Fv2%2Fcategories&post=58402"},{"taxonomy":"post_tag","embeddable":true,"href":"https:\/\/radiorevelacionfm.cl\/index.php?rest_route=%2Fwp%2Fv2%2Ftags&post=58402"}],"curies":[{"name":"wp","href":"https:\/\/api.w.org\/{rel}","templated":true}]}}