{"id":58398,"date":"2025-08-28T17:06:40","date_gmt":"2025-08-28T20:06:40","guid":{"rendered":"https:\/\/radiorevelacionfm.cl\/?p=58398"},"modified":"2025-08-28T17:06:40","modified_gmt":"2025-08-28T20:06:40","slug":"partido-socialista-manifesto-su-malestar-ante-presiones-que-terminaron-con-la-renuncia-al-cargo-de-la-seremi-de-energia","status":"publish","type":"post","link":"https:\/\/radiorevelacionfm.cl\/?p=58398","title":{"rendered":"Partido Socialista manifest\u00f3 su malestar ante presiones que terminaron con la renuncia al cargo de la Seremi de Energ\u00eda"},"content":{"rendered":"<div class=\"flex_column av_one_full  flex_column_div av-zero-column-padding first  avia-builder-el-0  el_before_av_one_full  avia-builder-el-first  \" style='border-radius:0px; '><div  class='avia-image-container  av-styling-    avia-builder-el-1  avia-builder-el-no-sibling  avia-align-center '  itemprop=\"image\" itemscope=\"itemscope\" itemtype=\"https:\/\/schema.org\/ImageObject\"  ><div class='avia-image-container-inner'><div class='avia-image-overlay-wrap'><img decoding=\"async\" class='wp-image-58282 avia-img-lazy-loading-not-58282 avia_image' src=\"https:\/\/radiorevelacionfm.cl\/wp-content\/uploads\/2025\/08\/seremi-maldonado-1_optimized.jpeg\" alt='' title='seremi-maldonado-(1)_optimized' height=\"600\" width=\"800\"  itemprop=\"thumbnailUrl\" srcset=\"https:\/\/radiorevelacionfm.cl\/wp-content\/uploads\/2025\/08\/seremi-maldonado-1_optimized.jpeg 800w, https:\/\/radiorevelacionfm.cl\/wp-content\/uploads\/2025\/08\/seremi-maldonado-1_optimized-300x225.jpeg 300w, https:\/\/radiorevelacionfm.cl\/wp-content\/uploads\/2025\/08\/seremi-maldonado-1_optimized-768x576.jpeg 768w, https:\/\/radiorevelacionfm.cl\/wp-content\/uploads\/2025\/08\/seremi-maldonado-1_optimized-705x529.jpeg 705w, https:\/\/radiorevelacionfm.cl\/wp-content\/uploads\/2025\/08\/seremi-maldonado-1_optimized-450x338.jpeg 450w, https:\/\/radiorevelacionfm.cl\/wp-content\/uploads\/2025\/08\/seremi-maldonado-1_optimized-600x450.jpeg 600w\" sizes=\"(max-width: 800px) 100vw, 800px\" \/><\/div><\/div><\/div><\/div><div class=\"flex_column av_one_full  flex_column_div av-zero-column-padding first  avia-builder-el-2  el_after_av_one_full  el_before_av_one_full  column-top-margin\" style='border-radius:0px; '><section class=\"av_textblock_section \"  itemscope=\"itemscope\" itemtype=\"https:\/\/schema.org\/BlogPosting\" itemprop=\"blogPost\" ><div class='avia_textblock  '   itemprop=\"text\" ><p style=\"text-align: center;\"><strong><span style=\"font-size: 18pt;\">Partido Socialista manifest\u00f3 su malestar ante presiones que terminaron con la renuncia al cargo de la Seremi de Energ\u00eda<\/span><\/strong><\/p>\n<div id=\"gtx-trans\" style=\"position: absolute; left: -50px; top: 4.31534px;\">\n<div class=\"gtx-trans-icon\"><\/div>\n<\/div>\n<\/div><\/section><\/div><div class=\"flex_column av_one_full  flex_column_div av-zero-column-padding first  avia-builder-el-4  el_after_av_one_full  el_before_av_hr  column-top-margin\" style='border-radius:0px; '><section class=\"av_textblock_section \"  itemscope=\"itemscope\" itemtype=\"https:\/\/schema.org\/BlogPosting\" itemprop=\"blogPost\" ><div class='avia_textblock  '   itemprop=\"text\" ><p style=\"text-align: justify;\">A trav\u00e9s de una Declaraci\u00f3n p\u00fablica desde el Partido Socialista de Chile, Direcci\u00f3n Regional de Ays\u00e9n se\u00f1alaron.<\/p>\n<p style=\"text-align: justify;\">Frente a la reciente solicitud de renuncia dirigida a nuestra militante Sandra Maldonado Garc\u00e9s, Seremi de Energ\u00eda de la Regi\u00f3n de Ays\u00e9n, queremos manifestar lo siguiente:<\/p>\n<ol style=\"text-align: justify;\">\n<li>Rechazamos categ\u00f3ricamente los intentos de deslegitimar su nombramiento mediante campa\u00f1as de desprestigio que apelan a publicaciones descontextualizadas y ataques personales. Sandra Maldonado es una profesional comprometida con el desarrollo de la regi\u00f3n, con una trayectoria que respalda su capacidad t\u00e9cnica y pol\u00edtica para ejercer el cargo.<\/li>\n<\/ol>\n<ol style=\"text-align: justify;\" start=\"2\">\n<li>Nos preocupa profundamente que sectores de la extrema derecha insistan en instalar y condicionar el ejercicio de los cargos p\u00fablicos a personas que han compartido opiniones y publicaciones del pasado e inclusive siendo editadas para generar un impacto medi\u00e1tico y p\u00fablico con la finalidad de denostar y manchar la imagen personal y p\u00fablica. Recordemos, sin ir m\u00e1s lejos que la propia candidata de Chile Vamos hace un tiempo acus\u00f3 al equipo del fascista Kast de realizar una campa\u00f1a por redes sociales denostando su condici\u00f3n de salud mental, para ello editaron entrevistas y salidas medi\u00e1ticas de la candidata de derecha para conseguir este objetivo.<\/li>\n<\/ol>\n<ol style=\"text-align: justify;\" start=\"3\">\n<li>Hacemos un llamado a los partidos de oposici\u00f3n a elevar el debate pol\u00edtico, dejando atr\u00e1s la l\u00f3gica del acoso digital y la desinformaci\u00f3n, y enfoc\u00e1ndose en los desaf\u00edos reales que enfrenta el pa\u00eds.<\/li>\n<\/ol>\n<p style=\"text-align: justify;\"><strong>Por su parte, el Partido Socialista Comunal Ays\u00e9n manifiest\u00f3 su malestar por presi\u00f3n forzada de la derecha a exigir renuncia al cargo de la Seremi de Energ\u00eda Regi\u00f3n de Ays\u00e9n.<\/strong><\/p>\n<p style=\"text-align: justify;\">Frente a la solicitud de renuncia forzada de nuestra militante <strong>Sandra Maldonado Garc\u00e9s<\/strong>, Seremi de Energ\u00eda de la Regi\u00f3n de Ays\u00e9n, incitada y potenciada por algunos partidos de la extrema derecha utilizando abiertamente descalificaciones en redes sociales y medios de comunicaci\u00f3n regional y nacional, declaramos lo siguiente:<\/p>\n<ol style=\"text-align: justify;\">\n<li><strong>Sandra Maldonado Garc\u00e9s<\/strong>, es una profesional comprometida con el desarrollo social y humano en la regi\u00f3n, con una trayectoria que respalda su capacidad t\u00e9cnica y pol\u00edtica para ejercer el cargo.<\/li>\n<li>Rechazamos todos los tipos de agresiones de toda naturaleza, publicaciones insidiosas que distorsionan hechos y realidades, sacan frases de contexto o difunden noticias falsas contra nuestra compa\u00f1era <strong>Sandra Maldonado Garc\u00e9s.<\/strong><\/li>\n<li>Nos preocupa por parte de los partidos de la derecha las pr\u00e1cticas de mentir sin escr\u00fapulos a la ciudadan\u00eda buscando siempre deslegitimar y menoscabar el nombramiento de una autoridad, especialmente, cuando es mujer, utilizando ataques personales y publicaciones manipuladas.<\/li>\n<\/ol>\n<ol style=\"text-align: justify;\" start=\"4\">\n<li>Es grav\u00edsimo que la extrema derecha que busca gobernar utilice <strong>campa\u00f1as de desprestigio en redes sociales<\/strong> y medios para instalar dudas sobre su idoneidad, reproduciendo pr\u00e1cticas que afectan especialmente a mujeres en espacios de liderazgo. Este tipo de ataques no solo vulneran el respeto democr\u00e1tico, sino que tambi\u00e9n perpet\u00faan una cultura de violencia pol\u00edtica que debemos erradicar.<\/li>\n<li>Desde nuestro espacio pol\u00edtico hacemos un llamado a todas las fuerzas\u00a0pol\u00edticas a condenar los actos de violencia\u00a0a los que fue expuesta nuestra militante\u00a0<strong>Sandra Maldonado Garc\u00e9s<\/strong> y ha no normalizar las descalificaciones, el maltrato ni el menoscabo hacia las mujeres que asumen responsabilidades en el gobierno.<\/li>\n<li>Instamos a todos los actores pol\u00edticos a cuidar el lenguaje y a construir espacios donde la participaci\u00f3n de las mujeres no implique sacrificios personales ni exposici\u00f3n a la violencia. No hay democracia plena sin igualdad ni sin respeto.<\/li>\n<li>Por \u00faltimo, valoramos y respaldamos la trayectoria de <strong>Sandra Maldonado Garc\u00e9s<\/strong>, agradecemos su disposici\u00f3n para asumir la responsabilidad de dirigir\u00a0la Secretaria Regional Ministerial de Energ\u00eda.<\/li>\n<\/ol>\n<\/div><\/section><\/div><div  style='height:50px' class='hr hr-invisible   avia-builder-el-6  el_after_av_one_full  el_before_av_social_share '><span class='hr-inner ' ><span class='hr-inner-style'><\/span><\/span><\/div><\/p>\n<div  class='av-social-sharing-box  avia-builder-el-7  el_after_av_hr  el_before_av_hr  '><div class='av-share-box'><h5 class='av-share-link-description av-no-toc '>Compartir esta noticia<\/h5><ul class='av-share-box-list noLightbox'><li class='av-share-link av-social-link-facebook' ><a target=\"_blank\" aria-label=\"Compartir en Facebook\" href='https:\/\/www.facebook.com\/sharer.php?u=https:\/\/radiorevelacionfm.cl\/?p=58398&#038;t=Partido%20Socialista%20manifest%C3%B3%20su%20malestar%20ante%20presiones%20que%20terminaron%20con%20la%20renuncia%20al%20cargo%20de%20la%20Seremi%20de%20Energ%C3%ADa' aria-hidden='false' data-av_icon='\ue8f3' data-av_iconfont='entypo-fontello' title='' data-avia-related-tooltip='Compartir en Facebook' rel=\"noopener\"><span class='avia_hidden_link_text'>Compartir en Facebook<\/span><\/a><\/li><li class='av-share-link av-social-link-twitter' ><a target=\"_blank\" aria-label=\"Compartir en Twitter\" href='https:\/\/twitter.com\/share?text=Partido%20Socialista%20manifest%C3%B3%20su%20malestar%20ante%20presiones%20que%20terminaron%20con%20la%20renuncia%20al%20cargo%20de%20la%20Seremi%20de%20Energ%C3%ADa&#038;url=https:\/\/radiorevelacionfm.cl\/?p=58398' aria-hidden='false' data-av_icon='\ue8f1' data-av_iconfont='entypo-fontello' title='' data-avia-related-tooltip='Compartir en Twitter' rel=\"noopener\"><span class='avia_hidden_link_text'>Compartir en Twitter<\/span><\/a><\/li><li class='av-share-link av-social-link-whatsapp' ><a target=\"_blank\" aria-label=\"Compartir en Whatsapp\" href='https:\/\/api.whatsapp.com\/send?text=https:\/\/radiorevelacionfm.cl\/?p=58398' aria-hidden='false' data-av_icon='\uf232' data-av_iconfont='entypo-fontello' title='' data-avia-related-tooltip='Compartir en Whatsapp' rel=\"noopener\"><span class='avia_hidden_link_text'>Compartir en Whatsapp<\/span><\/a><\/li><li class='av-share-link av-social-link-linkedin' ><a target=\"_blank\" aria-label=\"Compartir en LinkedIn\" href='https:\/\/linkedin.com\/shareArticle?mini=true&#038;title=Partido%20Socialista%20manifest%C3%B3%20su%20malestar%20ante%20presiones%20que%20terminaron%20con%20la%20renuncia%20al%20cargo%20de%20la%20Seremi%20de%20Energ%C3%ADa&#038;url=https:\/\/radiorevelacionfm.cl\/?p=58398' aria-hidden='false' data-av_icon='\ue8fc' data-av_iconfont='entypo-fontello' title='' data-avia-related-tooltip='Compartir en LinkedIn' rel=\"noopener\"><span class='avia_hidden_link_text'>Compartir en LinkedIn<\/span><\/a><\/li><li class='av-share-link av-social-link-mail' ><a  aria-label=\"Compartir por correo\" href='mailto:?subject=Partido%20Socialista%20manifest%C3%B3%20su%20malestar%20ante%20presiones%20que%20terminaron%20con%20la%20renuncia%20al%20cargo%20de%20la%20Seremi%20de%20Energ%C3%ADa&#038;body=https:\/\/radiorevelacionfm.cl\/?p=58398' aria-hidden='false' data-av_icon='\ue805' data-av_iconfont='entypo-fontello' title='' data-avia-related-tooltip='Compartir por correo'><span class='avia_hidden_link_text'>Compartir por correo<\/span><\/a><\/li><\/ul><\/div><\/div>\n<div  style='height:50px' class='hr hr-invisible   avia-builder-el-8  el_after_av_social_share  el_before_av_comments_list '><span class='hr-inner ' ><span class='hr-inner-style'><\/span><\/span><\/div>\n<div  class='av-buildercomment  av-blog-meta-html-info-disabled av-blog-meta-tag-disabled  '><\/div>\n","protected":false},"excerpt":{"rendered":"","protected":false},"author":1,"featured_media":58282,"comment_status":"closed","ping_status":"closed","sticky":false,"template":"","format":"standard","meta":{"footnotes":""},"categories":[35],"tags":[],"class_list":["post-58398","post","type-post","status-publish","format-standard","has-post-thumbnail","hentry","category-politica"],"jetpack_featured_media_url":"https:\/\/radiorevelacionfm.cl\/wp-content\/uploads\/2025\/08\/seremi-maldonado-1_optimized.jpeg","_links":{"self":[{"href":"https:\/\/radiorevelacionfm.cl\/index.php?rest_route=\/wp\/v2\/posts\/58398","targetHints":{"allow":["GET"]}}],"collection":[{"href":"https:\/\/radiorevelacionfm.cl\/index.php?rest_route=\/wp\/v2\/posts"}],"about":[{"href":"https:\/\/radiorevelacionfm.cl\/index.php?rest_route=\/wp\/v2\/types\/post"}],"author":[{"embeddable":true,"href":"https:\/\/radiorevelacionfm.cl\/index.php?rest_route=\/wp\/v2\/users\/1"}],"replies":[{"embeddable":true,"href":"https:\/\/radiorevelacionfm.cl\/index.php?rest_route=%2Fwp%2Fv2%2Fcomments&post=58398"}],"version-history":[{"count":2,"href":"https:\/\/radiorevelacionfm.cl\/index.php?rest_route=\/wp\/v2\/posts\/58398\/revisions"}],"predecessor-version":[{"id":58435,"href":"https:\/\/radiorevelacionfm.cl\/index.php?rest_route=\/wp\/v2\/posts\/58398\/revisions\/58435"}],"wp:featuredmedia":[{"embeddable":true,"href":"https:\/\/radiorevelacionfm.cl\/index.php?rest_route=\/wp\/v2\/media\/58282"}],"wp:attachment":[{"href":"https:\/\/radiorevelacionfm.cl\/index.php?rest_route=%2Fwp%2Fv2%2Fmedia&parent=58398"}],"wp:term":[{"taxonomy":"category","embeddable":true,"href":"https:\/\/radiorevelacionfm.cl\/index.php?rest_route=%2Fwp%2Fv2%2Fcategories&post=58398"},{"taxonomy":"post_tag","embeddable":true,"href":"https:\/\/radiorevelacionfm.cl\/index.php?rest_route=%2Fwp%2Fv2%2Ftags&post=58398"}],"curies":[{"name":"wp","href":"https:\/\/api.w.org\/{rel}","templated":true}]}}