{"id":58395,"date":"2025-08-28T16:06:50","date_gmt":"2025-08-28T19:06:50","guid":{"rendered":"https:\/\/radiorevelacionfm.cl\/?p=58395"},"modified":"2025-08-28T16:06:50","modified_gmt":"2025-08-28T19:06:50","slug":"gobierno-regional-de-aysen-realizo-la-primera-mesa-del-deporte-con-participacion-de-la-comunidad","status":"publish","type":"post","link":"https:\/\/radiorevelacionfm.cl\/?p=58395","title":{"rendered":"Gobierno Regional de Ays\u00e9n realiz\u00f3 la primera Mesa del Deporte con participaci\u00f3n de la comunidad"},"content":{"rendered":"<div class=\"flex_column av_one_full  flex_column_div av-zero-column-padding first  avia-builder-el-0  el_before_av_one_full  avia-builder-el-first  \" style='border-radius:0px; '><div  class='avia-image-container  av-styling-    avia-builder-el-1  avia-builder-el-no-sibling  avia-align-center '  itemprop=\"image\" itemscope=\"itemscope\" itemtype=\"https:\/\/schema.org\/ImageObject\"  ><div class='avia-image-container-inner'><div class='avia-image-overlay-wrap'><img decoding=\"async\" class='wp-image-58396 avia-img-lazy-loading-not-58396 avia_image' src=\"https:\/\/radiorevelacionfm.cl\/wp-content\/uploads\/2025\/08\/DSC09551_1-1-1-1.jpg\" alt='' title='DSC09551_1 (1) (1) (1)' height=\"600\" width=\"856\"  itemprop=\"thumbnailUrl\" srcset=\"https:\/\/radiorevelacionfm.cl\/wp-content\/uploads\/2025\/08\/DSC09551_1-1-1-1.jpg 856w, https:\/\/radiorevelacionfm.cl\/wp-content\/uploads\/2025\/08\/DSC09551_1-1-1-1-300x210.jpg 300w, https:\/\/radiorevelacionfm.cl\/wp-content\/uploads\/2025\/08\/DSC09551_1-1-1-1-768x538.jpg 768w, https:\/\/radiorevelacionfm.cl\/wp-content\/uploads\/2025\/08\/DSC09551_1-1-1-1-705x494.jpg 705w, https:\/\/radiorevelacionfm.cl\/wp-content\/uploads\/2025\/08\/DSC09551_1-1-1-1-450x315.jpg 450w, https:\/\/radiorevelacionfm.cl\/wp-content\/uploads\/2025\/08\/DSC09551_1-1-1-1-600x421.jpg 600w\" sizes=\"(max-width: 856px) 100vw, 856px\" \/><\/div><\/div><\/div><\/div><div class=\"flex_column av_one_full  flex_column_div av-zero-column-padding first  avia-builder-el-2  el_after_av_one_full  el_before_av_one_full  column-top-margin\" style='border-radius:0px; '><section class=\"av_textblock_section \"  itemscope=\"itemscope\" itemtype=\"https:\/\/schema.org\/BlogPosting\" itemprop=\"blogPost\" ><div class='avia_textblock  '   itemprop=\"text\" ><p style=\"text-align: center;\"><strong><span style=\"font-size: 18pt;\">Gobierno Regional de Ays\u00e9n realiz\u00f3 la primera Mesa del Deporte con participaci\u00f3n de la comunidad<\/span><\/strong><\/p>\n<div id=\"gtx-trans\" style=\"position: absolute; left: -50px; top: 4.31534px;\">\n<div class=\"gtx-trans-icon\"><\/div>\n<\/div>\n<\/div><\/section><\/div><div class=\"flex_column av_one_full  flex_column_div av-zero-column-padding first  avia-builder-el-4  el_after_av_one_full  el_before_av_hr  column-top-margin\" style='border-radius:0px; '><section class=\"av_textblock_section \"  itemscope=\"itemscope\" itemtype=\"https:\/\/schema.org\/BlogPosting\" itemprop=\"blogPost\" ><div class='avia_textblock  '   itemprop=\"text\" ><p style=\"text-align: justify;\">En la oportunidad, deportistas y dirigentes de clubes deportivos de la regi\u00f3n, tuvieron la oportunidad de plantear sus inquietudes y conversar directamente con el gobernador regional de Ays\u00e9n, Marcelo Santana Vargas.<\/p>\n<p style=\"text-align: justify;\">Dirigentes de asociaciones, clubes y representantes de distintas disciplinas deportivas participaron en la primera Mesa del Deporte convocada por el Gobierno Regional de Ays\u00e9n y su Consejo, con el objetivo de conocer las inquietudes de los deportistas y comenzar a elaborar la renovaci\u00f3n de una nueva Pol\u00edtica Regional de Deporte.<\/p>\n<p style=\"text-align: justify;\">El gobernador Marcelo Santana fue claro en su visi\u00f3n: \u201cQueremos fomentar la cultura deportiva en la regi\u00f3n y hacer de Ays\u00e9n la <strong>Regi\u00f3n del Deporte<\/strong>. Tenemos las mejores condiciones, pero necesitamos trabajar en infraestructura, apoyo a los deportistas y en lo recreacional y formativo\u201d.<\/p>\n<p style=\"text-align: justify;\">El encuentro destac\u00f3 por la activa participaci\u00f3n de los deportistas y dirigentes, quienes tuvieron la oportunidad de conversar con el gobernador regional. Para Gustavo Villarroel, presidente de la Comisi\u00f3n de Desarrollo Social, Superaci\u00f3n de la Pobreza y Planificaci\u00f3n del Consejo Regional, la cita cobra a\u00fan m\u00e1s relevancia al coincidir con la evaluaci\u00f3n de la actual pol\u00edtica regional del deporte, vigente desde 2016. \u201cEstamos cerrando un ciclo de diez a\u00f1os, pero al mismo tiempo iniciando otro. Este es el momento para escuchar, reflexionar y proyectar lo que queremos en la pr\u00f3xima d\u00e9cada\u201d, se\u00f1al\u00f3.<\/p>\n<p style=\"text-align: justify;\">Participaron desde personas mayores hasta el deporte adaptado, pasando por el mundo competitivo y recreativo. En general, coincidieron en la importancia de este hito y la posibilidad que tuvieron de participar como comunidad. Olga Orellana, presidenta del Club Deportivo Energ\u00eda Austral, expres\u00f3: \u201cAqu\u00ed comienza algo nuevo para todos. Vimos dificultades, s\u00ed, pero tambi\u00e9n una enorme voluntad de participar y aportar\u201d.<\/p>\n<p style=\"text-align: justify;\">Daniel Pedrero, representante de la gimnasia art\u00edstica y r\u00edtmica, destac\u00f3 la importancia de abrir espacios permanentes de conversaci\u00f3n: \u201cAqu\u00ed surgen las ideas reales de lo que podemos hacer para avanzar en todas las dimensiones del deporte, desde lo recreativo hasta el alto rendimiento\u201d.<\/p>\n<p style=\"text-align: justify;\">Otro de los participantes, V\u00edctor Hugo Barrio, de Radio Ventisqueros, record\u00f3 que la Mesa del Deporte fue una de las primeras solicitudes que dirigentes plantearon al gobernador Santana: \u201cHoy vemos c\u00f3mo esa petici\u00f3n se concreta. Este es un primer paso de algo muy grande\u201d.<\/p>\n<p style=\"text-align: justify;\"><strong>El inicio de una d\u00e9cada decisiva<\/strong><\/p>\n<p style=\"text-align: justify;\">El encuentro en Coyhaique fue el punto de partida, ya que la <strong>Mesa del Deporte<\/strong> continuar\u00e1 sesionando en diversas comunas y localidades de la regi\u00f3n, porque el desaf\u00edo es ambicioso: dotar a la regi\u00f3n de una pol\u00edtica deportiva robusta, capaz de entregar mejores espacios, mayor infraestructura, apoyo directo a los deportistas y m\u00e1s instancias para el desarrollo de ni\u00f1os, j\u00f3venes, adultos y personas mayores.<\/p>\n<\/div><\/section><\/div><div  style='height:50px' class='hr hr-invisible   avia-builder-el-6  el_after_av_one_full  el_before_av_social_share '><span class='hr-inner ' ><span class='hr-inner-style'><\/span><\/span><\/div><\/p>\n<div  class='av-social-sharing-box  avia-builder-el-7  el_after_av_hr  el_before_av_hr  '><div class='av-share-box'><h5 class='av-share-link-description av-no-toc '>Compartir esta noticia<\/h5><ul class='av-share-box-list noLightbox'><li class='av-share-link av-social-link-facebook' ><a target=\"_blank\" aria-label=\"Compartir en Facebook\" href='https:\/\/www.facebook.com\/sharer.php?u=https:\/\/radiorevelacionfm.cl\/?p=58395&#038;t=Gobierno%20Regional%20de%20Ays%C3%A9n%20realiz%C3%B3%20la%20primera%20Mesa%20del%20Deporte%20con%20participaci%C3%B3n%20de%20la%20comunidad' aria-hidden='false' data-av_icon='\ue8f3' data-av_iconfont='entypo-fontello' title='' data-avia-related-tooltip='Compartir en Facebook' rel=\"noopener\"><span class='avia_hidden_link_text'>Compartir en Facebook<\/span><\/a><\/li><li class='av-share-link av-social-link-twitter' ><a target=\"_blank\" aria-label=\"Compartir en Twitter\" href='https:\/\/twitter.com\/share?text=Gobierno%20Regional%20de%20Ays%C3%A9n%20realiz%C3%B3%20la%20primera%20Mesa%20del%20Deporte%20con%20participaci%C3%B3n%20de%20la%20comunidad&#038;url=https:\/\/radiorevelacionfm.cl\/?p=58395' aria-hidden='false' data-av_icon='\ue8f1' data-av_iconfont='entypo-fontello' title='' data-avia-related-tooltip='Compartir en Twitter' rel=\"noopener\"><span class='avia_hidden_link_text'>Compartir en Twitter<\/span><\/a><\/li><li class='av-share-link av-social-link-whatsapp' ><a target=\"_blank\" aria-label=\"Compartir en Whatsapp\" href='https:\/\/api.whatsapp.com\/send?text=https:\/\/radiorevelacionfm.cl\/?p=58395' aria-hidden='false' data-av_icon='\uf232' data-av_iconfont='entypo-fontello' title='' data-avia-related-tooltip='Compartir en Whatsapp' rel=\"noopener\"><span class='avia_hidden_link_text'>Compartir en Whatsapp<\/span><\/a><\/li><li class='av-share-link av-social-link-linkedin' ><a target=\"_blank\" aria-label=\"Compartir en LinkedIn\" href='https:\/\/linkedin.com\/shareArticle?mini=true&#038;title=Gobierno%20Regional%20de%20Ays%C3%A9n%20realiz%C3%B3%20la%20primera%20Mesa%20del%20Deporte%20con%20participaci%C3%B3n%20de%20la%20comunidad&#038;url=https:\/\/radiorevelacionfm.cl\/?p=58395' aria-hidden='false' data-av_icon='\ue8fc' data-av_iconfont='entypo-fontello' title='' data-avia-related-tooltip='Compartir en LinkedIn' rel=\"noopener\"><span class='avia_hidden_link_text'>Compartir en LinkedIn<\/span><\/a><\/li><li class='av-share-link av-social-link-mail' ><a  aria-label=\"Compartir por correo\" href='mailto:?subject=Gobierno%20Regional%20de%20Ays%C3%A9n%20realiz%C3%B3%20la%20primera%20Mesa%20del%20Deporte%20con%20participaci%C3%B3n%20de%20la%20comunidad&#038;body=https:\/\/radiorevelacionfm.cl\/?p=58395' aria-hidden='false' data-av_icon='\ue805' data-av_iconfont='entypo-fontello' title='' data-avia-related-tooltip='Compartir por correo'><span class='avia_hidden_link_text'>Compartir por correo<\/span><\/a><\/li><\/ul><\/div><\/div>\n<div  style='height:50px' class='hr hr-invisible   avia-builder-el-8  el_after_av_social_share  el_before_av_comments_list '><span class='hr-inner ' ><span class='hr-inner-style'><\/span><\/span><\/div>\n<div  class='av-buildercomment  av-blog-meta-html-info-disabled av-blog-meta-tag-disabled  '><\/div>\n","protected":false},"excerpt":{"rendered":"","protected":false},"author":1,"featured_media":58396,"comment_status":"closed","ping_status":"closed","sticky":false,"template":"","format":"standard","meta":{"footnotes":""},"categories":[38],"tags":[],"class_list":["post-58395","post","type-post","status-publish","format-standard","has-post-thumbnail","hentry","category-regional"],"jetpack_featured_media_url":"https:\/\/radiorevelacionfm.cl\/wp-content\/uploads\/2025\/08\/DSC09551_1-1-1-1.jpg","_links":{"self":[{"href":"https:\/\/radiorevelacionfm.cl\/index.php?rest_route=\/wp\/v2\/posts\/58395","targetHints":{"allow":["GET"]}}],"collection":[{"href":"https:\/\/radiorevelacionfm.cl\/index.php?rest_route=\/wp\/v2\/posts"}],"about":[{"href":"https:\/\/radiorevelacionfm.cl\/index.php?rest_route=\/wp\/v2\/types\/post"}],"author":[{"embeddable":true,"href":"https:\/\/radiorevelacionfm.cl\/index.php?rest_route=\/wp\/v2\/users\/1"}],"replies":[{"embeddable":true,"href":"https:\/\/radiorevelacionfm.cl\/index.php?rest_route=%2Fwp%2Fv2%2Fcomments&post=58395"}],"version-history":[{"count":2,"href":"https:\/\/radiorevelacionfm.cl\/index.php?rest_route=\/wp\/v2\/posts\/58395\/revisions"}],"predecessor-version":[{"id":58431,"href":"https:\/\/radiorevelacionfm.cl\/index.php?rest_route=\/wp\/v2\/posts\/58395\/revisions\/58431"}],"wp:featuredmedia":[{"embeddable":true,"href":"https:\/\/radiorevelacionfm.cl\/index.php?rest_route=\/wp\/v2\/media\/58396"}],"wp:attachment":[{"href":"https:\/\/radiorevelacionfm.cl\/index.php?rest_route=%2Fwp%2Fv2%2Fmedia&parent=58395"}],"wp:term":[{"taxonomy":"category","embeddable":true,"href":"https:\/\/radiorevelacionfm.cl\/index.php?rest_route=%2Fwp%2Fv2%2Fcategories&post=58395"},{"taxonomy":"post_tag","embeddable":true,"href":"https:\/\/radiorevelacionfm.cl\/index.php?rest_route=%2Fwp%2Fv2%2Ftags&post=58395"}],"curies":[{"name":"wp","href":"https:\/\/api.w.org\/{rel}","templated":true}]}}