{"id":58392,"date":"2025-08-30T18:58:41","date_gmt":"2025-08-30T21:58:41","guid":{"rendered":"https:\/\/radiorevelacionfm.cl\/?p=58392"},"modified":"2025-08-30T18:58:41","modified_gmt":"2025-08-30T21:58:41","slug":"gobierno-lanza-dialogos-con-estudiantes-sobre-la-encuesta-juventud-y-bienestar","status":"publish","type":"post","link":"https:\/\/radiorevelacionfm.cl\/?p=58392","title":{"rendered":"Gobierno lanza di\u00e1logos con estudiantes sobre la encuesta juventud y bienestar"},"content":{"rendered":"<div class=\"flex_column av_one_full  flex_column_div av-zero-column-padding first  avia-builder-el-0  el_before_av_one_full  avia-builder-el-first  \" style='border-radius:0px; '><div  class='avia-image-container  av-styling-    avia-builder-el-1  avia-builder-el-no-sibling  avia-align-center '  itemprop=\"image\" itemscope=\"itemscope\" itemtype=\"https:\/\/schema.org\/ImageObject\"  ><div class='avia-image-container-inner'><div class='avia-image-overlay-wrap'><img decoding=\"async\" class='wp-image-58393 avia-img-lazy-loading-not-58393 avia_image' src=\"https:\/\/radiorevelacionfm.cl\/wp-content\/uploads\/2025\/08\/dsc09681-1_optimized.jpg\" alt='' title='dsc09681-(1)_optimized' height=\"600\" width=\"900\"  itemprop=\"thumbnailUrl\" srcset=\"https:\/\/radiorevelacionfm.cl\/wp-content\/uploads\/2025\/08\/dsc09681-1_optimized.jpg 900w, https:\/\/radiorevelacionfm.cl\/wp-content\/uploads\/2025\/08\/dsc09681-1_optimized-300x200.jpg 300w, https:\/\/radiorevelacionfm.cl\/wp-content\/uploads\/2025\/08\/dsc09681-1_optimized-768x512.jpg 768w, https:\/\/radiorevelacionfm.cl\/wp-content\/uploads\/2025\/08\/dsc09681-1_optimized-705x470.jpg 705w, https:\/\/radiorevelacionfm.cl\/wp-content\/uploads\/2025\/08\/dsc09681-1_optimized-450x300.jpg 450w, https:\/\/radiorevelacionfm.cl\/wp-content\/uploads\/2025\/08\/dsc09681-1_optimized-600x400.jpg 600w\" sizes=\"(max-width: 900px) 100vw, 900px\" \/><\/div><\/div><\/div><\/div>\n<div class=\"flex_column av_one_full  flex_column_div av-zero-column-padding first  avia-builder-el-2  el_after_av_one_full  el_before_av_one_full  column-top-margin\" style='border-radius:0px; '><section class=\"av_textblock_section \"  itemscope=\"itemscope\" itemtype=\"https:\/\/schema.org\/BlogPosting\" itemprop=\"blogPost\" ><div class='avia_textblock  '   itemprop=\"text\" ><p style=\"text-align: center;\"><strong><span style=\"font-size: 18pt;\">Gobierno lanza di\u00e1logos con estudiantes sobre la encuesta juventud y bienestar<\/span><\/strong><\/p>\n<div id=\"gtx-trans\" style=\"position: absolute; left: -50px; top: 4.31534px;\">\n<div class=\"gtx-trans-icon\"><\/div>\n<\/div>\n<\/div><\/section><\/div><div class=\"flex_column av_one_full  flex_column_div av-zero-column-padding first  avia-builder-el-4  el_after_av_one_full  el_before_av_hr  column-top-margin\" style='border-radius:0px; '><section class=\"av_textblock_section \"  itemscope=\"itemscope\" itemtype=\"https:\/\/schema.org\/BlogPosting\" itemprop=\"blogPost\" ><div class='avia_textblock  '   itemprop=\"text\" ><ul>\n<li style=\"text-align: justify;\"><em>La iniciativa impulsada por SENDA e INJUV busca devolver los resultados de la Encuesta Juventud y Bienestar 2024 a las comunidades escolares y abrir espacios de conversaci\u00f3n donde las y los j\u00f3venes puedan expresar c\u00f3mo viven su realidad y escuchar sus propuestas.<\/em><\/li>\n<\/ul>\n<p style=\"text-align: justify;\">El Gobierno lanz\u00f3 los Di\u00e1logos por el Bienestar de las Juventudes, iniciativa que busca devolver los resultados de la Encuesta Juventud y Bienestar 2024 y abrir espacios de conversaci\u00f3n con las y los j\u00f3venes sobre su realidad, sus preocupaciones y los factores que influyen en su bienestar.<\/p>\n<p style=\"text-align: justify;\">El primer encuentro, organizado por el Servicio Nacional para la Prevenci\u00f3n y Rehabilitaci\u00f3n del Consumo de Drogas y Alcohol (SENDA) y el Instituto Nacional de la Juventud (Injuv), se desarroll\u00f3 con estudiantes de 3\u00b0 medio del Liceo Comercial B-72 de Estaci\u00f3n Central.<\/p>\n<p style=\"text-align: justify;\">La Encuesta Juventud y Bienestar aplicada por SENDA es la medici\u00f3n m\u00e1s amplia de su tipo en el pa\u00eds: en 2024, participaron m\u00e1s de 135 mil estudiantes de 2\u00b0 medio en 2.103 establecimientos de 297 comunas.<\/p>\n<p style=\"text-align: justify;\">Entre los principales hallazgos, 1 de cada 3 estudiantes declara dificultades para recibir cari\u00f1o y calidez de sus padres o madres, y quienes reportan bajo control parental presentan mayores consumos de alcohol y marihuana. En cuanto al bienestar, la mayor\u00eda de los estudiantes se declara feliz o muy feliz (70%), aunque tambi\u00e9n se observan s\u00edntomas como soledad, que impactan en su salud mental.<\/p>\n<p style=\"text-align: justify;\">La directora nacional de SENDA, Natalia Riffo, resalt\u00f3 que \u201ccon los Di\u00e1logos buscamos escuchar a las y los estudiantes directamente. La encuesta nos entreg\u00f3 datos muy importantes, pero lo que enriquece ese diagn\u00f3stico es conocer c\u00f3mo interpretan ellos mismos esos resultados y qu\u00e9 proponen para su propio bienestar\u201d.<\/p>\n<p style=\"text-align: justify;\">En tanto, el director nacional de INJUV, Juan Pablo Duhalde, se\u00f1al\u00f3, \u201cvaloramos esta alianza que nos permite trabajar en conjunto para generar espacios de di\u00e1logo seguros para las juventudes y de escucha activa que, sin duda, potencian y mejoran la calidad de nuestros programas a lo largo del pa\u00eds\u201d.<\/p>\n<p style=\"text-align: justify;\">Los di\u00e1logos se realizar\u00e1n en todas las regiones del pa\u00eds durante agosto y septiembre, con participaci\u00f3n conjunta de equipos de SENDA e INJUV, y estudiantes de tercero medio que participaron en la Encuesta Juventud y Bienestar durante 2024.<\/p>\n<p style=\"text-align: justify;\"><strong>Acuerdo de colaboraci\u00f3n<\/strong><\/p>\n<p style=\"text-align: justify;\">En el marco del lanzamiento de los di\u00e1logos, SENDA e INJUV formalizaron un convenio de cooperaci\u00f3n, que permitir\u00e1 fortalecer el trabajo conjunto en prevenci\u00f3n y promoci\u00f3n del bienestar de las juventudes.<\/p>\n<p style=\"text-align: justify;\">El acuerdo contempla que SENDA incorpore a INJUV en el dise\u00f1o de acciones dirigidas a las juventudes, facilite capacitaciones en prevenci\u00f3n y consumo, comparta informaci\u00f3n y estudios, y coordine iniciativas territoriales conjuntas.<\/p>\n<p style=\"text-align: justify;\">Por su parte, INJUV se compromete a entregar asesor\u00eda t\u00e9cnica en materias de juventudes, colaborar en actividades de difusi\u00f3n, participar en iniciativas relacionadas con la Encuesta Juventud y Bienestar, entre otros aspectos.<\/p>\n<\/div><\/section><\/div><\/p>\n<div  style='height:50px' class='hr hr-invisible   avia-builder-el-6  el_after_av_one_full  el_before_av_social_share '><span class='hr-inner ' ><span class='hr-inner-style'><\/span><\/span><\/div>\n<div  class='av-social-sharing-box  avia-builder-el-7  el_after_av_hr  el_before_av_hr  '><div class='av-share-box'><h5 class='av-share-link-description av-no-toc '>Compartir esta noticia<\/h5><ul class='av-share-box-list noLightbox'><li class='av-share-link av-social-link-facebook' ><a target=\"_blank\" aria-label=\"Compartir en Facebook\" href='https:\/\/www.facebook.com\/sharer.php?u=https:\/\/radiorevelacionfm.cl\/?p=58392&#038;t=Gobierno%20lanza%20di%C3%A1logos%20con%20estudiantes%20sobre%20la%20encuesta%20juventud%20y%20bienestar' aria-hidden='false' data-av_icon='\ue8f3' data-av_iconfont='entypo-fontello' title='' data-avia-related-tooltip='Compartir en Facebook' rel=\"noopener\"><span class='avia_hidden_link_text'>Compartir en Facebook<\/span><\/a><\/li><li class='av-share-link av-social-link-twitter' ><a target=\"_blank\" aria-label=\"Compartir en Twitter\" href='https:\/\/twitter.com\/share?text=Gobierno%20lanza%20di%C3%A1logos%20con%20estudiantes%20sobre%20la%20encuesta%20juventud%20y%20bienestar&#038;url=https:\/\/radiorevelacionfm.cl\/?p=58392' aria-hidden='false' data-av_icon='\ue8f1' data-av_iconfont='entypo-fontello' title='' data-avia-related-tooltip='Compartir en Twitter' rel=\"noopener\"><span class='avia_hidden_link_text'>Compartir en Twitter<\/span><\/a><\/li><li class='av-share-link av-social-link-whatsapp' ><a target=\"_blank\" aria-label=\"Compartir en Whatsapp\" href='https:\/\/api.whatsapp.com\/send?text=https:\/\/radiorevelacionfm.cl\/?p=58392' aria-hidden='false' data-av_icon='\uf232' data-av_iconfont='entypo-fontello' title='' data-avia-related-tooltip='Compartir en Whatsapp' rel=\"noopener\"><span class='avia_hidden_link_text'>Compartir en Whatsapp<\/span><\/a><\/li><li class='av-share-link av-social-link-linkedin' ><a target=\"_blank\" aria-label=\"Compartir en LinkedIn\" href='https:\/\/linkedin.com\/shareArticle?mini=true&#038;title=Gobierno%20lanza%20di%C3%A1logos%20con%20estudiantes%20sobre%20la%20encuesta%20juventud%20y%20bienestar&#038;url=https:\/\/radiorevelacionfm.cl\/?p=58392' aria-hidden='false' data-av_icon='\ue8fc' data-av_iconfont='entypo-fontello' title='' data-avia-related-tooltip='Compartir en LinkedIn' rel=\"noopener\"><span class='avia_hidden_link_text'>Compartir en LinkedIn<\/span><\/a><\/li><li class='av-share-link av-social-link-mail' ><a  aria-label=\"Compartir por correo\" href='mailto:?subject=Gobierno%20lanza%20di%C3%A1logos%20con%20estudiantes%20sobre%20la%20encuesta%20juventud%20y%20bienestar&#038;body=https:\/\/radiorevelacionfm.cl\/?p=58392' aria-hidden='false' data-av_icon='\ue805' data-av_iconfont='entypo-fontello' title='' data-avia-related-tooltip='Compartir por correo'><span class='avia_hidden_link_text'>Compartir por correo<\/span><\/a><\/li><\/ul><\/div><\/div>\n<div  style='height:50px' class='hr hr-invisible   avia-builder-el-8  el_after_av_social_share  el_before_av_comments_list '><span class='hr-inner ' ><span class='hr-inner-style'><\/span><\/span><\/div>\n<div  class='av-buildercomment  av-blog-meta-html-info-disabled av-blog-meta-tag-disabled  '><\/div>\n","protected":false},"excerpt":{"rendered":"","protected":false},"author":1,"featured_media":58393,"comment_status":"closed","ping_status":"closed","sticky":false,"template":"","format":"standard","meta":{"footnotes":""},"categories":[61],"tags":[],"class_list":["post-58392","post","type-post","status-publish","format-standard","has-post-thumbnail","hentry","category-nacional"],"jetpack_featured_media_url":"https:\/\/radiorevelacionfm.cl\/wp-content\/uploads\/2025\/08\/dsc09681-1_optimized.jpg","_links":{"self":[{"href":"https:\/\/radiorevelacionfm.cl\/index.php?rest_route=\/wp\/v2\/posts\/58392","targetHints":{"allow":["GET"]}}],"collection":[{"href":"https:\/\/radiorevelacionfm.cl\/index.php?rest_route=\/wp\/v2\/posts"}],"about":[{"href":"https:\/\/radiorevelacionfm.cl\/index.php?rest_route=\/wp\/v2\/types\/post"}],"author":[{"embeddable":true,"href":"https:\/\/radiorevelacionfm.cl\/index.php?rest_route=\/wp\/v2\/users\/1"}],"replies":[{"embeddable":true,"href":"https:\/\/radiorevelacionfm.cl\/index.php?rest_route=%2Fwp%2Fv2%2Fcomments&post=58392"}],"version-history":[{"count":3,"href":"https:\/\/radiorevelacionfm.cl\/index.php?rest_route=\/wp\/v2\/posts\/58392\/revisions"}],"predecessor-version":[{"id":58529,"href":"https:\/\/radiorevelacionfm.cl\/index.php?rest_route=\/wp\/v2\/posts\/58392\/revisions\/58529"}],"wp:featuredmedia":[{"embeddable":true,"href":"https:\/\/radiorevelacionfm.cl\/index.php?rest_route=\/wp\/v2\/media\/58393"}],"wp:attachment":[{"href":"https:\/\/radiorevelacionfm.cl\/index.php?rest_route=%2Fwp%2Fv2%2Fmedia&parent=58392"}],"wp:term":[{"taxonomy":"category","embeddable":true,"href":"https:\/\/radiorevelacionfm.cl\/index.php?rest_route=%2Fwp%2Fv2%2Fcategories&post=58392"},{"taxonomy":"post_tag","embeddable":true,"href":"https:\/\/radiorevelacionfm.cl\/index.php?rest_route=%2Fwp%2Fv2%2Ftags&post=58392"}],"curies":[{"name":"wp","href":"https:\/\/api.w.org\/{rel}","templated":true}]}}