{"id":5839,"date":"2021-07-02T10:32:31","date_gmt":"2021-07-02T13:32:31","guid":{"rendered":"https:\/\/radiorevelacionfm.cl\/?p=5839"},"modified":"2021-07-02T10:32:31","modified_gmt":"2021-07-02T13:32:31","slug":"efectuan-primera-sesion-del-nuevo-concejo-municipal-de-aysen","status":"publish","type":"post","link":"https:\/\/radiorevelacionfm.cl\/?p=5839","title":{"rendered":"Efect\u00faan primera sesi\u00f3n del nuevo Concejo Municipal de Ays\u00e9n"},"content":{"rendered":"<div class=\"flex_column av_one_full  flex_column_div av-zero-column-padding first  avia-builder-el-0  el_before_av_one_full  avia-builder-el-first  \" style='border-radius:0px; '><div  class='avia-image-container  av-styling-    avia-builder-el-1  avia-builder-el-no-sibling  avia-align-center '  itemprop=\"image\" itemscope=\"itemscope\" itemtype=\"https:\/\/schema.org\/ImageObject\"  ><div class='avia-image-container-inner'><div class='avia-image-overlay-wrap'><img decoding=\"async\" class='wp-image-5840 avia-img-lazy-loading-not-5840 avia_image' src=\"https:\/\/radiorevelacionfm.cl\/wp-content\/uploads\/2021\/07\/1-1-1.png\" alt='' title='1 (1) (1)' height=\"600\" width=\"900\"  itemprop=\"thumbnailUrl\" srcset=\"https:\/\/radiorevelacionfm.cl\/wp-content\/uploads\/2021\/07\/1-1-1.png 900w, https:\/\/radiorevelacionfm.cl\/wp-content\/uploads\/2021\/07\/1-1-1-300x200.png 300w, https:\/\/radiorevelacionfm.cl\/wp-content\/uploads\/2021\/07\/1-1-1-768x512.png 768w, https:\/\/radiorevelacionfm.cl\/wp-content\/uploads\/2021\/07\/1-1-1-705x470.png 705w, https:\/\/radiorevelacionfm.cl\/wp-content\/uploads\/2021\/07\/1-1-1-600x400.png 600w\" sizes=\"(max-width: 900px) 100vw, 900px\" \/><\/div><\/div><\/div><\/div><div class=\"flex_column av_one_full  flex_column_div av-zero-column-padding first  avia-builder-el-2  el_after_av_one_full  el_before_av_one_full  column-top-margin\" style='border-radius:0px; '><section class=\"av_textblock_section \"  itemscope=\"itemscope\" itemtype=\"https:\/\/schema.org\/BlogPosting\" itemprop=\"blogPost\" ><div class='avia_textblock  '   itemprop=\"text\" ><p style=\"text-align: center;\"><strong><span style=\"font-size: 18pt;\">Efect\u00faan primera sesi\u00f3n del nuevo Concejo Municipal de Ays\u00e9n <\/span><\/strong><\/p>\n<div id=\"gtx-trans\" style=\"position: absolute; left: -50px; top: 4.31534px;\">\n<div class=\"gtx-trans-icon\"><\/div>\n<\/div>\n<\/div><\/section><\/div><div class=\"flex_column av_one_full  flex_column_div av-zero-column-padding first  avia-builder-el-4  el_after_av_one_full  el_before_av_hr  column-top-margin\" style='border-radius:0px; '><section class=\"av_textblock_section \"  itemscope=\"itemscope\" itemtype=\"https:\/\/schema.org\/BlogPosting\" itemprop=\"blogPost\" ><div class='avia_textblock  '   itemprop=\"text\" ><p style=\"text-align: justify;\">En la instancia desarrollada en el tercer piso del Edificio Consistorial, transmitida por las redes sociales y el canal municipal. Junto con abordar las primeras materias de su competencia, el m\u00e1ximo \u00f3rgano colegiado de la comuna porte\u00f1a recibi\u00f3 la exposici\u00f3n de la Secretaria Municipal, Nancy Contreras, para revisar los alcances y mecanismos de trabajo regulados mediante los decretos municipales vigentes para el funcionamiento de esta instancia deliberativa. En la oportunidad, los nuevos ediles declararon distintas denuncias y\/o problemas de los vecinos por conectividad, servicios b\u00e1sicos, entre otros temas sociales.<\/p>\n<p style=\"text-align: justify;\">Frente a esto, el alcalde de la comuna, Julio Uribe Alvarado, destac\u00f3 que \u201cHoy d\u00eda empezamos con el gran trabajo que estamos realizando, la primera presentaci\u00f3n fue respecto al Jard\u00edn Infantil \u201cArboliris\u201d de Villa Ma\u00f1ihuales que est\u00e1 con complicaciones para obtener la Recomendaci\u00f3n Satisfactoria (RS) antes de fin de a\u00f1o porque o sino, perdemos los recursos pero hay un compromiso de la Junji para trabajar firmemente con la Direcci\u00f3n de Educaci\u00f3n y con el \u00e1rea de proyecto, esperar a que eso se resuelva y tener que ver en Obras Municipales el tema del traspaso de terrenos desde Bienes Nacionales, as\u00ed es que, ya comenzamos con un trabajo serio, fuerte y de preocupaci\u00f3n sobretodo en el \u00e1rea de educaci\u00f3n\u201d.<\/p>\n<p style=\"text-align: justify;\">A rengl\u00f3n seguido, la autoridad detall\u00f3 que \u201cluego tuvimos la aprobaci\u00f3n correspondiente al trabajo en s\u00ed, que estamos en una etapa de instalaci\u00f3n, se presentaron los directores municipales a los concejales. As\u00ed es que hemos tenido harta actividad, estamos preocupados de lo que acontece en nuestra comuna porque hay demasiadas dificultades pero estamos subsan\u00e1ndolas y llevando a cabo un buen trabajo. Para m\u00ed es muy importante que la comunidad sepa que este concejo comunal est\u00e1 funcionando de la mejor manera, hay una buena disposici\u00f3n por parte de los funcionarios y tambi\u00e9n del concejo, as\u00ed es que estimo que vamos a avanzar muy r\u00e1pido en las diferentes materias\u201d.<\/p>\n<p style=\"text-align: justify;\">Por su parte, la concejala Rosa Gonz\u00e1lez B\u00f3rquez, relev\u00f3 lo fruct\u00edfero de este primer encuentro, argumentando que ya se encuentran revisando las distintas materias municipales de su competencia, agregando que \u201cvamos a tener que ponernos aplicaditos a revisar y ver proyectos, resoluciones, para poder nosotros despu\u00e9s aprobar de forma responsable e informada. As\u00ed que tengan plena seguridad, la gente en su casa, que nosotros vamos a hacer, por mi parte, un trabajo muy responsable\u201d.<\/p>\n<p style=\"text-align: justify;\">En tanto, su par, Alejandro Soto Vargas, coment\u00f3 que dentro de las primeras prioridades el \u00f3rgano colegiado es apegar esta instancia a la comunidad retratando en ella las necesidades directas de los vecinos y vecinas de todos los puntos del territorio. En sus alocuciones, el concejal abord\u00f3 el tema legal y normativo relativo a la Feria que depende de la I. Municipalidad de Ays\u00e9n y la necesidad mantener toda su documentaci\u00f3n en regla para que las feriantes ayseninas puedan acceder al beneficio que se encuentra entregando el gobierno por motivo de reactivaci\u00f3n econ\u00f3mica.<\/p>\n<p style=\"text-align: justify;\">La concejala, Tatiana Villarroel Arancibia, a trav\u00e9s de su intervenci\u00f3n en puntos varios enfatiz\u00f3 la actual problem\u00e1tica que afecta en materia de conectividad digital a la localidad de Islas Huichas y que ha sido hist\u00f3ricamente una deficiencia en la zona insular de Ays\u00e9n que afecta no tan s\u00f3lo a los estudiantes, sino que ahora tambi\u00e9n, al comercio por depender de las operaciones en Cajas Vecinas. Para ello, pidi\u00f3 la presencia en una pr\u00f3xima instancia del Seremi de Transportes y Telecomunicaciones, tanto a ra\u00edz de esto, como de revisar alternativas que permitan el transporte de materiales peligrosos hasta la localidad debido a lo acontecido con el suministro de bencina y gas. A\u00f1adiendo que tambi\u00e9n, esa misma l\u00ednea se podr\u00eda invitar al Seremi de Energ\u00eda de Ays\u00e9n.<\/p>\n<p style=\"text-align: justify;\">Respecto a la instancia inicial del concejo municipal, el integrante Jorge Figueroa, calific\u00f3 como este encuentro como \u201cmuy bueno\u201d, tras la presentaci\u00f3n formulada por los distintos personeros municipales a cargo de las direcciones que posee la Ilustre Municipalidad de Ays\u00e9n y reiter\u00f3 su disposici\u00f3n a estar abierto a las necesidades de la comuna. \u201cComo concejal no tenemos la varita m\u00e1gica para solucionar todos los problemas, pero sin embargo tenemos las capacidades y la obligaci\u00f3n de ser el nexo entre nuestra ciudadan\u00eda y nuestro municipio\u201d.<\/p>\n<p style=\"text-align: justify;\">Finalmente, la concejala Silvia Klagges Cristi, indic\u00f3 que \u201cha sido un trabajo tranquilo, ordenado y espero que sigamos trabajando con un gran grupo humano y ya hemos visto y hemos pedido al presidente del Concejo poder estar en la \u00e1rea social que es lo que nos preocupa en este tiempo, en donde est\u00e1 haciendo mucho fr\u00edo y vemos que nuestros adultos mayores necesitan de ese gran apoyo desde el municipio\u201d, sentenci\u00f3 la autoridad comunal.<\/p>\n<\/div><\/section><\/div><div  style='height:50px' class='hr hr-invisible   avia-builder-el-6  el_after_av_one_full  el_before_av_social_share '><span class='hr-inner ' ><span class='hr-inner-style'><\/span><\/span><\/div><\/p>\n<div  class='av-social-sharing-box  avia-builder-el-7  el_after_av_hr  el_before_av_hr  '><div class='av-share-box'><h5 class='av-share-link-description av-no-toc '>Compartir esta noticia<\/h5><ul class='av-share-box-list noLightbox'><li class='av-share-link av-social-link-facebook' ><a target=\"_blank\" aria-label=\"Compartir en Facebook\" href='https:\/\/www.facebook.com\/sharer.php?u=https:\/\/radiorevelacionfm.cl\/?p=5839&#038;t=Efect%C3%BAan%20primera%20sesi%C3%B3n%20del%20nuevo%20Concejo%20Municipal%20de%20Ays%C3%A9n' aria-hidden='false' data-av_icon='\ue8f3' data-av_iconfont='entypo-fontello' title='' data-avia-related-tooltip='Compartir en Facebook' rel=\"noopener\"><span class='avia_hidden_link_text'>Compartir en Facebook<\/span><\/a><\/li><li class='av-share-link av-social-link-twitter' ><a target=\"_blank\" aria-label=\"Compartir en Twitter\" href='https:\/\/twitter.com\/share?text=Efect%C3%BAan%20primera%20sesi%C3%B3n%20del%20nuevo%20Concejo%20Municipal%20de%20Ays%C3%A9n&#038;url=https:\/\/radiorevelacionfm.cl\/?p=5839' aria-hidden='false' data-av_icon='\ue8f1' data-av_iconfont='entypo-fontello' title='' data-avia-related-tooltip='Compartir en Twitter' rel=\"noopener\"><span class='avia_hidden_link_text'>Compartir en Twitter<\/span><\/a><\/li><li class='av-share-link av-social-link-whatsapp' ><a target=\"_blank\" aria-label=\"Compartir en Whatsapp\" href='https:\/\/api.whatsapp.com\/send?text=https:\/\/radiorevelacionfm.cl\/?p=5839' aria-hidden='false' data-av_icon='\uf232' data-av_iconfont='entypo-fontello' title='' data-avia-related-tooltip='Compartir en Whatsapp' rel=\"noopener\"><span class='avia_hidden_link_text'>Compartir en Whatsapp<\/span><\/a><\/li><li class='av-share-link av-social-link-linkedin' ><a target=\"_blank\" aria-label=\"Compartir en LinkedIn\" href='https:\/\/linkedin.com\/shareArticle?mini=true&#038;title=Efect%C3%BAan%20primera%20sesi%C3%B3n%20del%20nuevo%20Concejo%20Municipal%20de%20Ays%C3%A9n&#038;url=https:\/\/radiorevelacionfm.cl\/?p=5839' aria-hidden='false' data-av_icon='\ue8fc' data-av_iconfont='entypo-fontello' title='' data-avia-related-tooltip='Compartir en LinkedIn' rel=\"noopener\"><span class='avia_hidden_link_text'>Compartir en LinkedIn<\/span><\/a><\/li><li class='av-share-link av-social-link-mail' ><a  aria-label=\"Compartir por correo\" href='mailto:?subject=Efect%C3%BAan%20primera%20sesi%C3%B3n%20del%20nuevo%20Concejo%20Municipal%20de%20Ays%C3%A9n&#038;body=https:\/\/radiorevelacionfm.cl\/?p=5839' aria-hidden='false' data-av_icon='\ue805' data-av_iconfont='entypo-fontello' title='' data-avia-related-tooltip='Compartir por correo'><span class='avia_hidden_link_text'>Compartir por correo<\/span><\/a><\/li><\/ul><\/div><\/div>\n<div  style='height:50px' class='hr hr-invisible   avia-builder-el-8  el_after_av_social_share  el_before_av_comments_list '><span class='hr-inner ' ><span class='hr-inner-style'><\/span><\/span><\/div>\n<div  class='av-buildercomment  av-blog-meta-html-info-disabled av-blog-meta-tag-disabled  '><\/div>\n","protected":false},"excerpt":{"rendered":"","protected":false},"author":1,"featured_media":5840,"comment_status":"open","ping_status":"open","sticky":false,"template":"","format":"standard","meta":{"footnotes":""},"categories":[38],"tags":[],"class_list":["post-5839","post","type-post","status-publish","format-standard","has-post-thumbnail","hentry","category-regional"],"jetpack_featured_media_url":"https:\/\/radiorevelacionfm.cl\/wp-content\/uploads\/2021\/07\/1-1-1.png","_links":{"self":[{"href":"https:\/\/radiorevelacionfm.cl\/index.php?rest_route=\/wp\/v2\/posts\/5839","targetHints":{"allow":["GET"]}}],"collection":[{"href":"https:\/\/radiorevelacionfm.cl\/index.php?rest_route=\/wp\/v2\/posts"}],"about":[{"href":"https:\/\/radiorevelacionfm.cl\/index.php?rest_route=\/wp\/v2\/types\/post"}],"author":[{"embeddable":true,"href":"https:\/\/radiorevelacionfm.cl\/index.php?rest_route=\/wp\/v2\/users\/1"}],"replies":[{"embeddable":true,"href":"https:\/\/radiorevelacionfm.cl\/index.php?rest_route=%2Fwp%2Fv2%2Fcomments&post=5839"}],"version-history":[{"count":1,"href":"https:\/\/radiorevelacionfm.cl\/index.php?rest_route=\/wp\/v2\/posts\/5839\/revisions"}],"predecessor-version":[{"id":5841,"href":"https:\/\/radiorevelacionfm.cl\/index.php?rest_route=\/wp\/v2\/posts\/5839\/revisions\/5841"}],"wp:featuredmedia":[{"embeddable":true,"href":"https:\/\/radiorevelacionfm.cl\/index.php?rest_route=\/wp\/v2\/media\/5840"}],"wp:attachment":[{"href":"https:\/\/radiorevelacionfm.cl\/index.php?rest_route=%2Fwp%2Fv2%2Fmedia&parent=5839"}],"wp:term":[{"taxonomy":"category","embeddable":true,"href":"https:\/\/radiorevelacionfm.cl\/index.php?rest_route=%2Fwp%2Fv2%2Fcategories&post=5839"},{"taxonomy":"post_tag","embeddable":true,"href":"https:\/\/radiorevelacionfm.cl\/index.php?rest_route=%2Fwp%2Fv2%2Ftags&post=5839"}],"curies":[{"name":"wp","href":"https:\/\/api.w.org\/{rel}","templated":true}]}}