{"id":58388,"date":"2025-08-27T22:26:10","date_gmt":"2025-08-28T01:26:10","guid":{"rendered":"https:\/\/radiorevelacionfm.cl\/?p=58388"},"modified":"2025-08-27T22:26:10","modified_gmt":"2025-08-28T01:26:10","slug":"alcalde-por-un-dia-con-interesante-dinamica-municipalidad-de-aysen-contribuye-a-la-educacion-civica","status":"publish","type":"post","link":"https:\/\/radiorevelacionfm.cl\/?p=58388","title":{"rendered":"\u201cAlcalde por un d\u00eda\u201d: Con interesante din\u00e1mica municipalidad de Ays\u00e9n contribuye a la educaci\u00f3n c\u00edvica"},"content":{"rendered":"<div class=\"flex_column av_one_full  flex_column_div av-zero-column-padding first  avia-builder-el-0  el_before_av_one_full  avia-builder-el-first  \" style='border-radius:0px; '><div  class='avia-image-container  av-styling-    avia-builder-el-1  avia-builder-el-no-sibling  avia-align-center '  itemprop=\"image\" itemscope=\"itemscope\" itemtype=\"https:\/\/schema.org\/ImageObject\"  ><div class='avia-image-container-inner'><div class='avia-image-overlay-wrap'><img decoding=\"async\" class='wp-image-58389 avia-img-lazy-loading-not-58389 avia_image' src=\"https:\/\/radiorevelacionfm.cl\/wp-content\/uploads\/2025\/08\/alcalde-por-un-dia-3-1-1.jpg\" alt='' title='alcalde por un d\u00eda 3 (1) (1)' height=\"600\" width=\"898\"  itemprop=\"thumbnailUrl\" srcset=\"https:\/\/radiorevelacionfm.cl\/wp-content\/uploads\/2025\/08\/alcalde-por-un-dia-3-1-1.jpg 898w, https:\/\/radiorevelacionfm.cl\/wp-content\/uploads\/2025\/08\/alcalde-por-un-dia-3-1-1-300x200.jpg 300w, https:\/\/radiorevelacionfm.cl\/wp-content\/uploads\/2025\/08\/alcalde-por-un-dia-3-1-1-768x513.jpg 768w, https:\/\/radiorevelacionfm.cl\/wp-content\/uploads\/2025\/08\/alcalde-por-un-dia-3-1-1-705x471.jpg 705w, https:\/\/radiorevelacionfm.cl\/wp-content\/uploads\/2025\/08\/alcalde-por-un-dia-3-1-1-450x301.jpg 450w, https:\/\/radiorevelacionfm.cl\/wp-content\/uploads\/2025\/08\/alcalde-por-un-dia-3-1-1-600x401.jpg 600w\" sizes=\"(max-width: 898px) 100vw, 898px\" \/><\/div><\/div><\/div><\/div><div class=\"flex_column av_one_full  flex_column_div av-zero-column-padding first  avia-builder-el-2  el_after_av_one_full  el_before_av_one_full  column-top-margin\" style='border-radius:0px; '><section class=\"av_textblock_section \"  itemscope=\"itemscope\" itemtype=\"https:\/\/schema.org\/BlogPosting\" itemprop=\"blogPost\" ><div class='avia_textblock  '   itemprop=\"text\" ><p style=\"text-align: center;\"><span style=\"font-size: 18pt;\"><strong>\u201cAlcalde por un d\u00eda\u201d: Con interesante din\u00e1mica <\/strong><strong>municipalidad de Ays\u00e9n contribuye a la educaci\u00f3n c\u00edvica<\/strong><\/span><\/p>\n<div id=\"gtx-trans\" style=\"position: absolute; left: -50px; top: 4.31534px;\">\n<div class=\"gtx-trans-icon\"><\/div>\n<\/div>\n<\/div><\/section><\/div><div class=\"flex_column av_one_full  flex_column_div av-zero-column-padding first  avia-builder-el-4  el_after_av_one_full  el_before_av_hr  column-top-margin\" style='border-radius:0px; '><section class=\"av_textblock_section \"  itemscope=\"itemscope\" itemtype=\"https:\/\/schema.org\/BlogPosting\" itemprop=\"blogPost\" ><div class='avia_textblock  '   itemprop=\"text\" ><p style=\"text-align: justify;\"><em>Martina Collao, estudiante del Liceo Polit\u00e9cnico A1 de Puerto Ays\u00e9n, particip\u00f3 en la primera experiencia para j\u00f3venes destacados que posean aptitudes de liderazgo en la comuna.<\/em><\/p>\n<p style=\"text-align: justify;\">Por primera vez en el municipio de Ays\u00e9n se realiz\u00f3 la din\u00e1mica en la que un adolescente aysenino realiza las actividades que le corresponden al alcalde. Como una manera de acercar el deber c\u00edvico a los j\u00f3venes, adem\u00e1s de ser una forma en que la municipalidad se pueda mostrar como un lugar familiar y amigable para todos los ciudadanos.<\/p>\n<p style=\"text-align: justify;\">Esta fue una propuesta impulsada por el alcalde Luis Mart\u00ednez, para dar un aire fresco a las distintas actividades de vinculaci\u00f3n con el medio por parte del municipio. Instancia apoyada por la Oficina Local de la Ni\u00f1ez, OLN, a cargo de ejecutar esta novedosa iniciativa en Ays\u00e9n.<\/p>\n<p style=\"text-align: justify;\">En esta primera experiencia, la jornada de trabajo para Martina Collao Cerda, alumna del liceo Polit\u00e9cnico A-1, comenz\u00f3 a las 9:00 horas, momento en el cual dirigi\u00f3 la reuni\u00f3n de directores municipales, los cuales semanalmente se re\u00fanen para dialogar los eventos, actividades, problemas y soluciones del trabajo. En esta oportunidad se realiz\u00f3 un repaso de los pr\u00f3ximos proyectos que se planean realizar, de cara al centenario de la comuna.<\/p>\n<p style=\"text-align: justify;\">Luego, la alcaldesa se dirigi\u00f3 a la ceremonia de inauguraci\u00f3n de la tercera edici\u00f3n de la Feria de Vinculaci\u00f3n Educaci\u00f3n &#8211; Empresa y Servicios del liceo Polit\u00e9cnico, en el marco del D\u00eda Nacional de la Educaci\u00f3n T\u00e9cnico Profesional. Momento que comparti\u00f3 con otras autoridades, como la Seremi de Educaci\u00f3n, consejeros y concejales. Despu\u00e9s de marcar presencia p\u00fablica, se encamin\u00f3 junto al alcalde Luis Mart\u00ednez a la entrevista semanal en radio Panor\u00e1mica Informativa, la cual fue transmitida para toda la comuna.<\/p>\n<p style=\"text-align: justify;\">Para finalizar la amplia jornada en su rol de primera autoridad comunal, Martina Collao realiz\u00f3 un recorrido por las direcciones de Aseo Ornato y Medio Ambiente, DAOMA;\u00a0 Desarrollo Comunitario, DIDECO; y el edificio consistorial.<\/p>\n<p style=\"text-align: justify;\">Tras la jornada, Martina destac\u00f3 el buen trato que proporcionaron los funcionarios p\u00fablicos, se\u00f1alando que \u201cme impresion\u00f3 la gente, su cari\u00f1o, su manera de trabajar, hay harta comunicaci\u00f3n y se ve que es un buen equipo de trabajo\u201d.<\/p>\n<p style=\"text-align: justify;\">Adem\u00e1s, dio un mensaje para todos los dem\u00e1s j\u00f3venes que participen a futuro de esta din\u00e1mica, enfatizando que es importante \u201cdisfrutar el momento porque se va a dar una vez y aprovechen de hacer sus preguntas, resolver sus dudas, Es una actividad muy bonita, con harta cosa, y el d\u00eda se pasa volando\u201d, manifest\u00f3 la estudiante de tercer a\u00f1o medio de la especialidad de Mec\u00e1nica el establecimiento educacional aysenino.<\/p>\n<p style=\"text-align: justify;\">Por su parte, el edil Luis Mart\u00ednez, expres\u00f3 que \u201caparte de ser divertida, es una experiencia que les va a dejar algo para poder proyectarse en la vida, incluso Martina nos dec\u00eda que le gustar\u00eda ser la alcaldesa, y qu\u00e9 bueno. Eso es lo que perseguimos, educaci\u00f3n c\u00edvica, pero en terreno. Estamos felices de abrir nuestro municipio a la comuna y esto es lo que queremos hacer, que los ciudadanos se acerquen, conversemos y lo pasemos mejor, que Ays\u00e9n siga creciendo\u201d, relev\u00f3 Mart\u00ednez Gallardo.<\/p>\n<p style=\"text-align: justify;\">De esta manera, finaliz\u00f3 la primera de muchas jornadas de la iniciativa \u201calcalde por un d\u00eda\u201d, la cual pretende extenderse inicialmente durante lo que resta de 2025, para entregar la posibilidad a ni\u00f1os, ni\u00f1as y adolescentes de la comuna a que conozcan la labor municipal, el rol del alcalde y su equipo de trabajo, adem\u00e1s de potenciar las habilidades como l\u00edderes, y apoyar la educaci\u00f3n c\u00edvica desde una mirada m\u00e1s pr\u00e1ctica y l\u00fadica.<\/p>\n<\/div><\/section><\/div><div  style='height:50px' class='hr hr-invisible   avia-builder-el-6  el_after_av_one_full  el_before_av_social_share '><span class='hr-inner ' ><span class='hr-inner-style'><\/span><\/span><\/div><\/p>\n<div  class='av-social-sharing-box  avia-builder-el-7  el_after_av_hr  el_before_av_hr  '><div class='av-share-box'><h5 class='av-share-link-description av-no-toc '>Compartir esta noticia<\/h5><ul class='av-share-box-list noLightbox'><li class='av-share-link av-social-link-facebook' ><a target=\"_blank\" aria-label=\"Compartir en Facebook\" href='https:\/\/www.facebook.com\/sharer.php?u=https:\/\/radiorevelacionfm.cl\/?p=58388&#038;t=%E2%80%9CAlcalde%20por%20un%20d%C3%ADa%E2%80%9D%3A%20Con%20interesante%20din%C3%A1mica%20municipalidad%20de%20Ays%C3%A9n%20contribuye%20a%20la%20educaci%C3%B3n%20c%C3%ADvica' aria-hidden='false' data-av_icon='\ue8f3' data-av_iconfont='entypo-fontello' title='' data-avia-related-tooltip='Compartir en Facebook' rel=\"noopener\"><span class='avia_hidden_link_text'>Compartir en Facebook<\/span><\/a><\/li><li class='av-share-link av-social-link-twitter' ><a target=\"_blank\" aria-label=\"Compartir en Twitter\" href='https:\/\/twitter.com\/share?text=%E2%80%9CAlcalde%20por%20un%20d%C3%ADa%E2%80%9D%3A%20Con%20interesante%20din%C3%A1mica%20municipalidad%20de%20Ays%C3%A9n%20contribuye%20a%20la%20educaci%C3%B3n%20c%C3%ADvica&#038;url=https:\/\/radiorevelacionfm.cl\/?p=58388' aria-hidden='false' data-av_icon='\ue8f1' data-av_iconfont='entypo-fontello' title='' data-avia-related-tooltip='Compartir en Twitter' rel=\"noopener\"><span class='avia_hidden_link_text'>Compartir en Twitter<\/span><\/a><\/li><li class='av-share-link av-social-link-whatsapp' ><a target=\"_blank\" aria-label=\"Compartir en Whatsapp\" href='https:\/\/api.whatsapp.com\/send?text=https:\/\/radiorevelacionfm.cl\/?p=58388' aria-hidden='false' data-av_icon='\uf232' data-av_iconfont='entypo-fontello' title='' data-avia-related-tooltip='Compartir en Whatsapp' rel=\"noopener\"><span class='avia_hidden_link_text'>Compartir en Whatsapp<\/span><\/a><\/li><li class='av-share-link av-social-link-linkedin' ><a target=\"_blank\" aria-label=\"Compartir en LinkedIn\" href='https:\/\/linkedin.com\/shareArticle?mini=true&#038;title=%E2%80%9CAlcalde%20por%20un%20d%C3%ADa%E2%80%9D%3A%20Con%20interesante%20din%C3%A1mica%20municipalidad%20de%20Ays%C3%A9n%20contribuye%20a%20la%20educaci%C3%B3n%20c%C3%ADvica&#038;url=https:\/\/radiorevelacionfm.cl\/?p=58388' aria-hidden='false' data-av_icon='\ue8fc' data-av_iconfont='entypo-fontello' title='' data-avia-related-tooltip='Compartir en LinkedIn' rel=\"noopener\"><span class='avia_hidden_link_text'>Compartir en LinkedIn<\/span><\/a><\/li><li class='av-share-link av-social-link-mail' ><a  aria-label=\"Compartir por correo\" href='mailto:?subject=%E2%80%9CAlcalde%20por%20un%20d%C3%ADa%E2%80%9D%3A%20Con%20interesante%20din%C3%A1mica%20municipalidad%20de%20Ays%C3%A9n%20contribuye%20a%20la%20educaci%C3%B3n%20c%C3%ADvica&#038;body=https:\/\/radiorevelacionfm.cl\/?p=58388' aria-hidden='false' data-av_icon='\ue805' data-av_iconfont='entypo-fontello' title='' data-avia-related-tooltip='Compartir por correo'><span class='avia_hidden_link_text'>Compartir por correo<\/span><\/a><\/li><\/ul><\/div><\/div>\n<div  style='height:50px' class='hr hr-invisible   avia-builder-el-8  el_after_av_social_share  el_before_av_comments_list '><span class='hr-inner ' ><span class='hr-inner-style'><\/span><\/span><\/div>\n<div  class='av-buildercomment  av-blog-meta-html-info-disabled av-blog-meta-tag-disabled  '><\/div>\n","protected":false},"excerpt":{"rendered":"","protected":false},"author":1,"featured_media":58389,"comment_status":"closed","ping_status":"closed","sticky":false,"template":"","format":"standard","meta":{"footnotes":""},"categories":[38],"tags":[],"class_list":["post-58388","post","type-post","status-publish","format-standard","has-post-thumbnail","hentry","category-regional"],"jetpack_featured_media_url":"https:\/\/radiorevelacionfm.cl\/wp-content\/uploads\/2025\/08\/alcalde-por-un-dia-3-1-1.jpg","_links":{"self":[{"href":"https:\/\/radiorevelacionfm.cl\/index.php?rest_route=\/wp\/v2\/posts\/58388","targetHints":{"allow":["GET"]}}],"collection":[{"href":"https:\/\/radiorevelacionfm.cl\/index.php?rest_route=\/wp\/v2\/posts"}],"about":[{"href":"https:\/\/radiorevelacionfm.cl\/index.php?rest_route=\/wp\/v2\/types\/post"}],"author":[{"embeddable":true,"href":"https:\/\/radiorevelacionfm.cl\/index.php?rest_route=\/wp\/v2\/users\/1"}],"replies":[{"embeddable":true,"href":"https:\/\/radiorevelacionfm.cl\/index.php?rest_route=%2Fwp%2Fv2%2Fcomments&post=58388"}],"version-history":[{"count":2,"href":"https:\/\/radiorevelacionfm.cl\/index.php?rest_route=\/wp\/v2\/posts\/58388\/revisions"}],"predecessor-version":[{"id":58391,"href":"https:\/\/radiorevelacionfm.cl\/index.php?rest_route=\/wp\/v2\/posts\/58388\/revisions\/58391"}],"wp:featuredmedia":[{"embeddable":true,"href":"https:\/\/radiorevelacionfm.cl\/index.php?rest_route=\/wp\/v2\/media\/58389"}],"wp:attachment":[{"href":"https:\/\/radiorevelacionfm.cl\/index.php?rest_route=%2Fwp%2Fv2%2Fmedia&parent=58388"}],"wp:term":[{"taxonomy":"category","embeddable":true,"href":"https:\/\/radiorevelacionfm.cl\/index.php?rest_route=%2Fwp%2Fv2%2Fcategories&post=58388"},{"taxonomy":"post_tag","embeddable":true,"href":"https:\/\/radiorevelacionfm.cl\/index.php?rest_route=%2Fwp%2Fv2%2Ftags&post=58388"}],"curies":[{"name":"wp","href":"https:\/\/api.w.org\/{rel}","templated":true}]}}