{"id":58383,"date":"2025-08-27T22:17:46","date_gmt":"2025-08-28T01:17:46","guid":{"rendered":"https:\/\/radiorevelacionfm.cl\/?p=58383"},"modified":"2025-08-27T22:17:46","modified_gmt":"2025-08-28T01:17:46","slug":"proyecto-anita-teatro-comunitario-para-la-prevencion-del-cancer-de-mamas-inicia-su-ejecucion-en-aysen","status":"publish","type":"post","link":"https:\/\/radiorevelacionfm.cl\/?p=58383","title":{"rendered":"Proyecto \u201cAnita: Teatro Comunitario para la Prevenci\u00f3n del C\u00e1ncer de Mamas\u201d inicia su ejecuci\u00f3n en Ays\u00e9n"},"content":{"rendered":"<div class=\"flex_column av_one_full  flex_column_div av-zero-column-padding first  avia-builder-el-0  el_before_av_one_full  avia-builder-el-first  \" style='border-radius:0px; '><div  class='avia-image-container  av-styling-    avia-builder-el-1  avia-builder-el-no-sibling  avia-align-center '  itemprop=\"image\" itemscope=\"itemscope\" itemtype=\"https:\/\/schema.org\/ImageObject\"  ><div class='avia-image-container-inner'><div class='avia-image-overlay-wrap'><img decoding=\"async\" class='wp-image-58384 avia-img-lazy-loading-not-58384 avia_image' src=\"https:\/\/radiorevelacionfm.cl\/wp-content\/uploads\/2025\/08\/whatsapp-image-2025-08-27-at-15_optimized.09.17-1-1.jpeg\" alt='' title='whatsapp-image-2025-08-27-at-15_optimized.09.17-(1) (1)' height=\"600\" width=\"1067\"  itemprop=\"thumbnailUrl\" srcset=\"https:\/\/radiorevelacionfm.cl\/wp-content\/uploads\/2025\/08\/whatsapp-image-2025-08-27-at-15_optimized.09.17-1-1.jpeg 1067w, https:\/\/radiorevelacionfm.cl\/wp-content\/uploads\/2025\/08\/whatsapp-image-2025-08-27-at-15_optimized.09.17-1-1-300x169.jpeg 300w, https:\/\/radiorevelacionfm.cl\/wp-content\/uploads\/2025\/08\/whatsapp-image-2025-08-27-at-15_optimized.09.17-1-1-1030x579.jpeg 1030w, https:\/\/radiorevelacionfm.cl\/wp-content\/uploads\/2025\/08\/whatsapp-image-2025-08-27-at-15_optimized.09.17-1-1-768x432.jpeg 768w, https:\/\/radiorevelacionfm.cl\/wp-content\/uploads\/2025\/08\/whatsapp-image-2025-08-27-at-15_optimized.09.17-1-1-705x396.jpeg 705w, https:\/\/radiorevelacionfm.cl\/wp-content\/uploads\/2025\/08\/whatsapp-image-2025-08-27-at-15_optimized.09.17-1-1-450x253.jpeg 450w, https:\/\/radiorevelacionfm.cl\/wp-content\/uploads\/2025\/08\/whatsapp-image-2025-08-27-at-15_optimized.09.17-1-1-600x337.jpeg 600w\" sizes=\"(max-width: 1067px) 100vw, 1067px\" \/><\/div><\/div><\/div><\/div><div class=\"flex_column av_one_full  flex_column_div av-zero-column-padding first  avia-builder-el-2  el_after_av_one_full  el_before_av_one_full  column-top-margin\" style='border-radius:0px; '><section class=\"av_textblock_section \"  itemscope=\"itemscope\" itemtype=\"https:\/\/schema.org\/BlogPosting\" itemprop=\"blogPost\" ><div class='avia_textblock  '   itemprop=\"text\" ><p style=\"text-align: center;\"><span style=\"font-size: 18pt;\"><strong>Proyecto \u201cAnita: Teatro Comunitario para la Prevenci\u00f3n del C\u00e1ncer de Mamas\u201d inicia su ejecuci\u00f3n en Ays\u00e9n<\/strong><\/span><\/p>\n<div id=\"gtx-trans\" style=\"position: absolute; left: -50px; top: 4.31534px;\">\n<div class=\"gtx-trans-icon\"><\/div>\n<\/div>\n<\/div><\/section><\/div><div class=\"flex_column av_one_full  flex_column_div av-zero-column-padding first  avia-builder-el-4  el_after_av_one_full  el_before_av_hr  column-top-margin\" style='border-radius:0px; '><section class=\"av_textblock_section \"  itemscope=\"itemscope\" itemtype=\"https:\/\/schema.org\/BlogPosting\" itemprop=\"blogPost\" ><div class='avia_textblock  '   itemprop=\"text\" ><p style=\"text-align: justify;\">Con un conversatorio realizado en Coyhaique, en el que participaron representantes del sector salud de la Regi\u00f3n de Ays\u00e9n, se dio inicio al proyecto <em>\u201cAnita: Teatro Comunitario para la Prevenci\u00f3n del C\u00e1ncer de Mamas\u201d,<\/em> una innovadora iniciativa que busca visibilizar y sensibilizar a la comunidad respecto a esta enfermedad a trav\u00e9s del arte y el trabajo comunitario.<\/p>\n<p style=\"text-align: justify;\">El proyecto es impulsado por la Junta de Vecinos Los Arrayanes, en colaboraci\u00f3n con la Corporaci\u00f3n Onco Ays\u00e9n y Teatro Austral, es financiado por el Fondo Nacional de Desarrollo Regional (FNDR) 8% del Gobierno Regional de Ays\u00e9n. Su prop\u00f3sito es promover la detecci\u00f3n temprana y generar conciencia sobre el c\u00e1ncer de mamas, la primera causa de muerte por c\u00e1ncer en mujeres en Chile. A trav\u00e9s de testimonios reales, relatos de vida y experiencias recogidas en distintos barrios, localidades y actores y actrices institucionales, se construir\u00e1 un montaje teatral vivo, inspirador y con un fuerte sentido territorial.<\/p>\n<p style=\"text-align: justify;\">La jornada contempl\u00f3 el desarrollo de una metodolog\u00eda participativa denominada World Caf\u00e9, a cargo del psic\u00f3logo Tom\u00e1s Gueneau, con el objetivo de abordar distintos aspectos asociados al diagn\u00f3stico y tratamiento del c\u00e1ncer de mamas en Ays\u00e9n, tales como trabajo de la red asistencial, redes de apoyo, territorialidad, vivir con c\u00e1ncer en Ays\u00e9n, entre otras. Una vez finalizada la din\u00e1mica, cada uno de los grupos present\u00f3 sus resultados, los que ser\u00e1n sistematizados para insumar la elaboraci\u00f3n del gui\u00f3n teatral que dar\u00e1 vida a la obra \u201cAnita\u201d que se espera estrenar en el mes de diciembre.<\/p>\n<p style=\"text-align: justify;\">Durante la jornada, Claudia Molina Olivares, coordinadora del proyecto se\u00f1al\u00f3 que lo que busca esta primera etapa es levantar informaci\u00f3n que permita recoger la realidad regional en torno a la detecci\u00f3n y\u00a0 tratamiento de esta enfermedad y poder plasmarla en la obra de teatro. <em>\u201cHa sido un conversatorio muy bonito en el que hemos podido conocer historia, hemos podido conocer los desaf\u00edos y tambi\u00e9n las brechas, pero tambi\u00e9n nos ha servido para insumar lo que va a ser este gran proyecto que es esta obra de teatro que va a permitir graficar y reflejar el sentir de Ays\u00e9n respecto del c\u00e1ncer de mamas ac\u00e1 en nuestra regi\u00f3n, este proyecto tiene un impacto territorial importante, queremos conocer las opiniones de quienes est\u00e1n en las zonas m\u00e1s apartadas de nuestra regi\u00f3n, pero tambi\u00e9n vamos a conversar con la ciudadan\u00eda. La comunidad es muy importante para este proyecto. Queremos conocer los testimonios de mujeres con c\u00e1ncer, pero tambi\u00e9n de sus familias, de qui\u00e9nes son sus cuidadores, de sus parejas, de sus hijos. Este proyecto no solamente refleja lo que es padecer c\u00e1ncer de mamas, sino el sentir de toda una comunidad y toda una regi\u00f3n que sabemos que cuando una persona tiene c\u00e1ncer no solamente la padece esa persona, sino tambi\u00e9n todo su entorno y su familia<\/em>\u201d, indic\u00f3 la coordinadora del proyecto.<\/p>\n<p style=\"text-align: justify;\">Por otra parte, Ver\u00f3nica Godoy representante de la Corporaci\u00f3n Onco Ays\u00e9n, destac\u00f3 la importancia de generar instancias que permitan sensibilizar respecto de la prevenci\u00f3n del c\u00e1ncer de mamas.<em>\u201cComo corporaci\u00f3n, siempre lo que nos ha movido es poder visibilizar la tem\u00e1tica del c\u00e1ncer en todo su aspecto, desde el c\u00e1ncer infantil, todos los tipos de c\u00e1ncer, c\u00e1ncer en personas mayores, y la difusi\u00f3n de la promoci\u00f3n y de la prevenci\u00f3n ha sido como siempre el eje de la corporaci\u00f3n. Pero hoy d\u00eda, pertenecer a este proyecto y poder hacer esa promoci\u00f3n y prevenci\u00f3n de una forma distinta, que es mucho m\u00e1s impactante, creemos que as\u00ed va a ser a trav\u00e9s del teatro, es algo que nos llena porque estamos s\u00faper contentos. Creemos que es una forma distinta de hacer difusi\u00f3n, de hacer concientizaci\u00f3n sobre el c\u00e1ncer de mamas, que es la primera causa de muerte de c\u00e1ncer en las mujeres, que es muy alto adem\u00e1s en la regi\u00f3n de Ays\u00e9n, ya que con esta obra podamos contribuir a que el abordaje del c\u00e1ncer en la regi\u00f3n sea regionalizado, sea con una perspectiva de territorio. No es lo mismo tener c\u00e1ncer en Ays\u00e9n que tener c\u00e1ncer en Santiago, y eso es lo que nos mueve, que mostremos la realidad regional para que las mujeres tengamos acceso y lleguemos a tiempo\u201d<\/em> indic\u00f3 la representante de la Corporaci\u00f3n Onco Ays\u00e9n.<\/p>\n<p style=\"text-align: justify;\">El proceso de levantamiento incluye conversatorios virtuales en Chile Chico y R\u00edo Ib\u00e1\u00f1ez, adem\u00e1s de un conversatorio abierto a la comunidad que se realizar\u00e1 el pr\u00f3ximo\u00a0 s\u00e1bado 30 de agosto en la sede de Teatro Austral (Los Ma\u00f1\u00edos 816) en Coyhaique a partir de las 15:30. Esta actividad estar\u00e1 orientada a\u00a0 familias, pacientes y comunidad en general. Toda la informaci\u00f3n recopilada a trav\u00e9s de estas instancias dar\u00e1n vida a la propuesta teatral a cargo del guionista Sebasti\u00e1n Viera Toro.<\/p>\n<p style=\"text-align: justify;\">De esta manera, el proyecto de teatro comunitario \u201cAnita: Teatro para la prevenci\u00f3n del C\u00e1ncer de Mamas\u201d no solo busca entregar un mensaje de prevenci\u00f3n, sino tambi\u00e9n convertirse en un acto de encuentro y devoluci\u00f3n hacia las comunidades. La propuesta articula la sensibilidad del arte con la urgencia de abordar las dificultades que enfrentan las mujeres de la regi\u00f3n al acceder a diagn\u00f3sticos y tratamientos oportunos, en un territorio donde la conectividad y la distancia son factores cr\u00edticos, transformando el\u00a0 teatro en una herramienta poderosa para sensibilizar, acompa\u00f1ar y dar voz a quienes enfrentan esta realidad en Ays\u00e9n, invitando a toda la comunidad a reflexionar, dialogar y ser parte activa en la prevenci\u00f3n del c\u00e1ncer de mamas.<\/p>\n<\/div><\/section><\/div><div  style='height:50px' class='hr hr-invisible   avia-builder-el-6  el_after_av_one_full  el_before_av_social_share '><span class='hr-inner ' ><span class='hr-inner-style'><\/span><\/span><\/div><\/p>\n<div  class='av-social-sharing-box  avia-builder-el-7  el_after_av_hr  el_before_av_hr  '><div class='av-share-box'><h5 class='av-share-link-description av-no-toc '>Compartir esta noticia<\/h5><ul class='av-share-box-list noLightbox'><li class='av-share-link av-social-link-facebook' ><a target=\"_blank\" aria-label=\"Compartir en Facebook\" href='https:\/\/www.facebook.com\/sharer.php?u=https:\/\/radiorevelacionfm.cl\/?p=58383&#038;t=Proyecto%20%E2%80%9CAnita%3A%20Teatro%20Comunitario%20para%20la%20Prevenci%C3%B3n%20del%20C%C3%A1ncer%20de%20Mamas%E2%80%9D%20inicia%20su%20ejecuci%C3%B3n%20en%20Ays%C3%A9n' aria-hidden='false' data-av_icon='\ue8f3' data-av_iconfont='entypo-fontello' title='' data-avia-related-tooltip='Compartir en Facebook' rel=\"noopener\"><span class='avia_hidden_link_text'>Compartir en Facebook<\/span><\/a><\/li><li class='av-share-link av-social-link-twitter' ><a target=\"_blank\" aria-label=\"Compartir en Twitter\" href='https:\/\/twitter.com\/share?text=Proyecto%20%E2%80%9CAnita%3A%20Teatro%20Comunitario%20para%20la%20Prevenci%C3%B3n%20del%20C%C3%A1ncer%20de%20Mamas%E2%80%9D%20inicia%20su%20ejecuci%C3%B3n%20en%20Ays%C3%A9n&#038;url=https:\/\/radiorevelacionfm.cl\/?p=58383' aria-hidden='false' data-av_icon='\ue8f1' data-av_iconfont='entypo-fontello' title='' data-avia-related-tooltip='Compartir en Twitter' rel=\"noopener\"><span class='avia_hidden_link_text'>Compartir en Twitter<\/span><\/a><\/li><li class='av-share-link av-social-link-whatsapp' ><a target=\"_blank\" aria-label=\"Compartir en Whatsapp\" href='https:\/\/api.whatsapp.com\/send?text=https:\/\/radiorevelacionfm.cl\/?p=58383' aria-hidden='false' data-av_icon='\uf232' data-av_iconfont='entypo-fontello' title='' data-avia-related-tooltip='Compartir en Whatsapp' rel=\"noopener\"><span class='avia_hidden_link_text'>Compartir en Whatsapp<\/span><\/a><\/li><li class='av-share-link av-social-link-linkedin' ><a target=\"_blank\" aria-label=\"Compartir en LinkedIn\" href='https:\/\/linkedin.com\/shareArticle?mini=true&#038;title=Proyecto%20%E2%80%9CAnita%3A%20Teatro%20Comunitario%20para%20la%20Prevenci%C3%B3n%20del%20C%C3%A1ncer%20de%20Mamas%E2%80%9D%20inicia%20su%20ejecuci%C3%B3n%20en%20Ays%C3%A9n&#038;url=https:\/\/radiorevelacionfm.cl\/?p=58383' aria-hidden='false' data-av_icon='\ue8fc' data-av_iconfont='entypo-fontello' title='' data-avia-related-tooltip='Compartir en LinkedIn' rel=\"noopener\"><span class='avia_hidden_link_text'>Compartir en LinkedIn<\/span><\/a><\/li><li class='av-share-link av-social-link-mail' ><a  aria-label=\"Compartir por correo\" href='mailto:?subject=Proyecto%20%E2%80%9CAnita%3A%20Teatro%20Comunitario%20para%20la%20Prevenci%C3%B3n%20del%20C%C3%A1ncer%20de%20Mamas%E2%80%9D%20inicia%20su%20ejecuci%C3%B3n%20en%20Ays%C3%A9n&#038;body=https:\/\/radiorevelacionfm.cl\/?p=58383' aria-hidden='false' data-av_icon='\ue805' data-av_iconfont='entypo-fontello' title='' data-avia-related-tooltip='Compartir por correo'><span class='avia_hidden_link_text'>Compartir por correo<\/span><\/a><\/li><\/ul><\/div><\/div>\n<div  style='height:50px' class='hr hr-invisible   avia-builder-el-8  el_after_av_social_share  el_before_av_comments_list '><span class='hr-inner ' ><span class='hr-inner-style'><\/span><\/span><\/div>\n<div  class='av-buildercomment  av-blog-meta-html-info-disabled av-blog-meta-tag-disabled  '><\/div>\n","protected":false},"excerpt":{"rendered":"","protected":false},"author":1,"featured_media":58384,"comment_status":"closed","ping_status":"closed","sticky":false,"template":"","format":"standard","meta":{"footnotes":""},"categories":[38],"tags":[],"class_list":["post-58383","post","type-post","status-publish","format-standard","has-post-thumbnail","hentry","category-regional"],"jetpack_featured_media_url":"https:\/\/radiorevelacionfm.cl\/wp-content\/uploads\/2025\/08\/whatsapp-image-2025-08-27-at-15_optimized.09.17-1-1.jpeg","_links":{"self":[{"href":"https:\/\/radiorevelacionfm.cl\/index.php?rest_route=\/wp\/v2\/posts\/58383","targetHints":{"allow":["GET"]}}],"collection":[{"href":"https:\/\/radiorevelacionfm.cl\/index.php?rest_route=\/wp\/v2\/posts"}],"about":[{"href":"https:\/\/radiorevelacionfm.cl\/index.php?rest_route=\/wp\/v2\/types\/post"}],"author":[{"embeddable":true,"href":"https:\/\/radiorevelacionfm.cl\/index.php?rest_route=\/wp\/v2\/users\/1"}],"replies":[{"embeddable":true,"href":"https:\/\/radiorevelacionfm.cl\/index.php?rest_route=%2Fwp%2Fv2%2Fcomments&post=58383"}],"version-history":[{"count":2,"href":"https:\/\/radiorevelacionfm.cl\/index.php?rest_route=\/wp\/v2\/posts\/58383\/revisions"}],"predecessor-version":[{"id":58387,"href":"https:\/\/radiorevelacionfm.cl\/index.php?rest_route=\/wp\/v2\/posts\/58383\/revisions\/58387"}],"wp:featuredmedia":[{"embeddable":true,"href":"https:\/\/radiorevelacionfm.cl\/index.php?rest_route=\/wp\/v2\/media\/58384"}],"wp:attachment":[{"href":"https:\/\/radiorevelacionfm.cl\/index.php?rest_route=%2Fwp%2Fv2%2Fmedia&parent=58383"}],"wp:term":[{"taxonomy":"category","embeddable":true,"href":"https:\/\/radiorevelacionfm.cl\/index.php?rest_route=%2Fwp%2Fv2%2Fcategories&post=58383"},{"taxonomy":"post_tag","embeddable":true,"href":"https:\/\/radiorevelacionfm.cl\/index.php?rest_route=%2Fwp%2Fv2%2Ftags&post=58383"}],"curies":[{"name":"wp","href":"https:\/\/api.w.org\/{rel}","templated":true}]}}