{"id":58379,"date":"2025-08-28T10:58:56","date_gmt":"2025-08-28T13:58:56","guid":{"rendered":"https:\/\/radiorevelacionfm.cl\/?p=58379"},"modified":"2025-08-28T10:58:56","modified_gmt":"2025-08-28T13:58:56","slug":"seremi-de-gobierno-fortalece-liderazgo-social-en-chile-chico-y-cochrane-en-el-mes-de-las-dirigencias","status":"publish","type":"post","link":"https:\/\/radiorevelacionfm.cl\/?p=58379","title":{"rendered":"Seremi de Gobierno fortalece liderazgo social en Chile Chico y Cochrane en el Mes de las Dirigencias"},"content":{"rendered":"<div class=\"flex_column av_one_full  flex_column_div av-zero-column-padding first  avia-builder-el-0  el_before_av_one_full  avia-builder-el-first  \" style='border-radius:0px; '><div  class='avia-image-container  av-styling-    avia-builder-el-1  avia-builder-el-no-sibling  avia-align-center '  itemprop=\"image\" itemscope=\"itemscope\" itemtype=\"https:\/\/schema.org\/ImageObject\"  ><div class='avia-image-container-inner'><div class='avia-image-overlay-wrap'><img decoding=\"async\" class='wp-image-58381 avia-img-lazy-loading-not-58381 avia_image' src=\"https:\/\/radiorevelacionfm.cl\/wp-content\/uploads\/2025\/08\/cochrane-1-1_optimized.jpeg\" alt='' title='cochrane-(1)-(1)_optimized' height=\"600\" width=\"1067\"  itemprop=\"thumbnailUrl\" srcset=\"https:\/\/radiorevelacionfm.cl\/wp-content\/uploads\/2025\/08\/cochrane-1-1_optimized.jpeg 1067w, https:\/\/radiorevelacionfm.cl\/wp-content\/uploads\/2025\/08\/cochrane-1-1_optimized-300x169.jpeg 300w, https:\/\/radiorevelacionfm.cl\/wp-content\/uploads\/2025\/08\/cochrane-1-1_optimized-1030x579.jpeg 1030w, https:\/\/radiorevelacionfm.cl\/wp-content\/uploads\/2025\/08\/cochrane-1-1_optimized-768x432.jpeg 768w, https:\/\/radiorevelacionfm.cl\/wp-content\/uploads\/2025\/08\/cochrane-1-1_optimized-705x396.jpeg 705w, https:\/\/radiorevelacionfm.cl\/wp-content\/uploads\/2025\/08\/cochrane-1-1_optimized-450x253.jpeg 450w, https:\/\/radiorevelacionfm.cl\/wp-content\/uploads\/2025\/08\/cochrane-1-1_optimized-600x337.jpeg 600w\" sizes=\"(max-width: 1067px) 100vw, 1067px\" \/><\/div><\/div><\/div><\/div><div class=\"flex_column av_one_full  flex_column_div av-zero-column-padding first  avia-builder-el-2  el_after_av_one_full  el_before_av_one_full  column-top-margin\" style='border-radius:0px; '><section class=\"av_textblock_section \"  itemscope=\"itemscope\" itemtype=\"https:\/\/schema.org\/BlogPosting\" itemprop=\"blogPost\" ><div class='avia_textblock  '   itemprop=\"text\" ><p style=\"text-align: center;\"><strong><span style=\"font-size: 18pt;\">Seremi de Gobierno fortalece liderazgo social en Chile Chico y Cochrane en el Mes de las Dirigencias<\/span><\/strong><\/p>\n<div id=\"gtx-trans\" style=\"position: absolute; left: -50px; top: 4.31534px;\">\n<div class=\"gtx-trans-icon\"><\/div>\n<\/div>\n<\/div><\/section><\/div><\/p>\n<div class=\"flex_column av_one_full  flex_column_div av-zero-column-padding first  avia-builder-el-4  el_after_av_one_full  el_before_av_hr  column-top-margin\" style='border-radius:0px; '><section class=\"av_textblock_section \"  itemscope=\"itemscope\" itemtype=\"https:\/\/schema.org\/BlogPosting\" itemprop=\"blogPost\" ><div class='avia_textblock  '   itemprop=\"text\" ><p style=\"text-align: justify;\">Con el prop\u00f3sito de fortalecer la participaci\u00f3n ciudadana y acompa\u00f1ar el trabajo de las organizaciones sociales, la Seremi de Gobierno, \u00darsula Mix, se traslad\u00f3 hasta las provincias de General Carrera y Capit\u00e1n Prat para desarrollar Escuelas de Formaci\u00f3n Social y encuentros con dirigentas, dirigentes y autoridades regionales y locales, en coordinaci\u00f3n con las Delegaciones Presidenciales Provinciales de General Carrera y Capit\u00e1n Prat, en el marco de la conmemoraci\u00f3n del Mes de las Dirigencia.<\/p>\n<p style=\"text-align: justify;\">En <strong>Chile Chico<\/strong>, la comunidad particip\u00f3 en la Escuela de Formaci\u00f3n sobre <em>Ciudadan\u00eda Digital<\/em>, un espacio de di\u00e1logo y aprendizaje que busc\u00f3 entregar herramientas para un uso seguro y responsable de la tecnolog\u00eda. Durante la jornada se abordaron temas como la convivencia en entornos digitales, el impacto de los algoritmos, la desinformaci\u00f3n y recomendaciones para una vida digital m\u00e1s consciente.<\/p>\n<p style=\"text-align: justify;\">\u201cNos trasladamos con el equipo de la Divisi\u00f3n de Organizaciones Sociales para entregar conocimientos que permitan mirar de manera cr\u00edtica las tecnolog\u00edas digitales. Muchas veces se habla de nativos digitales, pero no siempre se conocen en profundidad las herramientas de internet. Por eso es clave involucrarse y aprender sobre los riesgos que puede tener un mal uso de la red\u201d, se\u00f1al\u00f3 la Seremi de Gobierno.<\/p>\n<p style=\"text-align: justify;\">En la misma localidad, la autoridad se reuni\u00f3 con el <strong>Consejo Consultivo de Salud<\/strong>, instancia en la que dio a conocer el trabajo de la Seremi en la regi\u00f3n y present\u00f3 las Escuelas de Formaci\u00f3n que impulsa la DOS, como espacios de fortalecimiento para la sociedad civil. Asimismo, en entrevistas con medios de comunicaci\u00f3n locales, se inform\u00f3 a la comunidad sobre iniciativas en curso, tales como el <em>Proyecto de Ley de Protecci\u00f3n a las Dirigencias<\/em>, la <em>Consulta Ciudadana Mujeres que Sostienen<\/em> y el <em>Proyecto de Ley que elimina el CAE<\/em>.<\/p>\n<p style=\"text-align: justify;\">Posteriormente, la agenda continu\u00f3 en <strong>Cochrane<\/strong>, donde se realiz\u00f3 la charla <em>Mujeres Lideresas<\/em>, orientada a fortalecer y potenciar el liderazgo femenino en las comunidades, promoviendo la equidad y la incorporaci\u00f3n del enfoque de g\u00e9nero en espacios de representaci\u00f3n. Adem\u00e1s, en el <strong>Liceo Austral Lord Cochrane<\/strong> se dict\u00f3 la charla <em>Ciudadan\u00eda Digital<\/em> dirigida a estudiantes, con el fin de promover un uso responsable, seguro y participativo de las tecnolog\u00edas.<\/p>\n<p style=\"text-align: justify;\">\u201cFinalizamos muy contentas la visita a Chile Chico y Cochrane, que nos permiti\u00f3 compartir con organizaciones y entregar herramientas fundamentales a quienes ejercen liderazgos en distintas localidades. Como Gobierno, seguimos despleg\u00e1ndonos en el territorio para llegar a todas y todos\u201d, concluy\u00f3 la Seremi \u00darsula Mix.<\/p>\n<\/div><\/section><\/div>\n<div  style='height:50px' class='hr hr-invisible   avia-builder-el-6  el_after_av_one_full  el_before_av_social_share '><span class='hr-inner ' ><span class='hr-inner-style'><\/span><\/span><\/div>\n<div  class='av-social-sharing-box  avia-builder-el-7  el_after_av_hr  el_before_av_hr  '><div class='av-share-box'><h5 class='av-share-link-description av-no-toc '>Compartir esta noticia<\/h5><ul class='av-share-box-list noLightbox'><li class='av-share-link av-social-link-facebook' ><a target=\"_blank\" aria-label=\"Compartir en Facebook\" href='https:\/\/www.facebook.com\/sharer.php?u=https:\/\/radiorevelacionfm.cl\/?p=58379&#038;t=Seremi%20de%20Gobierno%20fortalece%20liderazgo%20social%20en%20Chile%20Chico%20y%20Cochrane%20en%20el%20Mes%20de%20las%20Dirigencias' aria-hidden='false' data-av_icon='\ue8f3' data-av_iconfont='entypo-fontello' title='' data-avia-related-tooltip='Compartir en Facebook' rel=\"noopener\"><span class='avia_hidden_link_text'>Compartir en Facebook<\/span><\/a><\/li><li class='av-share-link av-social-link-twitter' ><a target=\"_blank\" aria-label=\"Compartir en Twitter\" href='https:\/\/twitter.com\/share?text=Seremi%20de%20Gobierno%20fortalece%20liderazgo%20social%20en%20Chile%20Chico%20y%20Cochrane%20en%20el%20Mes%20de%20las%20Dirigencias&#038;url=https:\/\/radiorevelacionfm.cl\/?p=58379' aria-hidden='false' data-av_icon='\ue8f1' data-av_iconfont='entypo-fontello' title='' data-avia-related-tooltip='Compartir en Twitter' rel=\"noopener\"><span class='avia_hidden_link_text'>Compartir en Twitter<\/span><\/a><\/li><li class='av-share-link av-social-link-whatsapp' ><a target=\"_blank\" aria-label=\"Compartir en Whatsapp\" href='https:\/\/api.whatsapp.com\/send?text=https:\/\/radiorevelacionfm.cl\/?p=58379' aria-hidden='false' data-av_icon='\uf232' data-av_iconfont='entypo-fontello' title='' data-avia-related-tooltip='Compartir en Whatsapp' rel=\"noopener\"><span class='avia_hidden_link_text'>Compartir en Whatsapp<\/span><\/a><\/li><li class='av-share-link av-social-link-linkedin' ><a target=\"_blank\" aria-label=\"Compartir en LinkedIn\" href='https:\/\/linkedin.com\/shareArticle?mini=true&#038;title=Seremi%20de%20Gobierno%20fortalece%20liderazgo%20social%20en%20Chile%20Chico%20y%20Cochrane%20en%20el%20Mes%20de%20las%20Dirigencias&#038;url=https:\/\/radiorevelacionfm.cl\/?p=58379' aria-hidden='false' data-av_icon='\ue8fc' data-av_iconfont='entypo-fontello' title='' data-avia-related-tooltip='Compartir en LinkedIn' rel=\"noopener\"><span class='avia_hidden_link_text'>Compartir en LinkedIn<\/span><\/a><\/li><li class='av-share-link av-social-link-mail' ><a  aria-label=\"Compartir por correo\" href='mailto:?subject=Seremi%20de%20Gobierno%20fortalece%20liderazgo%20social%20en%20Chile%20Chico%20y%20Cochrane%20en%20el%20Mes%20de%20las%20Dirigencias&#038;body=https:\/\/radiorevelacionfm.cl\/?p=58379' aria-hidden='false' data-av_icon='\ue805' data-av_iconfont='entypo-fontello' title='' data-avia-related-tooltip='Compartir por correo'><span class='avia_hidden_link_text'>Compartir por correo<\/span><\/a><\/li><\/ul><\/div><\/div>\n<div  style='height:50px' class='hr hr-invisible   avia-builder-el-8  el_after_av_social_share  el_before_av_comments_list '><span class='hr-inner ' ><span class='hr-inner-style'><\/span><\/span><\/div>\n<div  class='av-buildercomment  av-blog-meta-html-info-disabled av-blog-meta-tag-disabled  '><\/div>\n","protected":false},"excerpt":{"rendered":"","protected":false},"author":1,"featured_media":58381,"comment_status":"closed","ping_status":"closed","sticky":false,"template":"","format":"standard","meta":{"footnotes":""},"categories":[38],"tags":[],"class_list":["post-58379","post","type-post","status-publish","format-standard","has-post-thumbnail","hentry","category-regional"],"jetpack_featured_media_url":"https:\/\/radiorevelacionfm.cl\/wp-content\/uploads\/2025\/08\/cochrane-1-1_optimized.jpeg","_links":{"self":[{"href":"https:\/\/radiorevelacionfm.cl\/index.php?rest_route=\/wp\/v2\/posts\/58379","targetHints":{"allow":["GET"]}}],"collection":[{"href":"https:\/\/radiorevelacionfm.cl\/index.php?rest_route=\/wp\/v2\/posts"}],"about":[{"href":"https:\/\/radiorevelacionfm.cl\/index.php?rest_route=\/wp\/v2\/types\/post"}],"author":[{"embeddable":true,"href":"https:\/\/radiorevelacionfm.cl\/index.php?rest_route=\/wp\/v2\/users\/1"}],"replies":[{"embeddable":true,"href":"https:\/\/radiorevelacionfm.cl\/index.php?rest_route=%2Fwp%2Fv2%2Fcomments&post=58379"}],"version-history":[{"count":3,"href":"https:\/\/radiorevelacionfm.cl\/index.php?rest_route=\/wp\/v2\/posts\/58379\/revisions"}],"predecessor-version":[{"id":58413,"href":"https:\/\/radiorevelacionfm.cl\/index.php?rest_route=\/wp\/v2\/posts\/58379\/revisions\/58413"}],"wp:featuredmedia":[{"embeddable":true,"href":"https:\/\/radiorevelacionfm.cl\/index.php?rest_route=\/wp\/v2\/media\/58381"}],"wp:attachment":[{"href":"https:\/\/radiorevelacionfm.cl\/index.php?rest_route=%2Fwp%2Fv2%2Fmedia&parent=58379"}],"wp:term":[{"taxonomy":"category","embeddable":true,"href":"https:\/\/radiorevelacionfm.cl\/index.php?rest_route=%2Fwp%2Fv2%2Fcategories&post=58379"},{"taxonomy":"post_tag","embeddable":true,"href":"https:\/\/radiorevelacionfm.cl\/index.php?rest_route=%2Fwp%2Fv2%2Ftags&post=58379"}],"curies":[{"name":"wp","href":"https:\/\/api.w.org\/{rel}","templated":true}]}}