{"id":58372,"date":"2025-08-27T21:57:45","date_gmt":"2025-08-28T00:57:45","guid":{"rendered":"https:\/\/radiorevelacionfm.cl\/?p=58372"},"modified":"2025-08-27T21:57:45","modified_gmt":"2025-08-28T00:57:45","slug":"ruta-de-los-parques-de-la-patagonia-alianza-publico-privada-busca-posicionar-a-chile-como-lider-mundial-en-turismo-de-conservacion","status":"publish","type":"post","link":"https:\/\/radiorevelacionfm.cl\/?p=58372","title":{"rendered":"Ruta de los Parques de la Patagonia: alianza p\u00fablico-privada busca posicionar a Chile como l\u00edder mundial en turismo de conservaci\u00f3n"},"content":{"rendered":"<div class=\"flex_column av_one_full  flex_column_div av-zero-column-padding first  avia-builder-el-0  el_before_av_one_full  avia-builder-el-first  \" style='border-radius:0px; '><div  class='avia-image-container  av-styling-    avia-builder-el-1  avia-builder-el-no-sibling  avia-align-center '  itemprop=\"image\" itemscope=\"itemscope\" itemtype=\"https:\/\/schema.org\/ImageObject\"  ><div class='avia-image-container-inner'><div class='avia-image-overlay-wrap'><img decoding=\"async\" class='wp-image-58373 avia-img-lazy-loading-not-58373 avia_image' src=\"https:\/\/radiorevelacionfm.cl\/wp-content\/uploads\/2025\/08\/IMG_9889-1-1.jpg\" alt='' title='IMG_9889 (1) (1)' height=\"600\" width=\"900\"  itemprop=\"thumbnailUrl\" srcset=\"https:\/\/radiorevelacionfm.cl\/wp-content\/uploads\/2025\/08\/IMG_9889-1-1.jpg 900w, https:\/\/radiorevelacionfm.cl\/wp-content\/uploads\/2025\/08\/IMG_9889-1-1-300x200.jpg 300w, https:\/\/radiorevelacionfm.cl\/wp-content\/uploads\/2025\/08\/IMG_9889-1-1-768x512.jpg 768w, https:\/\/radiorevelacionfm.cl\/wp-content\/uploads\/2025\/08\/IMG_9889-1-1-705x470.jpg 705w, https:\/\/radiorevelacionfm.cl\/wp-content\/uploads\/2025\/08\/IMG_9889-1-1-450x300.jpg 450w, https:\/\/radiorevelacionfm.cl\/wp-content\/uploads\/2025\/08\/IMG_9889-1-1-600x400.jpg 600w\" sizes=\"(max-width: 900px) 100vw, 900px\" \/><\/div><\/div><\/div><\/div><div class=\"flex_column av_one_full  flex_column_div av-zero-column-padding first  avia-builder-el-2  el_after_av_one_full  el_before_av_one_full  column-top-margin\" style='border-radius:0px; '><section class=\"av_textblock_section \"  itemscope=\"itemscope\" itemtype=\"https:\/\/schema.org\/BlogPosting\" itemprop=\"blogPost\" ><div class='avia_textblock  '   itemprop=\"text\" ><p style=\"text-align: center;\"><strong><span style=\"font-size: 18pt;\">Ruta de los Parques de la Patagonia: alianza p\u00fablico-privada busca posicionar a Chile como l\u00edder mundial en turismo de conservaci\u00f3n<\/span><\/strong><\/p>\n<div id=\"gtx-trans\" style=\"position: absolute; left: -50px; top: 4.31534px;\">\n<div class=\"gtx-trans-icon\"><\/div>\n<\/div>\n<\/div><\/section><\/div><div class=\"flex_column av_one_full  flex_column_div av-zero-column-padding first  avia-builder-el-4  el_after_av_one_full  el_before_av_hr  column-top-margin\" style='border-radius:0px; '><section class=\"av_textblock_section \"  itemscope=\"itemscope\" itemtype=\"https:\/\/schema.org\/BlogPosting\" itemprop=\"blogPost\" ><div class='avia_textblock  '   itemprop=\"text\" ><p style=\"font-weight: 400; text-align: justify;\"><em>En las oficinas de Corfo en Santiago, actores del mundo p\u00fablico, privado, de la academia y sociedad civil, sellaron un compromiso hist\u00f3rico de trabajar colaborativamente para posicionar a la Patagonia como destino tur\u00edstico de naturaleza y conservaci\u00f3n.<\/em><\/p>\n<p style=\"font-weight: 400; text-align: justify;\">Con la mirada puesta en consolidar a la Patagonia como un tesoro mundial de turismo de naturaleza y conservaci\u00f3n, un grupo importante de autoridades, empresarios y representantes de la sociedad civil, se reunieron en Santiago para participar en la primera sesi\u00f3n del Consejo Directivo del Programa Transforma Meso Regional Ruta de Los Parques de La Patagonia.<\/p>\n<p style=\"font-weight: 400; text-align: justify;\">\u201cUno de los aspectos clave del trabajo realizado hoy fue la firma conjunta sobre gran ruta que es de los parques de la Patagonia, donde distintos actores p\u00fablico y privado, la academia, los distintos gremios, gobernadores, Corfo, la subsecretaria de Turismo, MOP y Bienes Nacionales, dentro de otros, firmamos un compromiso de trabajo por el desarrollo sustentable de esta tremenda ruta, tan importante para posicionamiento del turismo en Chile\u201d, destac\u00f3 la Subsecretaria de Turismo, Ver\u00f3nica Pardo.<\/p>\n<p style=\"font-weight: 400; text-align: justify;\">En este acuerdo mancomunado, particip\u00f3 tambi\u00e9n el subsecretario de Bienes Nacionales, Sebasti\u00e1n Vergara, actor clave para alcanzar los objetivos del programa.\u00a0 \u201cAdministramos el 54% del territorio fiscal y, en \u00e9l, ya hemos implementado 88 rutas patrimoniales de diversos temas. Por lo tanto, creemos que solo el trabajo interinstitucional, de manera coordinada, donde todos nos pongamos a disposici\u00f3n del proyecto, va a hacer que la creaci\u00f3n de la Ruta de los Parques de la Patagonia sea un verdadero esfuerzo, una innovaci\u00f3n pa\u00eds, que permita poner en valor el terreno fiscal, pero que tambi\u00e9n d\u00e9 desarrollo y beneficio a las comunidades que habitan en estos territorios\u201d, coment\u00f3 la autoridad.<\/p>\n<p style=\"font-weight: 400; text-align: justify;\">Por su parte, el Vicepresidente Ejecutivo de Corfo, Jos\u00e9 Miguel Benavente, explic\u00f3 que el programa tendr\u00e1 una duraci\u00f3n de hasta de nueve a\u00f1os, y ser\u00e1 financiado por Corfo complementado con recursos regionales. \u201cLo que busca este programa es visibilizar este espacio geogr\u00e1fico de gran relevancia y renombre internacional y adecuar la oferta en los sectores de turismo, formaci\u00f3n de competencia, capital humano a trav\u00e9s de una hoja de ruta. Estamos muy contentos con esta iniciativa, tenemos mucha esperanza, y una expectativa tremendamente importante para su \u00e9xito\u201d.<\/p>\n<p style=\"font-weight: 400; text-align: justify;\">Durante la primera sesi\u00f3n se relev\u00f3 la importancia del trabajo coordinado entre todos los sectores con el objetivo de superar brechas en infraestructura, conectividad y fortalecimiento de la cadena de valor del turismo, con \u00e9nfasis en las comunidades locales y en una gesti\u00f3n responsable y sostenible.<\/p>\n<p style=\"font-weight: 400; text-align: justify;\">\u201cLos parques nacionales son parte del recorrido de la Carretera Austral,\u00a0sobre todo en la Regi\u00f3n de Ays\u00e9n.\u00a0Por lo tanto, este programa viene a fortalecer esa puesta en valor\u00a0que queremos de nuestras \u00e1reas silvestres protegidas,\u00a0para que tambi\u00e9n generen desarrollo econ\u00f3mico\u00a0en nuestras comunidades, principalmente asociadas al turismo.\u00a0As\u00ed que estamos contentos con la iniciativa\u00bb, se\u00f1al\u00f3 el Gobernador de Ays\u00e9n, Marcelo Santana.<\/p>\n<p style=\"font-weight: 400; text-align: justify;\">Humberto Mar\u00edn Leiva, director de Corfo Ays\u00e9n, destac\u00f3 que el Programa Transforma representa una oportunidad hist\u00f3rica para proyectar la Patagonia como un territorio de conservaci\u00f3n e innovaci\u00f3n sostenible, articulando a comunidades, academia, sector privado y autoridades en un mismo prop\u00f3sito. \u201cEstoy convencido de que el desarrollo de la Patagonia debe construirse con visi\u00f3n de largo plazo y de manera colaborativa. Este esfuerzo nos permitir\u00e1 generar nuevas oportunidades para las personas del sur austral y posicionar la Ruta de los Parques en el mapa mundial del turismo de conservaci\u00f3n.\u201d<\/p>\n<p style=\"font-weight: 400; text-align: justify;\">En tanto, el empresario Jaime Guazzini, presidente del directorio del gremio de la Federaci\u00f3n de Empresas de Turismo de Chile, relev\u00f3 lo que representa esta iniciativa para el mundo privado. \u201cPara nosotros es muy importante que resulte este programa. Por un lado, nos ayuda a que el sector p\u00fablico y privado se junte, se coordine,\u00a0y eso implica una mejor planificaci\u00f3n del territorio y una gesti\u00f3n m\u00e1s eficiente.\u00a0Y lo otro, es que nos permite tener una mirada de mediano-largo plazo en torno a la infraestructura habilitante que necesitamos\u00a0para que podamos los empresarios generar productos tur\u00edsticos sostenibles, con caminos y aeropuertos eficientes\u00a0que permitan tener vuelos nacionales e internacionales, y tambi\u00e9n con toda la infraestructura portuaria para tener un mayor flujo de cruceros hacia la Patagonia\u201d.<\/p>\n<p style=\"font-weight: 400; text-align: justify;\">La iniciativa, que abarca vastos territorios, desde Puerto Montt hasta Cabo de Hornos, cuenta con una Hoja de Ruta que considera cuatro ejes de acci\u00f3n: Infraestructura habilitante y conectividad; Desarrollo y diversificaci\u00f3n de la oferta y su posicionamiento; Capital humano, vinculaci\u00f3n e integraci\u00f3n y; Sostenibilidad, adaptaci\u00f3n al cambio clim\u00e1tico y planificaci\u00f3n.<\/p>\n<p style=\"font-weight: 400; text-align: justify;\">A la reuni\u00f3n asistieron los gobernadores de Los Lagos, Alejandro Santana, de Ays\u00e9n, Marcelo Santana, de Magallanes y la Ant\u00e1rtica Chilena, Jorge Flies; los subsecretarios de Turismo, Ver\u00f3nica Pardo, de Bienes Nacionales, Sebasti\u00e1n Vergara, el vicepresidente ejecutivo de Corfo, Jos\u00e9 Miguel Benavente; el director nacional de Sernatur, Crist\u00f3bal Ben\u00edtez, Director General de Obras P\u00fablicas, Boris Olgu\u00edn, directora de\u00a0SBAP, Patricia Ib\u00e1\u00f1ez,\u00a0 junto a representantes de ministerios clave como Econom\u00eda, Fomento y Turismo, Medio Ambiente, Transportes y Telecomunicaciones, adem\u00e1s de Fedetur, entre actores.<\/p>\n<\/div><\/section><\/div><div  style='height:50px' class='hr hr-invisible   avia-builder-el-6  el_after_av_one_full  el_before_av_social_share '><span class='hr-inner ' ><span class='hr-inner-style'><\/span><\/span><\/div><\/p>\n<div  class='av-social-sharing-box  avia-builder-el-7  el_after_av_hr  el_before_av_hr  '><div class='av-share-box'><h5 class='av-share-link-description av-no-toc '>Compartir esta noticia<\/h5><ul class='av-share-box-list noLightbox'><li class='av-share-link av-social-link-facebook' ><a target=\"_blank\" aria-label=\"Compartir en Facebook\" href='https:\/\/www.facebook.com\/sharer.php?u=https:\/\/radiorevelacionfm.cl\/?p=58372&#038;t=Ruta%20de%20los%20Parques%20de%20la%20Patagonia%3A%20alianza%20p%C3%BAblico-privada%20busca%20posicionar%20a%20Chile%20como%20l%C3%ADder%20mundial%20en%20turismo%20de%20conservaci%C3%B3n' aria-hidden='false' data-av_icon='\ue8f3' data-av_iconfont='entypo-fontello' title='' data-avia-related-tooltip='Compartir en Facebook' rel=\"noopener\"><span class='avia_hidden_link_text'>Compartir en Facebook<\/span><\/a><\/li><li class='av-share-link av-social-link-twitter' ><a target=\"_blank\" aria-label=\"Compartir en Twitter\" href='https:\/\/twitter.com\/share?text=Ruta%20de%20los%20Parques%20de%20la%20Patagonia%3A%20alianza%20p%C3%BAblico-privada%20busca%20posicionar%20a%20Chile%20como%20l%C3%ADder%20mundial%20en%20turismo%20de%20conservaci%C3%B3n&#038;url=https:\/\/radiorevelacionfm.cl\/?p=58372' aria-hidden='false' data-av_icon='\ue8f1' data-av_iconfont='entypo-fontello' title='' data-avia-related-tooltip='Compartir en Twitter' rel=\"noopener\"><span class='avia_hidden_link_text'>Compartir en Twitter<\/span><\/a><\/li><li class='av-share-link av-social-link-whatsapp' ><a target=\"_blank\" aria-label=\"Compartir en Whatsapp\" href='https:\/\/api.whatsapp.com\/send?text=https:\/\/radiorevelacionfm.cl\/?p=58372' aria-hidden='false' data-av_icon='\uf232' data-av_iconfont='entypo-fontello' title='' data-avia-related-tooltip='Compartir en Whatsapp' rel=\"noopener\"><span class='avia_hidden_link_text'>Compartir en Whatsapp<\/span><\/a><\/li><li class='av-share-link av-social-link-linkedin' ><a target=\"_blank\" aria-label=\"Compartir en LinkedIn\" href='https:\/\/linkedin.com\/shareArticle?mini=true&#038;title=Ruta%20de%20los%20Parques%20de%20la%20Patagonia%3A%20alianza%20p%C3%BAblico-privada%20busca%20posicionar%20a%20Chile%20como%20l%C3%ADder%20mundial%20en%20turismo%20de%20conservaci%C3%B3n&#038;url=https:\/\/radiorevelacionfm.cl\/?p=58372' aria-hidden='false' data-av_icon='\ue8fc' data-av_iconfont='entypo-fontello' title='' data-avia-related-tooltip='Compartir en LinkedIn' rel=\"noopener\"><span class='avia_hidden_link_text'>Compartir en LinkedIn<\/span><\/a><\/li><li class='av-share-link av-social-link-mail' ><a  aria-label=\"Compartir por correo\" href='mailto:?subject=Ruta%20de%20los%20Parques%20de%20la%20Patagonia%3A%20alianza%20p%C3%BAblico-privada%20busca%20posicionar%20a%20Chile%20como%20l%C3%ADder%20mundial%20en%20turismo%20de%20conservaci%C3%B3n&#038;body=https:\/\/radiorevelacionfm.cl\/?p=58372' aria-hidden='false' data-av_icon='\ue805' data-av_iconfont='entypo-fontello' title='' data-avia-related-tooltip='Compartir por correo'><span class='avia_hidden_link_text'>Compartir por correo<\/span><\/a><\/li><\/ul><\/div><\/div>\n<div  style='height:50px' class='hr hr-invisible   avia-builder-el-8  el_after_av_social_share  el_before_av_comments_list '><span class='hr-inner ' ><span class='hr-inner-style'><\/span><\/span><\/div>\n<div  class='av-buildercomment  av-blog-meta-html-info-disabled av-blog-meta-tag-disabled  '><\/div>\n","protected":false},"excerpt":{"rendered":"","protected":false},"author":1,"featured_media":58373,"comment_status":"closed","ping_status":"closed","sticky":false,"template":"","format":"standard","meta":{"footnotes":""},"categories":[54],"tags":[],"class_list":["post-58372","post","type-post","status-publish","format-standard","has-post-thumbnail","hentry","category-turismo"],"jetpack_featured_media_url":"https:\/\/radiorevelacionfm.cl\/wp-content\/uploads\/2025\/08\/IMG_9889-1-1.jpg","_links":{"self":[{"href":"https:\/\/radiorevelacionfm.cl\/index.php?rest_route=\/wp\/v2\/posts\/58372","targetHints":{"allow":["GET"]}}],"collection":[{"href":"https:\/\/radiorevelacionfm.cl\/index.php?rest_route=\/wp\/v2\/posts"}],"about":[{"href":"https:\/\/radiorevelacionfm.cl\/index.php?rest_route=\/wp\/v2\/types\/post"}],"author":[{"embeddable":true,"href":"https:\/\/radiorevelacionfm.cl\/index.php?rest_route=\/wp\/v2\/users\/1"}],"replies":[{"embeddable":true,"href":"https:\/\/radiorevelacionfm.cl\/index.php?rest_route=%2Fwp%2Fv2%2Fcomments&post=58372"}],"version-history":[{"count":2,"href":"https:\/\/radiorevelacionfm.cl\/index.php?rest_route=\/wp\/v2\/posts\/58372\/revisions"}],"predecessor-version":[{"id":58375,"href":"https:\/\/radiorevelacionfm.cl\/index.php?rest_route=\/wp\/v2\/posts\/58372\/revisions\/58375"}],"wp:featuredmedia":[{"embeddable":true,"href":"https:\/\/radiorevelacionfm.cl\/index.php?rest_route=\/wp\/v2\/media\/58373"}],"wp:attachment":[{"href":"https:\/\/radiorevelacionfm.cl\/index.php?rest_route=%2Fwp%2Fv2%2Fmedia&parent=58372"}],"wp:term":[{"taxonomy":"category","embeddable":true,"href":"https:\/\/radiorevelacionfm.cl\/index.php?rest_route=%2Fwp%2Fv2%2Fcategories&post=58372"},{"taxonomy":"post_tag","embeddable":true,"href":"https:\/\/radiorevelacionfm.cl\/index.php?rest_route=%2Fwp%2Fv2%2Ftags&post=58372"}],"curies":[{"name":"wp","href":"https:\/\/api.w.org\/{rel}","templated":true}]}}