{"id":58368,"date":"2025-08-27T21:49:48","date_gmt":"2025-08-28T00:49:48","guid":{"rendered":"https:\/\/radiorevelacionfm.cl\/?p=58368"},"modified":"2025-08-27T21:49:48","modified_gmt":"2025-08-28T00:49:48","slug":"bienes-nacionales-entrego-tres-concesiones-gratuitas-de-inmuebles-fiscales-en-guaitecas","status":"publish","type":"post","link":"https:\/\/radiorevelacionfm.cl\/?p=58368","title":{"rendered":"Bienes Nacionales entreg\u00f3 tres concesiones gratuitas de inmuebles fiscales en Guaitecas"},"content":{"rendered":"<div class=\"flex_column av_one_full  flex_column_div av-zero-column-padding first  avia-builder-el-0  el_before_av_one_full  avia-builder-el-first  \" style='border-radius:0px; '><div  class='avia-image-container  av-styling-    avia-builder-el-1  avia-builder-el-no-sibling  avia-align-center '  itemprop=\"image\" itemscope=\"itemscope\" itemtype=\"https:\/\/schema.org\/ImageObject\"  ><div class='avia-image-container-inner'><div class='avia-image-overlay-wrap'><img decoding=\"async\" class='wp-image-58369 avia-img-lazy-loading-not-58369 avia_image' src=\"https:\/\/radiorevelacionfm.cl\/wp-content\/uploads\/2025\/08\/20250804_173436-1_optimized.jpg\" alt='' title='20250804_173436-(1)_optimized' height=\"600\" width=\"1067\"  itemprop=\"thumbnailUrl\" srcset=\"https:\/\/radiorevelacionfm.cl\/wp-content\/uploads\/2025\/08\/20250804_173436-1_optimized.jpg 1067w, https:\/\/radiorevelacionfm.cl\/wp-content\/uploads\/2025\/08\/20250804_173436-1_optimized-300x169.jpg 300w, https:\/\/radiorevelacionfm.cl\/wp-content\/uploads\/2025\/08\/20250804_173436-1_optimized-1030x579.jpg 1030w, https:\/\/radiorevelacionfm.cl\/wp-content\/uploads\/2025\/08\/20250804_173436-1_optimized-768x432.jpg 768w, https:\/\/radiorevelacionfm.cl\/wp-content\/uploads\/2025\/08\/20250804_173436-1_optimized-705x396.jpg 705w, https:\/\/radiorevelacionfm.cl\/wp-content\/uploads\/2025\/08\/20250804_173436-1_optimized-450x253.jpg 450w, https:\/\/radiorevelacionfm.cl\/wp-content\/uploads\/2025\/08\/20250804_173436-1_optimized-600x337.jpg 600w\" sizes=\"(max-width: 1067px) 100vw, 1067px\" \/><\/div><\/div><\/div><\/div><div class=\"flex_column av_one_full  flex_column_div av-zero-column-padding first  avia-builder-el-2  el_after_av_one_full  el_before_av_one_full  column-top-margin\" style='border-radius:0px; '><section class=\"av_textblock_section \"  itemscope=\"itemscope\" itemtype=\"https:\/\/schema.org\/BlogPosting\" itemprop=\"blogPost\" ><div class='avia_textblock  '   itemprop=\"text\" ><p style=\"text-align: center;\"><strong><span style=\"font-size: 18pt;\">Bienes Nacionales entreg\u00f3 tres concesiones gratuitas de inmuebles fiscales en Guaitecas<\/span><\/strong><\/p>\n<div id=\"gtx-trans\" style=\"position: absolute; left: -50px; top: 4.31534px;\">\n<div class=\"gtx-trans-icon\"><\/div>\n<\/div>\n<\/div><\/section><\/div><div class=\"flex_column av_one_full  flex_column_div av-zero-column-padding first  avia-builder-el-4  el_after_av_one_full  el_before_av_hr  column-top-margin\" style='border-radius:0px; '><section class=\"av_textblock_section \"  itemscope=\"itemscope\" itemtype=\"https:\/\/schema.org\/BlogPosting\" itemprop=\"blogPost\" ><div class='avia_textblock  '   itemprop=\"text\" ><p style=\"text-align: justify;\">El Ministerio de Bienes Nacionales, en su misi\u00f3n de administrar y resguardar el patrimonio fiscal, a trav\u00e9s de una gesti\u00f3n articulada y descentralizada, se ha planteado diferentes ejes estrat\u00e9gicos que tienen como objetivo principal, mejorar la calidad de vida de las y los habitantes de nuestro pa\u00eds.<\/p>\n<p style=\"text-align: justify;\">As\u00ed, con el objetivo de contribuir a la ejecuci\u00f3n de proyectos que generen impacto positivo en las comunidades, en su reciente visita a Melinka, la Seremi de Bienes Nacionales de Ays\u00e9n, entreg\u00f3 tres concesiones gratuitas de inmuebles fiscales a la Ilustre Municipalidad de Guaitecas, en el marco de la sesi\u00f3n del Concejo Municipal, donde, adem\u00e1s, la autoridad expuso los distintos actos administrativos que la instituci\u00f3n tiene con el Ministerio.<\/p>\n<p style=\"text-align: justify;\">Es as\u00ed, que, cumpliendo con el eje estrat\u00e9gico de ampliaci\u00f3n y fortalecimiento de los usos sociales y comunitarios del patrimonio fiscal, se otorg\u00f3 la administraci\u00f3n de tres inmuebles, dos de ellos, ubicados en zona urbana de Melinka y que permitir\u00e1n consolidar la construcci\u00f3n de una sede deportiva que albergar\u00e1 a socios de los clubes deportivos \u201cMelinka\u201d, Naval\u201d y \u201cEstrella\u201d.<\/p>\n<p style=\"text-align: justify;\">Sobre estas concesiones, la seremi Irina Morend Valdebenito, se\u00f1al\u00f3 la importancia del uso colectivo de los inmuebles fiscales. \u201cCuando iniciamos la administraci\u00f3n, conversamos con los municipios de la regi\u00f3n y les planteamos que era importante el uso colectivo de los inmuebles fiscales. Particularmente, le se\u00f1alamos al alcalde de ese entonces que no pod\u00edamos disponer de un terreno fiscal para cada una de las organizaciones en forma individual, en este caso, organizaciones deportivas. As\u00ed surge la idea de desarrollar una sola infraestructura en lotes continuos para que, de esta forma, dar opci\u00f3n a estos tres clubes deportivos. Agradecemos a la instituci\u00f3n por promover el uso colectivo de los inmuebles fiscales y esperamos tambi\u00e9n que este sea un gran ejemplo que se replique en el resto del territorio\u201d.<\/p>\n<p style=\"text-align: justify;\">En cuanto al otro inmueble concesionado, la autoridad regional explic\u00f3 que se trata de una reserva ubicada en la zona rural de la comuna, cuyo proyecto busca proteger la cuenca de la laguna Granizo, y a futuro contar con el principal sistema de agua potable para la comuna.<\/p>\n<p style=\"text-align: justify;\">\u201cExiste un crecimiento proyectado de viviendas y se estima que la principal fuente h\u00eddrica existente hasta la fecha, es decir la laguna Matuco, no ser\u00e1 suficiente para cubrir esta demanda. Por esta raz\u00f3n, en una acci\u00f3n coordinada con la Municipalidad de Guaitecas y tambi\u00e9n Conaf, se busca resguardar dicha fuente, en conjunto con otros cuerpos de agua de la cuenca para que la administraci\u00f3n del inmueble permita una gesti\u00f3n sostenible de la reserva y respaldo para satisfacer las necesidades de la localidad en el largo plazo\u201d, indic\u00f3 la seremi de Bienes Nacionales de Ays\u00e9n.<\/p>\n<p style=\"text-align: justify;\">Finalmente, Morend Valdebenito se\u00f1al\u00f3 que, las carpetas con la respectiva resoluci\u00f3n que otorga formalmente la administraci\u00f3n de estos tres inmuebles fiscales, fue entregada al alcalde Bans Puinao y concejales de la Municipalidad de Guaitecas, quienes agradecieron la gesti\u00f3n y la disposici\u00f3n del patrimonio fiscal.<\/p>\n<\/div><\/section><\/div><div  style='height:50px' class='hr hr-invisible   avia-builder-el-6  el_after_av_one_full  el_before_av_social_share '><span class='hr-inner ' ><span class='hr-inner-style'><\/span><\/span><\/div><\/p>\n<div  class='av-social-sharing-box  avia-builder-el-7  el_after_av_hr  el_before_av_hr  '><div class='av-share-box'><h5 class='av-share-link-description av-no-toc '>Compartir esta noticia<\/h5><ul class='av-share-box-list noLightbox'><li class='av-share-link av-social-link-facebook' ><a target=\"_blank\" aria-label=\"Compartir en Facebook\" href='https:\/\/www.facebook.com\/sharer.php?u=https:\/\/radiorevelacionfm.cl\/?p=58368&#038;t=Bienes%20Nacionales%20entreg%C3%B3%20tres%20concesiones%20gratuitas%20de%20inmuebles%20fiscales%20en%20Guaitecas' aria-hidden='false' data-av_icon='\ue8f3' data-av_iconfont='entypo-fontello' title='' data-avia-related-tooltip='Compartir en Facebook' rel=\"noopener\"><span class='avia_hidden_link_text'>Compartir en Facebook<\/span><\/a><\/li><li class='av-share-link av-social-link-twitter' ><a target=\"_blank\" aria-label=\"Compartir en Twitter\" href='https:\/\/twitter.com\/share?text=Bienes%20Nacionales%20entreg%C3%B3%20tres%20concesiones%20gratuitas%20de%20inmuebles%20fiscales%20en%20Guaitecas&#038;url=https:\/\/radiorevelacionfm.cl\/?p=58368' aria-hidden='false' data-av_icon='\ue8f1' data-av_iconfont='entypo-fontello' title='' data-avia-related-tooltip='Compartir en Twitter' rel=\"noopener\"><span class='avia_hidden_link_text'>Compartir en Twitter<\/span><\/a><\/li><li class='av-share-link av-social-link-whatsapp' ><a target=\"_blank\" aria-label=\"Compartir en Whatsapp\" href='https:\/\/api.whatsapp.com\/send?text=https:\/\/radiorevelacionfm.cl\/?p=58368' aria-hidden='false' data-av_icon='\uf232' data-av_iconfont='entypo-fontello' title='' data-avia-related-tooltip='Compartir en Whatsapp' rel=\"noopener\"><span class='avia_hidden_link_text'>Compartir en Whatsapp<\/span><\/a><\/li><li class='av-share-link av-social-link-linkedin' ><a target=\"_blank\" aria-label=\"Compartir en LinkedIn\" href='https:\/\/linkedin.com\/shareArticle?mini=true&#038;title=Bienes%20Nacionales%20entreg%C3%B3%20tres%20concesiones%20gratuitas%20de%20inmuebles%20fiscales%20en%20Guaitecas&#038;url=https:\/\/radiorevelacionfm.cl\/?p=58368' aria-hidden='false' data-av_icon='\ue8fc' data-av_iconfont='entypo-fontello' title='' data-avia-related-tooltip='Compartir en LinkedIn' rel=\"noopener\"><span class='avia_hidden_link_text'>Compartir en LinkedIn<\/span><\/a><\/li><li class='av-share-link av-social-link-mail' ><a  aria-label=\"Compartir por correo\" href='mailto:?subject=Bienes%20Nacionales%20entreg%C3%B3%20tres%20concesiones%20gratuitas%20de%20inmuebles%20fiscales%20en%20Guaitecas&#038;body=https:\/\/radiorevelacionfm.cl\/?p=58368' aria-hidden='false' data-av_icon='\ue805' data-av_iconfont='entypo-fontello' title='' data-avia-related-tooltip='Compartir por correo'><span class='avia_hidden_link_text'>Compartir por correo<\/span><\/a><\/li><\/ul><\/div><\/div>\n<div  style='height:50px' class='hr hr-invisible   avia-builder-el-8  el_after_av_social_share  el_before_av_comments_list '><span class='hr-inner ' ><span class='hr-inner-style'><\/span><\/span><\/div>\n<div  class='av-buildercomment  av-blog-meta-html-info-disabled av-blog-meta-tag-disabled  '><\/div>\n","protected":false},"excerpt":{"rendered":"","protected":false},"author":1,"featured_media":58369,"comment_status":"closed","ping_status":"closed","sticky":false,"template":"","format":"standard","meta":{"footnotes":""},"categories":[38],"tags":[],"class_list":["post-58368","post","type-post","status-publish","format-standard","has-post-thumbnail","hentry","category-regional"],"jetpack_featured_media_url":"https:\/\/radiorevelacionfm.cl\/wp-content\/uploads\/2025\/08\/20250804_173436-1_optimized.jpg","_links":{"self":[{"href":"https:\/\/radiorevelacionfm.cl\/index.php?rest_route=\/wp\/v2\/posts\/58368","targetHints":{"allow":["GET"]}}],"collection":[{"href":"https:\/\/radiorevelacionfm.cl\/index.php?rest_route=\/wp\/v2\/posts"}],"about":[{"href":"https:\/\/radiorevelacionfm.cl\/index.php?rest_route=\/wp\/v2\/types\/post"}],"author":[{"embeddable":true,"href":"https:\/\/radiorevelacionfm.cl\/index.php?rest_route=\/wp\/v2\/users\/1"}],"replies":[{"embeddable":true,"href":"https:\/\/radiorevelacionfm.cl\/index.php?rest_route=%2Fwp%2Fv2%2Fcomments&post=58368"}],"version-history":[{"count":2,"href":"https:\/\/radiorevelacionfm.cl\/index.php?rest_route=\/wp\/v2\/posts\/58368\/revisions"}],"predecessor-version":[{"id":58371,"href":"https:\/\/radiorevelacionfm.cl\/index.php?rest_route=\/wp\/v2\/posts\/58368\/revisions\/58371"}],"wp:featuredmedia":[{"embeddable":true,"href":"https:\/\/radiorevelacionfm.cl\/index.php?rest_route=\/wp\/v2\/media\/58369"}],"wp:attachment":[{"href":"https:\/\/radiorevelacionfm.cl\/index.php?rest_route=%2Fwp%2Fv2%2Fmedia&parent=58368"}],"wp:term":[{"taxonomy":"category","embeddable":true,"href":"https:\/\/radiorevelacionfm.cl\/index.php?rest_route=%2Fwp%2Fv2%2Fcategories&post=58368"},{"taxonomy":"post_tag","embeddable":true,"href":"https:\/\/radiorevelacionfm.cl\/index.php?rest_route=%2Fwp%2Fv2%2Ftags&post=58368"}],"curies":[{"name":"wp","href":"https:\/\/api.w.org\/{rel}","templated":true}]}}