{"id":5836,"date":"2021-07-01T18:34:45","date_gmt":"2021-07-01T21:34:45","guid":{"rendered":"https:\/\/radiorevelacionfm.cl\/?p=5836"},"modified":"2021-07-01T18:34:45","modified_gmt":"2021-07-01T21:34:45","slug":"clubes-de-adultos-mayores-y-organizaciones-sociales-de-la-comuna-de-aysen-reciben-lena-para-enfrentar-el-invierno","status":"publish","type":"post","link":"https:\/\/radiorevelacionfm.cl\/?p=5836","title":{"rendered":"Clubes de adultos mayores y organizaciones sociales de la comuna de Ays\u00e9n reciben le\u00f1a para enfrentar el invierno"},"content":{"rendered":"<div class=\"flex_column av_one_full  flex_column_div av-zero-column-padding first  avia-builder-el-0  el_before_av_one_full  avia-builder-el-first  \" style='border-radius:0px; '><div  class='avia-image-container  av-styling-    avia-builder-el-1  avia-builder-el-no-sibling  avia-align-center '  itemprop=\"image\" itemscope=\"itemscope\" itemtype=\"https:\/\/schema.org\/ImageObject\"  ><div class='avia-image-container-inner'><div class='avia-image-overlay-wrap'><img decoding=\"async\" class='wp-image-5837 avia-img-lazy-loading-not-5837 avia_image' src=\"https:\/\/radiorevelacionfm.cl\/wp-content\/uploads\/2021\/07\/Lena_114546-1-1.jpg\" alt='' title='Le\u00f1a_114546 (1) (1)' height=\"600\" width=\"800\"  itemprop=\"thumbnailUrl\" srcset=\"https:\/\/radiorevelacionfm.cl\/wp-content\/uploads\/2021\/07\/Lena_114546-1-1.jpg 800w, https:\/\/radiorevelacionfm.cl\/wp-content\/uploads\/2021\/07\/Lena_114546-1-1-300x225.jpg 300w, https:\/\/radiorevelacionfm.cl\/wp-content\/uploads\/2021\/07\/Lena_114546-1-1-768x576.jpg 768w, https:\/\/radiorevelacionfm.cl\/wp-content\/uploads\/2021\/07\/Lena_114546-1-1-705x529.jpg 705w, https:\/\/radiorevelacionfm.cl\/wp-content\/uploads\/2021\/07\/Lena_114546-1-1-600x450.jpg 600w\" sizes=\"(max-width: 800px) 100vw, 800px\" \/><\/div><\/div><\/div><\/div><div class=\"flex_column av_one_full  flex_column_div av-zero-column-padding first  avia-builder-el-2  el_after_av_one_full  el_before_av_one_full  column-top-margin\" style='border-radius:0px; '><section class=\"av_textblock_section \"  itemscope=\"itemscope\" itemtype=\"https:\/\/schema.org\/BlogPosting\" itemprop=\"blogPost\" ><div class='avia_textblock  '   itemprop=\"text\" ><p style=\"text-align: center;\"><strong><span style=\"font-size: 18pt;\">Clubes de adultos mayores y organizaciones sociales de la comuna de Ays\u00e9n reciben le\u00f1a para enfrentar el invierno<\/span><\/strong><\/p>\n<div id=\"gtx-trans\" style=\"position: absolute; left: -50px; top: 4.31534px;\">\n<div class=\"gtx-trans-icon\"><\/div>\n<\/div>\n<\/div><\/section><\/div><div class=\"flex_column av_one_full  flex_column_div av-zero-column-padding first  avia-builder-el-4  el_after_av_one_full  el_before_av_hr  column-top-margin\" style='border-radius:0px; '><section class=\"av_textblock_section \"  itemscope=\"itemscope\" itemtype=\"https:\/\/schema.org\/BlogPosting\" itemprop=\"blogPost\" ><div class='avia_textblock  '   itemprop=\"text\" ><p style=\"text-align: justify;\">Tras un trabajo coordinado adultos mayores de Villa Ma\u00f1ihuales, Puerto Chacabuco y Puerto Ays\u00e9n han recibido le\u00f1a para pasar estas \u00e9pocas de frio.<\/p>\n<p style=\"text-align: justify;\">La distribuci\u00f3n de este importante beneficio ha permitido llegar con esta ayuda a muchos adultos mayores que en tiempos de pandemia y mucho frio no han podido comprar le\u00f1a por diferentes situaciones.<\/p>\n<p style=\"text-align: justify;\">El Gobernador de la provincia y quien ha mantenido una cercan\u00eda permanente con los adultos mayores y que ha estado siempre atento a las necesidades de este grupo de personas ha destacado la importancia de llegar de manera oportuna con este tipo de ayudas \u201ccomo todos los a\u00f1os la gobernaci\u00f3n provincial de Ays\u00e9n desde marzo del 2018 nos hemos preocupado de continuar y ampliar el proceso de entrega de le\u00f1a no s\u00f3lo a clubes de adultos mayores sino que tambi\u00e9n a diferentes organizaciones sociales ben\u00e9ficas, adem\u00e1s hemos tratado de adelantar su entrega ya que cuando nosotros asumimos antes se entregaba hasta el mes de diciembre, hoy ya llevamos cerca del 80% de la le\u00f1a entregada, sin olvidar que bajo nuestra administraci\u00f3n tras solicitud del Consejero Co\u00f1uecar podremos entregar 300 metros de le\u00f1a en los pr\u00f3ximos d\u00edas para Puerto Cisnes\u201d.<\/p>\n<p style=\"text-align: justify;\">Prontamente se le entregar\u00e1 de igual manera como ha sido todos los a\u00f1os, le\u00f1a a adultos mayores de Islas Huichas.<\/p>\n<p style=\"text-align: justify;\">Es importante hacer menci\u00f3n que este convenio se puede realizar gracias a CONAF, Gobierno Regional y la Gobernaci\u00f3n de Ays\u00e9n.<\/p>\n<\/div><\/section><\/div><div  style='height:50px' class='hr hr-invisible   avia-builder-el-6  el_after_av_one_full  el_before_av_social_share '><span class='hr-inner ' ><span class='hr-inner-style'><\/span><\/span><\/div><\/p>\n<div  class='av-social-sharing-box  avia-builder-el-7  el_after_av_hr  el_before_av_hr  '><div class='av-share-box'><h5 class='av-share-link-description av-no-toc '>Compartir esta noticia<\/h5><ul class='av-share-box-list noLightbox'><li class='av-share-link av-social-link-facebook' ><a target=\"_blank\" aria-label=\"Compartir en Facebook\" href='https:\/\/www.facebook.com\/sharer.php?u=https:\/\/radiorevelacionfm.cl\/?p=5836&#038;t=Clubes%20de%20adultos%20mayores%20y%20organizaciones%20sociales%20de%20la%20comuna%20de%20Ays%C3%A9n%20reciben%20le%C3%B1a%20para%20enfrentar%20el%20invierno' aria-hidden='false' data-av_icon='\ue8f3' data-av_iconfont='entypo-fontello' title='' data-avia-related-tooltip='Compartir en Facebook' rel=\"noopener\"><span class='avia_hidden_link_text'>Compartir en Facebook<\/span><\/a><\/li><li class='av-share-link av-social-link-twitter' ><a target=\"_blank\" aria-label=\"Compartir en Twitter\" href='https:\/\/twitter.com\/share?text=Clubes%20de%20adultos%20mayores%20y%20organizaciones%20sociales%20de%20la%20comuna%20de%20Ays%C3%A9n%20reciben%20le%C3%B1a%20para%20enfrentar%20el%20invierno&#038;url=https:\/\/radiorevelacionfm.cl\/?p=5836' aria-hidden='false' data-av_icon='\ue8f1' data-av_iconfont='entypo-fontello' title='' data-avia-related-tooltip='Compartir en Twitter' rel=\"noopener\"><span class='avia_hidden_link_text'>Compartir en Twitter<\/span><\/a><\/li><li class='av-share-link av-social-link-whatsapp' ><a target=\"_blank\" aria-label=\"Compartir en Whatsapp\" href='https:\/\/api.whatsapp.com\/send?text=https:\/\/radiorevelacionfm.cl\/?p=5836' aria-hidden='false' data-av_icon='\uf232' data-av_iconfont='entypo-fontello' title='' data-avia-related-tooltip='Compartir en Whatsapp' rel=\"noopener\"><span class='avia_hidden_link_text'>Compartir en Whatsapp<\/span><\/a><\/li><li class='av-share-link av-social-link-linkedin' ><a target=\"_blank\" aria-label=\"Compartir en LinkedIn\" href='https:\/\/linkedin.com\/shareArticle?mini=true&#038;title=Clubes%20de%20adultos%20mayores%20y%20organizaciones%20sociales%20de%20la%20comuna%20de%20Ays%C3%A9n%20reciben%20le%C3%B1a%20para%20enfrentar%20el%20invierno&#038;url=https:\/\/radiorevelacionfm.cl\/?p=5836' aria-hidden='false' data-av_icon='\ue8fc' data-av_iconfont='entypo-fontello' title='' data-avia-related-tooltip='Compartir en LinkedIn' rel=\"noopener\"><span class='avia_hidden_link_text'>Compartir en LinkedIn<\/span><\/a><\/li><li class='av-share-link av-social-link-mail' ><a  aria-label=\"Compartir por correo\" href='mailto:?subject=Clubes%20de%20adultos%20mayores%20y%20organizaciones%20sociales%20de%20la%20comuna%20de%20Ays%C3%A9n%20reciben%20le%C3%B1a%20para%20enfrentar%20el%20invierno&#038;body=https:\/\/radiorevelacionfm.cl\/?p=5836' aria-hidden='false' data-av_icon='\ue805' data-av_iconfont='entypo-fontello' title='' data-avia-related-tooltip='Compartir por correo'><span class='avia_hidden_link_text'>Compartir por correo<\/span><\/a><\/li><\/ul><\/div><\/div>\n<div  style='height:50px' class='hr hr-invisible   avia-builder-el-8  el_after_av_social_share  el_before_av_comments_list '><span class='hr-inner ' ><span class='hr-inner-style'><\/span><\/span><\/div>\n<div  class='av-buildercomment  av-blog-meta-html-info-disabled av-blog-meta-tag-disabled  '><\/div>\n","protected":false},"excerpt":{"rendered":"","protected":false},"author":1,"featured_media":5837,"comment_status":"open","ping_status":"open","sticky":false,"template":"","format":"standard","meta":{"footnotes":""},"categories":[38],"tags":[],"class_list":["post-5836","post","type-post","status-publish","format-standard","has-post-thumbnail","hentry","category-regional"],"jetpack_featured_media_url":"https:\/\/radiorevelacionfm.cl\/wp-content\/uploads\/2021\/07\/Lena_114546-1-1.jpg","_links":{"self":[{"href":"https:\/\/radiorevelacionfm.cl\/index.php?rest_route=\/wp\/v2\/posts\/5836","targetHints":{"allow":["GET"]}}],"collection":[{"href":"https:\/\/radiorevelacionfm.cl\/index.php?rest_route=\/wp\/v2\/posts"}],"about":[{"href":"https:\/\/radiorevelacionfm.cl\/index.php?rest_route=\/wp\/v2\/types\/post"}],"author":[{"embeddable":true,"href":"https:\/\/radiorevelacionfm.cl\/index.php?rest_route=\/wp\/v2\/users\/1"}],"replies":[{"embeddable":true,"href":"https:\/\/radiorevelacionfm.cl\/index.php?rest_route=%2Fwp%2Fv2%2Fcomments&post=5836"}],"version-history":[{"count":1,"href":"https:\/\/radiorevelacionfm.cl\/index.php?rest_route=\/wp\/v2\/posts\/5836\/revisions"}],"predecessor-version":[{"id":5838,"href":"https:\/\/radiorevelacionfm.cl\/index.php?rest_route=\/wp\/v2\/posts\/5836\/revisions\/5838"}],"wp:featuredmedia":[{"embeddable":true,"href":"https:\/\/radiorevelacionfm.cl\/index.php?rest_route=\/wp\/v2\/media\/5837"}],"wp:attachment":[{"href":"https:\/\/radiorevelacionfm.cl\/index.php?rest_route=%2Fwp%2Fv2%2Fmedia&parent=5836"}],"wp:term":[{"taxonomy":"category","embeddable":true,"href":"https:\/\/radiorevelacionfm.cl\/index.php?rest_route=%2Fwp%2Fv2%2Fcategories&post=5836"},{"taxonomy":"post_tag","embeddable":true,"href":"https:\/\/radiorevelacionfm.cl\/index.php?rest_route=%2Fwp%2Fv2%2Ftags&post=5836"}],"curies":[{"name":"wp","href":"https:\/\/api.w.org\/{rel}","templated":true}]}}