{"id":58358,"date":"2025-08-27T21:08:26","date_gmt":"2025-08-28T00:08:26","guid":{"rendered":"https:\/\/radiorevelacionfm.cl\/?p=58358"},"modified":"2025-08-27T21:08:26","modified_gmt":"2025-08-28T00:08:26","slug":"con-exito-se-desarrollo-en-puerto-aysen-el-taller-para-el-plan-de-gestion-del-sitio-de-memoria-segunda-comisaria","status":"publish","type":"post","link":"https:\/\/radiorevelacionfm.cl\/?p=58358","title":{"rendered":"Con \u00e9xito se desarroll\u00f3 en Puerto Ays\u00e9n el taller para el Plan de Gesti\u00f3n del Sitio de Memoria Segunda Comisar\u00eda"},"content":{"rendered":"<div class=\"flex_column av_one_full  flex_column_div av-zero-column-padding first  avia-builder-el-0  el_before_av_one_full  avia-builder-el-first  \" style='border-radius:0px; '><div  class='avia-image-container  av-styling-    avia-builder-el-1  avia-builder-el-no-sibling  avia-align-center '  itemprop=\"image\" itemscope=\"itemscope\" itemtype=\"https:\/\/schema.org\/ImageObject\"  ><div class='avia-image-container-inner'><div class='avia-image-overlay-wrap'><img decoding=\"async\" class='wp-image-58360 avia-img-lazy-loading-not-58360 avia_image' src=\"https:\/\/radiorevelacionfm.cl\/wp-content\/uploads\/2025\/08\/3-2025-08-27t143054_optimized.625-1.jpg\" alt='' title='3---2025-08-27t143054_optimized.625-(1)' height=\"600\" width=\"900\"  itemprop=\"thumbnailUrl\" srcset=\"https:\/\/radiorevelacionfm.cl\/wp-content\/uploads\/2025\/08\/3-2025-08-27t143054_optimized.625-1.jpg 900w, https:\/\/radiorevelacionfm.cl\/wp-content\/uploads\/2025\/08\/3-2025-08-27t143054_optimized.625-1-300x200.jpg 300w, https:\/\/radiorevelacionfm.cl\/wp-content\/uploads\/2025\/08\/3-2025-08-27t143054_optimized.625-1-768x512.jpg 768w, https:\/\/radiorevelacionfm.cl\/wp-content\/uploads\/2025\/08\/3-2025-08-27t143054_optimized.625-1-705x470.jpg 705w, https:\/\/radiorevelacionfm.cl\/wp-content\/uploads\/2025\/08\/3-2025-08-27t143054_optimized.625-1-450x300.jpg 450w, https:\/\/radiorevelacionfm.cl\/wp-content\/uploads\/2025\/08\/3-2025-08-27t143054_optimized.625-1-600x400.jpg 600w\" sizes=\"(max-width: 900px) 100vw, 900px\" \/><\/div><\/div><\/div><\/div><div class=\"flex_column av_one_full  flex_column_div av-zero-column-padding first  avia-builder-el-2  el_after_av_one_full  el_before_av_one_full  column-top-margin\" style='border-radius:0px; '><section class=\"av_textblock_section \"  itemscope=\"itemscope\" itemtype=\"https:\/\/schema.org\/BlogPosting\" itemprop=\"blogPost\" ><div class='avia_textblock  '   itemprop=\"text\" ><p style=\"text-align: center;\"><strong><span style=\"font-size: 18pt;\">Con \u00e9xito se desarroll\u00f3 en Puerto Ays\u00e9n el taller para el Plan de Gesti\u00f3n del Sitio de Memoria Segunda Comisar\u00eda<\/span><\/strong><\/p>\n<div id=\"gtx-trans\" style=\"position: absolute; left: -50px; top: 4.31534px;\">\n<div class=\"gtx-trans-icon\"><\/div>\n<\/div>\n<\/div><\/section><\/div><div class=\"flex_column av_one_full  flex_column_div av-zero-column-padding first  avia-builder-el-4  el_after_av_one_full  el_before_av_hr  column-top-margin\" style='border-radius:0px; '><section class=\"av_textblock_section \"  itemscope=\"itemscope\" itemtype=\"https:\/\/schema.org\/BlogPosting\" itemprop=\"blogPost\" ><div class='avia_textblock  '   itemprop=\"text\" ><p style=\"text-align: justify;\">Los d\u00edas 22 y 23 de agosto de 2025 se desarroll\u00f3 en Puerto Ays\u00e9n el taller <em>\u201cConstruyendo el Plan de Gesti\u00f3n del Sitio de Memoria Segunda Comisar\u00eda de Carabineros\u201d<\/em>, instancia organizada por la Unidad de Cultura, Memoria y Derechos Humanos del Ministerio de las Culturas, las Artes y el Patrimonio, en conjunto con la SEREMI de las Culturas, las Artes y el Patrimonio de Ays\u00e9n y la Agrupaci\u00f3n de Derechos Humanos de Coyhaique.<\/p>\n<p style=\"text-align: justify;\">La actividad reuni\u00f3 a representantes de organizaciones de derechos humanos, instituciones y actores comunitarios, quienes durante dos jornadas trabajaron de manera participativa en el dise\u00f1o de un plan de gesti\u00f3n que permita proyectar la sustentabilidad del sitio de memoria, fortalecer su v\u00ednculo con la comunidad y aportar a las garant\u00edas de no repetici\u00f3n. El taller contempl\u00f3 visitas al sitio, din\u00e1micas de reflexi\u00f3n colectiva y la construcci\u00f3n de una matriz operativa con misi\u00f3n, visi\u00f3n, valores y objetivos estrat\u00e9gicos, todo ello desde un enfoque de derechos humanos y en coherencia con las pol\u00edticas culturales de memoria impulsadas a nivel nacional.<\/p>\n<p style=\"text-align: justify;\">En este marco, Mar\u00eda Erita Vera, presidenta de la Agrupaci\u00f3n de Derechos Humanos de Coyhaique, valor\u00f3 la importancia de contar con un plan de gesti\u00f3n que garantice la continuidad del trabajo de memoria y enfatiz\u00f3 la necesidad de mayor difusi\u00f3n y compromiso social. \u201cUn plan de gesti\u00f3n nos garantiza la continuidad del sitio y nos permite prevalecer no solo lo patrimonial sino tambi\u00e9n lo simb\u00f3lico, relacion\u00e1ndolo con la comunidad, no solo de Puerto Ays\u00e9n, sino de toda la regi\u00f3n y del pa\u00eds\u201d. \u201cQuisiera hacer un llamado a todos los medios de comunicaci\u00f3n y a las instituciones para dar a conocer el sitio de memoria, que la gente sepa lo que ocurri\u00f3 ah\u00ed, lo visite y se relacione con \u00e9l, porque es fundamental para garantizar la no repetici\u00f3n.\u201d<\/p>\n<p style=\"text-align: justify;\">Por su parte, Francia Jamett Pizarro, encargada nacional de la Unidad de Cultura, Memoria y Derechos Humanos del Ministerio de las Culturas, las Artes y el Patrimonio, realiz\u00f3 una evaluaci\u00f3n que combin\u00f3 reconocimiento y desaf\u00edos. \u201cDesde que conoc\u00ed hace ya nueve a\u00f1os a la agrupaci\u00f3n, todo mi reconocimiento, valoraci\u00f3n y respeto por la perseverancia y el compromiso con la memoria y los derechos humanos. Me voy encantada con la gente, que ha sido muy generosa con respecto a su historia y su memoria.\u201d \u201cLa intervenci\u00f3n de Carabineros en el sitio evidenci\u00f3 cu\u00e1nto falta todav\u00eda por hacer y la gran deuda que el Estado mantiene. Nuestra mayor protecci\u00f3n de los sitios ser\u00e1 la fuerza de las comunidades: j\u00f3venes, mujeres, territoriales, trabajando en red y en colaboraci\u00f3n.\u201d Agreg\u00f3.<\/p>\n<p style=\"text-align: justify;\">La jornada tambi\u00e9n cont\u00f3 con la presencia del seremi de las Culturas, las Artes y el Patrimonio de la Regi\u00f3n de Ays\u00e9n, <strong>Felipe Quiroz<\/strong>, quien destac\u00f3 el valor del proceso y manifest\u00f3 el compromiso del Gobierno con la memoria y los derechos humanos. \u201cEl reconocimiento por parte del Estado al Sitio de Memoria en Puerto Ays\u00e9n fue un paso fundamental. Sin embargo, este trabajo tiene una historia mucho m\u00e1s larga, impulsada por la comunidad a trav\u00e9s de la Agrupaci\u00f3n de Derechos Humanos de Coyhaique. Nuestro deber es que permanezca como un s\u00edmbolo vivo de lo que no debemos olvidar para no repetir\u201d.<\/p>\n<p style=\"text-align: justify;\">Finalmente, la voz de Patricia Altamirano Fuentes, participante del taller y directamente afectada por el golpe c\u00edvico militar, comparti\u00f3 un sentido testimonio que remarc\u00f3 la dimensi\u00f3n humana de este proceso. \u201cMe gustar\u00eda tanto que esto se planteara en un pueblito tan chiquitito como el que vivo yo, donde la gente no lo sabe. Estos talleres ayudan a aprender, a perder el miedo y a sacar la voz, porque por mucho tiempo no se pod\u00eda hablar nada.\u201d<\/p>\n<p style=\"text-align: justify;\">De esta forma, el taller en Puerto Ays\u00e9n no solo avanz\u00f3 en la construcci\u00f3n de un instrumento t\u00e9cnico para la gesti\u00f3n del sitio de memoria, sino que tambi\u00e9n se convirti\u00f3 en un espacio de encuentro, reconocimiento y proyecci\u00f3n, reafirmando el compromiso de comunidades, instituciones y agrupaciones con la memoria hist\u00f3rica y los derechos humanos en la regi\u00f3n de Ays\u00e9n.<\/p>\n<\/div><\/section><\/div><div  style='height:50px' class='hr hr-invisible   avia-builder-el-6  el_after_av_one_full  el_before_av_social_share '><span class='hr-inner ' ><span class='hr-inner-style'><\/span><\/span><\/div><\/p>\n<div  class='av-social-sharing-box  avia-builder-el-7  el_after_av_hr  el_before_av_hr  '><div class='av-share-box'><h5 class='av-share-link-description av-no-toc '>Compartir esta noticia<\/h5><ul class='av-share-box-list noLightbox'><li class='av-share-link av-social-link-facebook' ><a target=\"_blank\" aria-label=\"Compartir en Facebook\" href='https:\/\/www.facebook.com\/sharer.php?u=https:\/\/radiorevelacionfm.cl\/?p=58358&#038;t=Con%20%C3%A9xito%20se%20desarroll%C3%B3%20en%20Puerto%20Ays%C3%A9n%20el%20taller%20para%20el%20Plan%20de%20Gesti%C3%B3n%20del%20Sitio%20de%20Memoria%20Segunda%20Comisar%C3%ADa' aria-hidden='false' data-av_icon='\ue8f3' data-av_iconfont='entypo-fontello' title='' data-avia-related-tooltip='Compartir en Facebook' rel=\"noopener\"><span class='avia_hidden_link_text'>Compartir en Facebook<\/span><\/a><\/li><li class='av-share-link av-social-link-twitter' ><a target=\"_blank\" aria-label=\"Compartir en Twitter\" href='https:\/\/twitter.com\/share?text=Con%20%C3%A9xito%20se%20desarroll%C3%B3%20en%20Puerto%20Ays%C3%A9n%20el%20taller%20para%20el%20Plan%20de%20Gesti%C3%B3n%20del%20Sitio%20de%20Memoria%20Segunda%20Comisar%C3%ADa&#038;url=https:\/\/radiorevelacionfm.cl\/?p=58358' aria-hidden='false' data-av_icon='\ue8f1' data-av_iconfont='entypo-fontello' title='' data-avia-related-tooltip='Compartir en Twitter' rel=\"noopener\"><span class='avia_hidden_link_text'>Compartir en Twitter<\/span><\/a><\/li><li class='av-share-link av-social-link-whatsapp' ><a target=\"_blank\" aria-label=\"Compartir en Whatsapp\" href='https:\/\/api.whatsapp.com\/send?text=https:\/\/radiorevelacionfm.cl\/?p=58358' aria-hidden='false' data-av_icon='\uf232' data-av_iconfont='entypo-fontello' title='' data-avia-related-tooltip='Compartir en Whatsapp' rel=\"noopener\"><span class='avia_hidden_link_text'>Compartir en Whatsapp<\/span><\/a><\/li><li class='av-share-link av-social-link-linkedin' ><a target=\"_blank\" aria-label=\"Compartir en LinkedIn\" href='https:\/\/linkedin.com\/shareArticle?mini=true&#038;title=Con%20%C3%A9xito%20se%20desarroll%C3%B3%20en%20Puerto%20Ays%C3%A9n%20el%20taller%20para%20el%20Plan%20de%20Gesti%C3%B3n%20del%20Sitio%20de%20Memoria%20Segunda%20Comisar%C3%ADa&#038;url=https:\/\/radiorevelacionfm.cl\/?p=58358' aria-hidden='false' data-av_icon='\ue8fc' data-av_iconfont='entypo-fontello' title='' data-avia-related-tooltip='Compartir en LinkedIn' rel=\"noopener\"><span class='avia_hidden_link_text'>Compartir en LinkedIn<\/span><\/a><\/li><li class='av-share-link av-social-link-mail' ><a  aria-label=\"Compartir por correo\" href='mailto:?subject=Con%20%C3%A9xito%20se%20desarroll%C3%B3%20en%20Puerto%20Ays%C3%A9n%20el%20taller%20para%20el%20Plan%20de%20Gesti%C3%B3n%20del%20Sitio%20de%20Memoria%20Segunda%20Comisar%C3%ADa&#038;body=https:\/\/radiorevelacionfm.cl\/?p=58358' aria-hidden='false' data-av_icon='\ue805' data-av_iconfont='entypo-fontello' title='' data-avia-related-tooltip='Compartir por correo'><span class='avia_hidden_link_text'>Compartir por correo<\/span><\/a><\/li><\/ul><\/div><\/div>\n<div  style='height:50px' class='hr hr-invisible   avia-builder-el-8  el_after_av_social_share  el_before_av_comments_list '><span class='hr-inner ' ><span class='hr-inner-style'><\/span><\/span><\/div>\n<div  class='av-buildercomment  av-blog-meta-html-info-disabled av-blog-meta-tag-disabled  '><\/div>\n","protected":false},"excerpt":{"rendered":"","protected":false},"author":1,"featured_media":58360,"comment_status":"closed","ping_status":"closed","sticky":false,"template":"","format":"standard","meta":{"footnotes":""},"categories":[38],"tags":[],"class_list":["post-58358","post","type-post","status-publish","format-standard","has-post-thumbnail","hentry","category-regional"],"jetpack_featured_media_url":"https:\/\/radiorevelacionfm.cl\/wp-content\/uploads\/2025\/08\/3-2025-08-27t143054_optimized.625-1.jpg","_links":{"self":[{"href":"https:\/\/radiorevelacionfm.cl\/index.php?rest_route=\/wp\/v2\/posts\/58358","targetHints":{"allow":["GET"]}}],"collection":[{"href":"https:\/\/radiorevelacionfm.cl\/index.php?rest_route=\/wp\/v2\/posts"}],"about":[{"href":"https:\/\/radiorevelacionfm.cl\/index.php?rest_route=\/wp\/v2\/types\/post"}],"author":[{"embeddable":true,"href":"https:\/\/radiorevelacionfm.cl\/index.php?rest_route=\/wp\/v2\/users\/1"}],"replies":[{"embeddable":true,"href":"https:\/\/radiorevelacionfm.cl\/index.php?rest_route=%2Fwp%2Fv2%2Fcomments&post=58358"}],"version-history":[{"count":2,"href":"https:\/\/radiorevelacionfm.cl\/index.php?rest_route=\/wp\/v2\/posts\/58358\/revisions"}],"predecessor-version":[{"id":58367,"href":"https:\/\/radiorevelacionfm.cl\/index.php?rest_route=\/wp\/v2\/posts\/58358\/revisions\/58367"}],"wp:featuredmedia":[{"embeddable":true,"href":"https:\/\/radiorevelacionfm.cl\/index.php?rest_route=\/wp\/v2\/media\/58360"}],"wp:attachment":[{"href":"https:\/\/radiorevelacionfm.cl\/index.php?rest_route=%2Fwp%2Fv2%2Fmedia&parent=58358"}],"wp:term":[{"taxonomy":"category","embeddable":true,"href":"https:\/\/radiorevelacionfm.cl\/index.php?rest_route=%2Fwp%2Fv2%2Fcategories&post=58358"},{"taxonomy":"post_tag","embeddable":true,"href":"https:\/\/radiorevelacionfm.cl\/index.php?rest_route=%2Fwp%2Fv2%2Ftags&post=58358"}],"curies":[{"name":"wp","href":"https:\/\/api.w.org\/{rel}","templated":true}]}}