{"id":58355,"date":"2025-08-27T14:59:38","date_gmt":"2025-08-27T17:59:38","guid":{"rendered":"https:\/\/radiorevelacionfm.cl\/?p=58355"},"modified":"2025-08-27T14:59:38","modified_gmt":"2025-08-27T17:59:38","slug":"cierre-del-mes-de-las-dirigencias-sociales-reunio-a-dirigentes-de-toda-la-provincia-en-chile-chico","status":"publish","type":"post","link":"https:\/\/radiorevelacionfm.cl\/?p=58355","title":{"rendered":"Cierre del mes de las dirigencias sociales reuni\u00f3 a dirigentes de toda la provincia en Chile Chico"},"content":{"rendered":"<div class=\"flex_column av_one_full  flex_column_div av-zero-column-padding first  avia-builder-el-0  el_before_av_one_full  avia-builder-el-first  \" style='border-radius:0px; '><div  class='avia-image-container  av-styling-    avia-builder-el-1  avia-builder-el-no-sibling  avia-align-center '  itemprop=\"image\" itemscope=\"itemscope\" itemtype=\"https:\/\/schema.org\/ImageObject\"  ><div class='avia-image-container-inner'><div class='avia-image-overlay-wrap'><img decoding=\"async\" class='wp-image-58356 avia-img-lazy-loading-not-58356 avia_image' src=\"https:\/\/radiorevelacionfm.cl\/wp-content\/uploads\/2025\/08\/dia-del-dirigente-4-1_optimized-1.jpeg\" alt='' title='d\u00eda-del-dirigente-(4)-(1)_optimized (1)' height=\"600\" width=\"1067\"  itemprop=\"thumbnailUrl\" srcset=\"https:\/\/radiorevelacionfm.cl\/wp-content\/uploads\/2025\/08\/dia-del-dirigente-4-1_optimized-1.jpeg 1067w, https:\/\/radiorevelacionfm.cl\/wp-content\/uploads\/2025\/08\/dia-del-dirigente-4-1_optimized-1-300x169.jpeg 300w, https:\/\/radiorevelacionfm.cl\/wp-content\/uploads\/2025\/08\/dia-del-dirigente-4-1_optimized-1-1030x579.jpeg 1030w, https:\/\/radiorevelacionfm.cl\/wp-content\/uploads\/2025\/08\/dia-del-dirigente-4-1_optimized-1-768x432.jpeg 768w, https:\/\/radiorevelacionfm.cl\/wp-content\/uploads\/2025\/08\/dia-del-dirigente-4-1_optimized-1-705x396.jpeg 705w, https:\/\/radiorevelacionfm.cl\/wp-content\/uploads\/2025\/08\/dia-del-dirigente-4-1_optimized-1-450x253.jpeg 450w, https:\/\/radiorevelacionfm.cl\/wp-content\/uploads\/2025\/08\/dia-del-dirigente-4-1_optimized-1-600x337.jpeg 600w\" sizes=\"(max-width: 1067px) 100vw, 1067px\" \/><\/div><\/div><\/div><\/div><div class=\"flex_column av_one_full  flex_column_div av-zero-column-padding first  avia-builder-el-2  el_after_av_one_full  el_before_av_one_full  column-top-margin\" style='border-radius:0px; '><section class=\"av_textblock_section \"  itemscope=\"itemscope\" itemtype=\"https:\/\/schema.org\/BlogPosting\" itemprop=\"blogPost\" ><div class='avia_textblock  '   itemprop=\"text\" ><p style=\"text-align: center;\"><strong><span style=\"font-size: 18pt;\">Cierre del mes de las dirigencias sociales reuni\u00f3 a dirigentes de toda la provincia en Chile Chico<\/span><\/strong><\/p>\n<div id=\"gtx-trans\" style=\"position: absolute; left: -50px; top: 4.31534px;\">\n<div class=\"gtx-trans-icon\"><\/div>\n<\/div>\n<\/div><\/section><\/div><div class=\"flex_column av_one_full  flex_column_div av-zero-column-padding first  avia-builder-el-4  el_after_av_one_full  el_before_av_hr  column-top-margin\" style='border-radius:0px; '><section class=\"av_textblock_section \"  itemscope=\"itemscope\" itemtype=\"https:\/\/schema.org\/BlogPosting\" itemprop=\"blogPost\" ><div class='avia_textblock  '   itemprop=\"text\" ><p style=\"text-align: justify;\">En el marco del mes de las dirigencias sociales, Chile Chico fue escenario de una jornada de encuentro y capacitaci\u00f3n dirigida a dirigentes de toda la provincia de General Carrera, congregando representantes de distintas localidades de las comunas de Chile Chico y R\u00edo Ib\u00e1\u00f1ez. La actividad se desarroll\u00f3 en el Hotel Posada del R\u00edo y busc\u00f3 reconocer y fortalecer la labor de quienes lideran organizaciones comunitarias.<\/p>\n<p style=\"text-align: justify;\">La jornada contempl\u00f3 una ma\u00f1ana de capacitaciones impartidas por SENAPRED y la Direcci\u00f3n de Organizaciones Sociales de Segegob. Posteriormente, los dirigentes compartieron un almuerzo de camarader\u00eda con las autoridades presentes: la Seremi de la Mujer y Equidad de G\u00e9nero, la Seremi de Obras P\u00fablicas y la Seremi de Gobierno, donde pudieron intercambiar experiencias y generar redes de colaboraci\u00f3n tanto con las autoridades como con dirigentes de otros puntos de la provincia.<\/p>\n<p style=\"text-align: justify;\">Paralelamente, se instal\u00f3 una Plaza Ciudadana que ofreci\u00f3 informaci\u00f3n y servicios de organismos como CONAF, Carabineros y Prodemu, permitiendo a los dirigentes realizar consultas y tr\u00e1mites de inter\u00e9s para sus comunidades. Al cierre de la actividad, se realiz\u00f3 una peque\u00f1a ceremonia de entrega de diplomas de participaci\u00f3n a quienes asistieron.<\/p>\n<p style=\"text-align: justify;\">Margarita Martel, presidenta de la Junta de Vecinos de Villa Cerro Castillo, destac\u00f3 la importancia de la jornada: \u00abUno aprende mucho y nos llevamos tareas para la casa para poder reunirnos con distintos dirigentes del sector y cumplir con lo que se nos plante\u00f3\u00bb, se\u00f1al\u00f3, agregando que la labor del dirigente abarca desde el adulto mayor hasta la infraestructura local.<\/p>\n<p style=\"text-align: justify;\">Crist\u00f3bal Barcel\u00f3 Veas, Delegado Presidencial Provincial de General Carrera, se\u00f1al\u00f3 que la actividad permiti\u00f3 reconocer y agradecer la labor de las y los dirigentes: \u00abNo nos queda m\u00e1s que agradecer la participaci\u00f3n de todas y todos hoy d\u00eda en esta jornada y seguir trabajando porque es el compromiso que hemos levantado y que tenemos presentes como Gobierno del Presidente Gabriel Boric\u00bb.<\/p>\n<p style=\"text-align: justify;\">La jornada marc\u00f3 un hito en el cierre del mes de las dirigencias sociales, reafirmando la importancia de la interacci\u00f3n entre autoridades y dirigentes para fortalecer el trabajo comunitario en la provincia.<\/p>\n<\/div><\/section><\/div><div  style='height:50px' class='hr hr-invisible   avia-builder-el-6  el_after_av_one_full  el_before_av_social_share '><span class='hr-inner ' ><span class='hr-inner-style'><\/span><\/span><\/div><\/p>\n<div  class='av-social-sharing-box  avia-builder-el-7  el_after_av_hr  el_before_av_hr  '><div class='av-share-box'><h5 class='av-share-link-description av-no-toc '>Compartir esta noticia<\/h5><ul class='av-share-box-list noLightbox'><li class='av-share-link av-social-link-facebook' ><a target=\"_blank\" aria-label=\"Compartir en Facebook\" href='https:\/\/www.facebook.com\/sharer.php?u=https:\/\/radiorevelacionfm.cl\/?p=58355&#038;t=Cierre%20del%20mes%20de%20las%20dirigencias%20sociales%20reuni%C3%B3%20a%20dirigentes%20de%20toda%20la%20provincia%20en%20Chile%20Chico' aria-hidden='false' data-av_icon='\ue8f3' data-av_iconfont='entypo-fontello' title='' data-avia-related-tooltip='Compartir en Facebook' rel=\"noopener\"><span class='avia_hidden_link_text'>Compartir en Facebook<\/span><\/a><\/li><li class='av-share-link av-social-link-twitter' ><a target=\"_blank\" aria-label=\"Compartir en Twitter\" href='https:\/\/twitter.com\/share?text=Cierre%20del%20mes%20de%20las%20dirigencias%20sociales%20reuni%C3%B3%20a%20dirigentes%20de%20toda%20la%20provincia%20en%20Chile%20Chico&#038;url=https:\/\/radiorevelacionfm.cl\/?p=58355' aria-hidden='false' data-av_icon='\ue8f1' data-av_iconfont='entypo-fontello' title='' data-avia-related-tooltip='Compartir en Twitter' rel=\"noopener\"><span class='avia_hidden_link_text'>Compartir en Twitter<\/span><\/a><\/li><li class='av-share-link av-social-link-whatsapp' ><a target=\"_blank\" aria-label=\"Compartir en Whatsapp\" href='https:\/\/api.whatsapp.com\/send?text=https:\/\/radiorevelacionfm.cl\/?p=58355' aria-hidden='false' data-av_icon='\uf232' data-av_iconfont='entypo-fontello' title='' data-avia-related-tooltip='Compartir en Whatsapp' rel=\"noopener\"><span class='avia_hidden_link_text'>Compartir en Whatsapp<\/span><\/a><\/li><li class='av-share-link av-social-link-linkedin' ><a target=\"_blank\" aria-label=\"Compartir en LinkedIn\" href='https:\/\/linkedin.com\/shareArticle?mini=true&#038;title=Cierre%20del%20mes%20de%20las%20dirigencias%20sociales%20reuni%C3%B3%20a%20dirigentes%20de%20toda%20la%20provincia%20en%20Chile%20Chico&#038;url=https:\/\/radiorevelacionfm.cl\/?p=58355' aria-hidden='false' data-av_icon='\ue8fc' data-av_iconfont='entypo-fontello' title='' data-avia-related-tooltip='Compartir en LinkedIn' rel=\"noopener\"><span class='avia_hidden_link_text'>Compartir en LinkedIn<\/span><\/a><\/li><li class='av-share-link av-social-link-mail' ><a  aria-label=\"Compartir por correo\" href='mailto:?subject=Cierre%20del%20mes%20de%20las%20dirigencias%20sociales%20reuni%C3%B3%20a%20dirigentes%20de%20toda%20la%20provincia%20en%20Chile%20Chico&#038;body=https:\/\/radiorevelacionfm.cl\/?p=58355' aria-hidden='false' data-av_icon='\ue805' data-av_iconfont='entypo-fontello' title='' data-avia-related-tooltip='Compartir por correo'><span class='avia_hidden_link_text'>Compartir por correo<\/span><\/a><\/li><\/ul><\/div><\/div>\n<div  style='height:50px' class='hr hr-invisible   avia-builder-el-8  el_after_av_social_share  el_before_av_comments_list '><span class='hr-inner ' ><span class='hr-inner-style'><\/span><\/span><\/div>\n<div  class='av-buildercomment  av-blog-meta-html-info-disabled av-blog-meta-tag-disabled  '><\/div>\n","protected":false},"excerpt":{"rendered":"","protected":false},"author":1,"featured_media":58356,"comment_status":"closed","ping_status":"closed","sticky":false,"template":"","format":"standard","meta":{"footnotes":""},"categories":[38],"tags":[],"class_list":["post-58355","post","type-post","status-publish","format-standard","has-post-thumbnail","hentry","category-regional"],"jetpack_featured_media_url":"https:\/\/radiorevelacionfm.cl\/wp-content\/uploads\/2025\/08\/dia-del-dirigente-4-1_optimized-1.jpeg","_links":{"self":[{"href":"https:\/\/radiorevelacionfm.cl\/index.php?rest_route=\/wp\/v2\/posts\/58355","targetHints":{"allow":["GET"]}}],"collection":[{"href":"https:\/\/radiorevelacionfm.cl\/index.php?rest_route=\/wp\/v2\/posts"}],"about":[{"href":"https:\/\/radiorevelacionfm.cl\/index.php?rest_route=\/wp\/v2\/types\/post"}],"author":[{"embeddable":true,"href":"https:\/\/radiorevelacionfm.cl\/index.php?rest_route=\/wp\/v2\/users\/1"}],"replies":[{"embeddable":true,"href":"https:\/\/radiorevelacionfm.cl\/index.php?rest_route=%2Fwp%2Fv2%2Fcomments&post=58355"}],"version-history":[{"count":2,"href":"https:\/\/radiorevelacionfm.cl\/index.php?rest_route=\/wp\/v2\/posts\/58355\/revisions"}],"predecessor-version":[{"id":58363,"href":"https:\/\/radiorevelacionfm.cl\/index.php?rest_route=\/wp\/v2\/posts\/58355\/revisions\/58363"}],"wp:featuredmedia":[{"embeddable":true,"href":"https:\/\/radiorevelacionfm.cl\/index.php?rest_route=\/wp\/v2\/media\/58356"}],"wp:attachment":[{"href":"https:\/\/radiorevelacionfm.cl\/index.php?rest_route=%2Fwp%2Fv2%2Fmedia&parent=58355"}],"wp:term":[{"taxonomy":"category","embeddable":true,"href":"https:\/\/radiorevelacionfm.cl\/index.php?rest_route=%2Fwp%2Fv2%2Fcategories&post=58355"},{"taxonomy":"post_tag","embeddable":true,"href":"https:\/\/radiorevelacionfm.cl\/index.php?rest_route=%2Fwp%2Fv2%2Ftags&post=58355"}],"curies":[{"name":"wp","href":"https:\/\/api.w.org\/{rel}","templated":true}]}}