{"id":58352,"date":"2025-08-27T20:44:39","date_gmt":"2025-08-27T23:44:39","guid":{"rendered":"https:\/\/radiorevelacionfm.cl\/?p=58352"},"modified":"2025-08-27T20:44:39","modified_gmt":"2025-08-27T23:44:39","slug":"con-feria-de-vinculacion-educacion-empresas-y-servicios-se-destaco-en-aysen-los-83-anos-de-la-educacion-tecnico-profesional","status":"publish","type":"post","link":"https:\/\/radiorevelacionfm.cl\/?p=58352","title":{"rendered":"Con Feria de Vinculaci\u00f3n Educaci\u00f3n, Empresas y Servicios se destac\u00f3 en Ays\u00e9n los 83 a\u00f1os de la Educaci\u00f3n T\u00e9cnico Profesional"},"content":{"rendered":"<div class=\"flex_column av_one_full  flex_column_div av-zero-column-padding first  avia-builder-el-0  el_before_av_one_full  avia-builder-el-first  \" style='border-radius:0px; '><div  class='avia-image-container  av-styling-    avia-builder-el-1  avia-builder-el-no-sibling  avia-align-center '  itemprop=\"image\" itemscope=\"itemscope\" itemtype=\"https:\/\/schema.org\/ImageObject\"  ><div class='avia-image-container-inner'><div class='avia-image-overlay-wrap'><img decoding=\"async\" class='wp-image-58353 avia-img-lazy-loading-not-58353 avia_image' src=\"https:\/\/radiorevelacionfm.cl\/wp-content\/uploads\/2025\/08\/7730a053-5073-4b85-8cb5-ae483e636492-1_optimized.jpeg\" alt='' title='7730a053-5073-4b85-8cb5-ae483e636492-(1)_optimized' height=\"600\" width=\"800\"  itemprop=\"thumbnailUrl\" srcset=\"https:\/\/radiorevelacionfm.cl\/wp-content\/uploads\/2025\/08\/7730a053-5073-4b85-8cb5-ae483e636492-1_optimized.jpeg 800w, https:\/\/radiorevelacionfm.cl\/wp-content\/uploads\/2025\/08\/7730a053-5073-4b85-8cb5-ae483e636492-1_optimized-300x225.jpeg 300w, https:\/\/radiorevelacionfm.cl\/wp-content\/uploads\/2025\/08\/7730a053-5073-4b85-8cb5-ae483e636492-1_optimized-768x576.jpeg 768w, https:\/\/radiorevelacionfm.cl\/wp-content\/uploads\/2025\/08\/7730a053-5073-4b85-8cb5-ae483e636492-1_optimized-705x529.jpeg 705w, https:\/\/radiorevelacionfm.cl\/wp-content\/uploads\/2025\/08\/7730a053-5073-4b85-8cb5-ae483e636492-1_optimized-450x338.jpeg 450w, https:\/\/radiorevelacionfm.cl\/wp-content\/uploads\/2025\/08\/7730a053-5073-4b85-8cb5-ae483e636492-1_optimized-600x450.jpeg 600w\" sizes=\"(max-width: 800px) 100vw, 800px\" \/><\/div><\/div><\/div><\/div><div class=\"flex_column av_one_full  flex_column_div av-zero-column-padding first  avia-builder-el-2  el_after_av_one_full  el_before_av_one_full  column-top-margin\" style='border-radius:0px; '><section class=\"av_textblock_section \"  itemscope=\"itemscope\" itemtype=\"https:\/\/schema.org\/BlogPosting\" itemprop=\"blogPost\" ><div class='avia_textblock  '   itemprop=\"text\" ><p style=\"text-align: center;\"><span style=\"font-size: 18pt;\"><b>Con Feria de Vinculaci\u00f3n Educaci\u00f3n, Empresas y Servicios se destac\u00f3 en Ays\u00e9n los 83 a\u00f1os de la Educaci\u00f3n T\u00e9cnico Profesional<\/b><\/span><\/p>\n<div id=\"gtx-trans\" style=\"position: absolute; left: -50px; top: 4.31534px;\">\n<div class=\"gtx-trans-icon\"><\/div>\n<\/div>\n<\/div><\/section><\/div><div class=\"flex_column av_one_full  flex_column_div av-zero-column-padding first  avia-builder-el-4  el_after_av_one_full  el_before_av_hr  column-top-margin\" style='border-radius:0px; '><section class=\"av_textblock_section \"  itemscope=\"itemscope\" itemtype=\"https:\/\/schema.org\/BlogPosting\" itemprop=\"blogPost\" ><div class='avia_textblock  '   itemprop=\"text\" ><p style=\"font-weight: 400; text-align: justify;\">El martes 26 y en el marco del D\u00eda de la Educaci\u00f3n T\u00e9cnico Profesional nuestra Seremi Katherine Miqueles particip\u00f3 en la 3\u00b0 Feria de Vinculaci\u00f3n Educaci\u00f3n, Empresa y Servicios del Liceo Polit\u00e9cnico a 1 que permite conectar la formaci\u00f3n t\u00e9cnica con el sector productivo y de servicios para seguir construyendo un futuro de oportunidades.<\/p>\n<p style=\"font-weight: 400; text-align: justify;\">En su alocuci\u00f3n, Katherine Miqueles destac\u00f3 que la educaci\u00f3n t\u00e9cnico profesional cumple 83 a\u00f1os en Chile y es la formaci\u00f3n diferenciada que produce la movilidad social efectiva, promueve la innovaci\u00f3n y el cambio tecnol\u00f3gico y el desarrollo productivo con pertinencia local.<\/p>\n<p style=\"font-weight: 400; text-align: justify;\">\u201cEntendemos que la transformaci\u00f3n del pa\u00eds en t\u00e9rminos sociales, tecnol\u00f3gicos y productivos requiere contar una educaci\u00f3n TP s\u00f3lida, actualizada y alineada con los desaf\u00edos de desarrollo de Chile y sus estudiantes. En un mundo din\u00e1mico y con transformaciones tecnol\u00f3gicas en constante actualizaci\u00f3n, es fundamental que la educaci\u00f3n TP est\u00e9 al d\u00eda con las innovaciones para permitir que sus estudiantes sean quienes den forma a las transformaciones y se apropien de las nuevas herramientas tecnol\u00f3gicas para contribuir en su futuro personal y tambi\u00e9n en el del pa\u00eds\u201d, se\u00f1al\u00f3 Katherine Miqueles.<\/p>\n<p style=\"font-weight: 400; text-align: justify;\">Asimismo, puso de relieve el trabajo en red de los 9 liceos t\u00e9cnicos de a regi\u00f3n a trav\u00e9s de la Red Futuro T\u00e9cnico y la consolidaci\u00f3n del\u00a0<a href=\"https:\/\/www.facebook.com\/profile.php?id=100075832216855&amp;__cft__%5b0%5d=AZWJtDfunmiYpuzZJtcPLzS0rXDBtmucg8Q8var8LPuD5Dphl62ZdOskWbiDv1sKWFUWxpMjExw5sQqTlzECiaFK8EC6BPQgU0UmeBA9rfCzLZypGqilHKMt5UpNcxMlnEz1PmIM47jGVrMHJqKci11XXpXFSis6Jr8MWApDprmFV2WJYfs6vX7nWlFiDpaB6Z4&amp;__tn__=-%5dK-R\" data-saferedirecturl=\"https:\/\/www.google.com\/url?q=https:\/\/www.facebook.com\/profile.php?id%3D100075832216855%26__cft__%255b0%255d%3DAZWJtDfunmiYpuzZJtcPLzS0rXDBtmucg8Q8var8LPuD5Dphl62ZdOskWbiDv1sKWFUWxpMjExw5sQqTlzECiaFK8EC6BPQgU0UmeBA9rfCzLZypGqilHKMt5UpNcxMlnEz1PmIM47jGVrMHJqKci11XXpXFSis6Jr8MWApDprmFV2WJYfs6vX7nWlFiDpaB6Z4%26__tn__%3D-%255dK-R&amp;source=gmail&amp;ust=1756397550550000&amp;usg=AOvVaw3mXZb4BYiNKumssMuMDhVv\">CFT Estatal de Ays\u00e9n<\/a>\u00a0que ha crecido en matr\u00edcula y despliegue territorial asegurando la trayectoria educativa superior para los estudiantes de la educaci\u00f3n media t\u00e9cnica.<\/p>\n<p style=\"font-weight: 400; text-align: justify;\">Durante la ceremonia la estudiante de la especialidad de Enfermer\u00eda del Liceo anfitri\u00f3n Marisol Paredes Colivoro valor\u00f3 la formaci\u00f3n recibida. \u201cNuestro liceo es un apoyo a la comuna de Ays\u00e9n y al pa\u00eds. Como estudiantes aprendemos la importancia de trabajar en equipo, ser disciplinados, colocar en pr\u00e1ctica el saber a trav\u00e9s de las competencias y habilidades como la creatividad e innovaci\u00f3n, trabajo en equipo y responsabilidad\u201d.<\/p>\n<p style=\"font-weight: 400; text-align: justify;\">Tambi\u00e9n se firm\u00f3 un convenio de colaboraci\u00f3n entre el lico polit\u00e9cnico A 1 y la Corporaci\u00f3n de Desarrollo productivo el Litoral de Ays\u00e9n Corpays\u00e9n que busca una alianza estrat\u00e9gica para el mejoramiento de la educaci\u00f3n t\u00e9cnico profesional, impulsando la innovaci\u00f3n y el fortalecimiento de las capacidades\u00a0 en la comuna y provincia.<\/p>\n<p style=\"font-weight: 400; text-align: justify;\">La Seremi visit\u00f3 las oficinas del Centro de Formaci\u00f3n T\u00e9cnica\u00a0<a href=\"https:\/\/www.facebook.com\/profile.php?id=100075832216855&amp;__cft__%5b0%5d=AZXI2Ugypjn97TA1T7pdVGSE-1WyvLPyEEm6mbyAEpnN4PqW-gLrxkfUnZvS48K3O9h__LiA1FfxaTNlFwiomVFY9IOU43Xve3wT5JlCkxBZkAxOzcX35fg9m8s3wC5MQRjchdVL_osBvBliLVY14ufGFdTsOY1B-IaUOPNr3tYg3J3hVyVYrr_Q7_2UZsIw48Q&amp;__tn__=-%5dK-R\" data-saferedirecturl=\"https:\/\/www.google.com\/url?q=https:\/\/www.facebook.com\/profile.php?id%3D100075832216855%26__cft__%255b0%255d%3DAZXI2Ugypjn97TA1T7pdVGSE-1WyvLPyEEm6mbyAEpnN4PqW-gLrxkfUnZvS48K3O9h__LiA1FfxaTNlFwiomVFY9IOU43Xve3wT5JlCkxBZkAxOzcX35fg9m8s3wC5MQRjchdVL_osBvBliLVY14ufGFdTsOY1B-IaUOPNr3tYg3J3hVyVYrr_Q7_2UZsIw48Q%26__tn__%3D-%255dK-R&amp;source=gmail&amp;ust=1756397550550000&amp;usg=AOvVaw1dhPjmtBBVgoLDn4lGppr4\">Estatal<\/a>\u00a0de Ays\u00e9n\u00a0 en Puerto Ays\u00e9n para saludar a su Rector(I) Christopher Contreras y a trav\u00e9s suyo a su equipo directivo, acad\u00e9micos, funcionarios y estudiantes.<\/p>\n<p style=\"font-weight: 400; text-align: justify;\">El\u00a0<a href=\"https:\/\/www.facebook.com\/profile.php?id=100075832216855&amp;__cft__%5b0%5d=AZXI2Ugypjn97TA1T7pdVGSE-1WyvLPyEEm6mbyAEpnN4PqW-gLrxkfUnZvS48K3O9h__LiA1FfxaTNlFwiomVFY9IOU43Xve3wT5JlCkxBZkAxOzcX35fg9m8s3wC5MQRjchdVL_osBvBliLVY14ufGFdTsOY1B-IaUOPNr3tYg3J3hVyVYrr_Q7_2UZsIw48Q&amp;__tn__=-%5dK-R\" data-saferedirecturl=\"https:\/\/www.google.com\/url?q=https:\/\/www.facebook.com\/profile.php?id%3D100075832216855%26__cft__%255b0%255d%3DAZXI2Ugypjn97TA1T7pdVGSE-1WyvLPyEEm6mbyAEpnN4PqW-gLrxkfUnZvS48K3O9h__LiA1FfxaTNlFwiomVFY9IOU43Xve3wT5JlCkxBZkAxOzcX35fg9m8s3wC5MQRjchdVL_osBvBliLVY14ufGFdTsOY1B-IaUOPNr3tYg3J3hVyVYrr_Q7_2UZsIw48Q%26__tn__%3D-%255dK-R&amp;source=gmail&amp;ust=1756397550550000&amp;usg=AOvVaw1dhPjmtBBVgoLDn4lGppr4\">CFT Estatal de Ays\u00e9n<\/a>\u00a0ha consolidado su presencia institucional por el crecimiento de su matr\u00edcula que hoy supera los 600 estudiantes, ha creado nuevas carreras y se ha desplegado en el territorio. De esta forma, la instituci\u00f3n contribuye a la oferta de educaci\u00f3n superior y asegura la trayectoria de formaci\u00f3n a los estudiantes de ense\u00f1anza media de esta formaci\u00f3n diferenciada.<\/p>\n<p style=\"font-weight: 400; text-align: justify;\">En el Ministerio de Educaci\u00f3n (Mineduc), para el a\u00f1o 2025 en Educaci\u00f3n T\u00e9cnico Profesional (TP), se destacan dos procesos principales:\u00a0la actualizaci\u00f3n del curr\u00edculum de la Formaci\u00f3n Media TP, con una consulta p\u00fablica entre marzo y abril, y la continuaci\u00f3n de los programas de formaci\u00f3n en habilidades digitales, como parte de un plan para modernizar las especialidades y alinear la educaci\u00f3n con las demandas de la industria.\u00a0Adem\u00e1s, se abri\u00f3 un concurso de \u00c1reas Estrat\u00e9gicas FDI para instituciones de educaci\u00f3n superior TP, con postulaci\u00f3n hasta el 3 de septiembre de 2025.<\/p>\n<p style=\"font-weight: 400; text-align: justify;\">Actualizaci\u00f3n Curricular en Educaci\u00f3n Media TP<\/p>\n<ul style=\"font-weight: 400; text-align: justify;\">\n<li><strong>Consulta P\u00fablica:<\/strong><\/li>\n<\/ul>\n<p style=\"font-weight: 400; text-align: justify;\">Entre marzo y abril de 2025, se realiz\u00f3 una consulta p\u00fablica sobre la propuesta de actualizaci\u00f3n curricular para las especialidades de la Educaci\u00f3n Media TP.<\/p>\n<ul style=\"font-weight: 400; text-align: justify;\">\n<li><strong>Objetivo:<\/strong><\/li>\n<\/ul>\n<p style=\"font-weight: 400; text-align: justify;\">La actualizaci\u00f3n tiene como fin asegurar que las bases curriculares sean relevantes para el desarrollo de las trayectorias de vida de los estudiantes y est\u00e9n alineadas con las necesidades del sistema educativo.<\/p>\n<ul style=\"font-weight: 400; text-align: justify;\">\n<li><strong>Enfoque:<\/strong><\/li>\n<\/ul>\n<p style=\"font-weight: 400; text-align: justify;\">Se busca incorporar habilidades tecnol\u00f3gicas y digitales en todas las especialidades.<\/p>\n<p style=\"font-weight: 400; text-align: justify;\">Habilidades Digitales TP<\/p>\n<ul style=\"font-weight: 400; text-align: justify;\">\n<li><strong>Nuevo Programa:<\/strong><\/li>\n<\/ul>\n<p style=\"font-weight: 400; text-align: justify;\">Se crear\u00e1 un programa de Habilidades Digitales TP para integrar los conocimientos y habilidades digitales que demanda la industria en todos los espacios del sistema TP.<\/p>\n<ul style=\"font-weight: 400; text-align: justify;\">\n<li><strong>Conexi\u00f3n TP:<\/strong><\/li>\n<\/ul>\n<p style=\"font-weight: 400; text-align: justify;\">La iniciativa Conexi\u00f3n TP, en alianza con CISCO Systems, se expandir\u00e1 para aumentar el n\u00famero de estudiantes con certificaciones digitales avaladas por la industria.<\/p>\n<p style=\"font-weight: 400; text-align: justify;\">Apoyo a Instituciones de Educaci\u00f3n Superior TP<\/p>\n<ul style=\"font-weight: 400; text-align: justify;\">\n<li><strong>Concurso \u00c1reas Estrat\u00e9gicas FDI:<\/strong><\/li>\n<\/ul>\n<p style=\"font-weight: 400; text-align: justify;\">Se publicaron las bases del concurso para que las instituciones de Educaci\u00f3n Superior TP puedan postular a proyectos de \u00e1reas estrat\u00e9gicas a trav\u00e9s del Fondo de Desarrollo Institucional (FDI).<\/p>\n<ul style=\"font-weight: 400; text-align: justify;\">\n<li><strong>Plazo:<\/strong><\/li>\n<\/ul>\n<p style=\"font-weight: 400; text-align: justify;\">El per\u00edodo de postulaci\u00f3n para este concurso se extendi\u00f3 desde el 13 de agosto hasta el 3 de septiembre de 2025.<\/p>\n<p style=\"font-weight: 400; text-align: justify;\">Otros Procesos<\/p>\n<ul style=\"font-weight: 400; text-align: justify;\">\n<li><strong>Redes Territoriales:<\/strong>\u00a0La Convocatoria Redes Territoriales para 2025-2026 busca fortalecer el trabajo en red entre los establecimientos de Educaci\u00f3n Media TP y sus ecosistemas, con el fin de desarrollar aprendizajes relevantes para los estudiantes.<\/li>\n<\/ul>\n<\/div><\/section><\/div><div  style='height:50px' class='hr hr-invisible   avia-builder-el-6  el_after_av_one_full  el_before_av_social_share '><span class='hr-inner ' ><span class='hr-inner-style'><\/span><\/span><\/div><\/p>\n<div  class='av-social-sharing-box  avia-builder-el-7  el_after_av_hr  el_before_av_hr  '><div class='av-share-box'><h5 class='av-share-link-description av-no-toc '>Compartir esta noticia<\/h5><ul class='av-share-box-list noLightbox'><li class='av-share-link av-social-link-facebook' ><a target=\"_blank\" aria-label=\"Compartir en Facebook\" href='https:\/\/www.facebook.com\/sharer.php?u=https:\/\/radiorevelacionfm.cl\/?p=58352&#038;t=Con%20Feria%20de%20Vinculaci%C3%B3n%20Educaci%C3%B3n%2C%20Empresas%20y%20Servicios%20se%20destac%C3%B3%20en%20Ays%C3%A9n%20los%2083%20a%C3%B1os%20de%20la%20Educaci%C3%B3n%20T%C3%A9cnico%20Profesional' aria-hidden='false' data-av_icon='\ue8f3' data-av_iconfont='entypo-fontello' title='' data-avia-related-tooltip='Compartir en Facebook' rel=\"noopener\"><span class='avia_hidden_link_text'>Compartir en Facebook<\/span><\/a><\/li><li class='av-share-link av-social-link-twitter' ><a target=\"_blank\" aria-label=\"Compartir en Twitter\" href='https:\/\/twitter.com\/share?text=Con%20Feria%20de%20Vinculaci%C3%B3n%20Educaci%C3%B3n%2C%20Empresas%20y%20Servicios%20se%20destac%C3%B3%20en%20Ays%C3%A9n%20los%2083%20a%C3%B1os%20de%20la%20Educaci%C3%B3n%20T%C3%A9cnico%20Profesional&#038;url=https:\/\/radiorevelacionfm.cl\/?p=58352' aria-hidden='false' data-av_icon='\ue8f1' data-av_iconfont='entypo-fontello' title='' data-avia-related-tooltip='Compartir en Twitter' rel=\"noopener\"><span class='avia_hidden_link_text'>Compartir en Twitter<\/span><\/a><\/li><li class='av-share-link av-social-link-whatsapp' ><a target=\"_blank\" aria-label=\"Compartir en Whatsapp\" href='https:\/\/api.whatsapp.com\/send?text=https:\/\/radiorevelacionfm.cl\/?p=58352' aria-hidden='false' data-av_icon='\uf232' data-av_iconfont='entypo-fontello' title='' data-avia-related-tooltip='Compartir en Whatsapp' rel=\"noopener\"><span class='avia_hidden_link_text'>Compartir en Whatsapp<\/span><\/a><\/li><li class='av-share-link av-social-link-linkedin' ><a target=\"_blank\" aria-label=\"Compartir en LinkedIn\" href='https:\/\/linkedin.com\/shareArticle?mini=true&#038;title=Con%20Feria%20de%20Vinculaci%C3%B3n%20Educaci%C3%B3n%2C%20Empresas%20y%20Servicios%20se%20destac%C3%B3%20en%20Ays%C3%A9n%20los%2083%20a%C3%B1os%20de%20la%20Educaci%C3%B3n%20T%C3%A9cnico%20Profesional&#038;url=https:\/\/radiorevelacionfm.cl\/?p=58352' aria-hidden='false' data-av_icon='\ue8fc' data-av_iconfont='entypo-fontello' title='' data-avia-related-tooltip='Compartir en LinkedIn' rel=\"noopener\"><span class='avia_hidden_link_text'>Compartir en LinkedIn<\/span><\/a><\/li><li class='av-share-link av-social-link-mail' ><a  aria-label=\"Compartir por correo\" href='mailto:?subject=Con%20Feria%20de%20Vinculaci%C3%B3n%20Educaci%C3%B3n%2C%20Empresas%20y%20Servicios%20se%20destac%C3%B3%20en%20Ays%C3%A9n%20los%2083%20a%C3%B1os%20de%20la%20Educaci%C3%B3n%20T%C3%A9cnico%20Profesional&#038;body=https:\/\/radiorevelacionfm.cl\/?p=58352' aria-hidden='false' data-av_icon='\ue805' data-av_iconfont='entypo-fontello' title='' data-avia-related-tooltip='Compartir por correo'><span class='avia_hidden_link_text'>Compartir por correo<\/span><\/a><\/li><\/ul><\/div><\/div>\n<div  style='height:50px' class='hr hr-invisible   avia-builder-el-8  el_after_av_social_share  el_before_av_comments_list '><span class='hr-inner ' ><span class='hr-inner-style'><\/span><\/span><\/div>\n<div  class='av-buildercomment  av-blog-meta-html-info-disabled av-blog-meta-tag-disabled  '><\/div>\n","protected":false},"excerpt":{"rendered":"","protected":false},"author":1,"featured_media":58353,"comment_status":"closed","ping_status":"closed","sticky":false,"template":"","format":"standard","meta":{"footnotes":""},"categories":[49],"tags":[],"class_list":["post-58352","post","type-post","status-publish","format-standard","has-post-thumbnail","hentry","category-educacion"],"jetpack_featured_media_url":"https:\/\/radiorevelacionfm.cl\/wp-content\/uploads\/2025\/08\/7730a053-5073-4b85-8cb5-ae483e636492-1_optimized.jpeg","_links":{"self":[{"href":"https:\/\/radiorevelacionfm.cl\/index.php?rest_route=\/wp\/v2\/posts\/58352","targetHints":{"allow":["GET"]}}],"collection":[{"href":"https:\/\/radiorevelacionfm.cl\/index.php?rest_route=\/wp\/v2\/posts"}],"about":[{"href":"https:\/\/radiorevelacionfm.cl\/index.php?rest_route=\/wp\/v2\/types\/post"}],"author":[{"embeddable":true,"href":"https:\/\/radiorevelacionfm.cl\/index.php?rest_route=\/wp\/v2\/users\/1"}],"replies":[{"embeddable":true,"href":"https:\/\/radiorevelacionfm.cl\/index.php?rest_route=%2Fwp%2Fv2%2Fcomments&post=58352"}],"version-history":[{"count":2,"href":"https:\/\/radiorevelacionfm.cl\/index.php?rest_route=\/wp\/v2\/posts\/58352\/revisions"}],"predecessor-version":[{"id":58366,"href":"https:\/\/radiorevelacionfm.cl\/index.php?rest_route=\/wp\/v2\/posts\/58352\/revisions\/58366"}],"wp:featuredmedia":[{"embeddable":true,"href":"https:\/\/radiorevelacionfm.cl\/index.php?rest_route=\/wp\/v2\/media\/58353"}],"wp:attachment":[{"href":"https:\/\/radiorevelacionfm.cl\/index.php?rest_route=%2Fwp%2Fv2%2Fmedia&parent=58352"}],"wp:term":[{"taxonomy":"category","embeddable":true,"href":"https:\/\/radiorevelacionfm.cl\/index.php?rest_route=%2Fwp%2Fv2%2Fcategories&post=58352"},{"taxonomy":"post_tag","embeddable":true,"href":"https:\/\/radiorevelacionfm.cl\/index.php?rest_route=%2Fwp%2Fv2%2Ftags&post=58352"}],"curies":[{"name":"wp","href":"https:\/\/api.w.org\/{rel}","templated":true}]}}