{"id":58346,"date":"2025-08-27T17:47:22","date_gmt":"2025-08-27T20:47:22","guid":{"rendered":"https:\/\/radiorevelacionfm.cl\/?p=58346"},"modified":"2025-08-27T17:47:22","modified_gmt":"2025-08-27T20:47:22","slug":"inedita-conformacion-de-consejo-regional-indigena-aysen-realiza-su-primera-sesion-con-consejeros-de-las-4-provincias","status":"publish","type":"post","link":"https:\/\/radiorevelacionfm.cl\/?p=58346","title":{"rendered":"In\u00e9dita conformaci\u00f3n de Consejo Regional Ind\u00edgena Ays\u00e9n realiza su primera sesi\u00f3n con consejeros de las 4 provincias"},"content":{"rendered":"<div class=\"flex_column av_one_full  flex_column_div av-zero-column-padding first  avia-builder-el-0  el_before_av_one_full  avia-builder-el-first  \" style='border-radius:0px; '><div  class='avia-image-container  av-styling-    avia-builder-el-1  avia-builder-el-no-sibling  avia-align-center '  itemprop=\"image\" itemscope=\"itemscope\" itemtype=\"https:\/\/schema.org\/ImageObject\"  ><div class='avia-image-container-inner'><div class='avia-image-overlay-wrap'><img decoding=\"async\" class='wp-image-58347 avia-img-lazy-loading-not-58347 avia_image' src=\"https:\/\/radiorevelacionfm.cl\/wp-content\/uploads\/2025\/08\/cri2-1-1.jpeg\" alt='' title='cri2 (1) (1)' height=\"600\" width=\"881\"  itemprop=\"thumbnailUrl\" srcset=\"https:\/\/radiorevelacionfm.cl\/wp-content\/uploads\/2025\/08\/cri2-1-1.jpeg 881w, https:\/\/radiorevelacionfm.cl\/wp-content\/uploads\/2025\/08\/cri2-1-1-300x204.jpeg 300w, https:\/\/radiorevelacionfm.cl\/wp-content\/uploads\/2025\/08\/cri2-1-1-768x523.jpeg 768w, https:\/\/radiorevelacionfm.cl\/wp-content\/uploads\/2025\/08\/cri2-1-1-705x480.jpeg 705w, https:\/\/radiorevelacionfm.cl\/wp-content\/uploads\/2025\/08\/cri2-1-1-450x306.jpeg 450w, https:\/\/radiorevelacionfm.cl\/wp-content\/uploads\/2025\/08\/cri2-1-1-600x409.jpeg 600w\" sizes=\"(max-width: 881px) 100vw, 881px\" \/><\/div><\/div><\/div><\/div><div class=\"flex_column av_one_full  flex_column_div av-zero-column-padding first  avia-builder-el-2  el_after_av_one_full  el_before_av_one_full  column-top-margin\" style='border-radius:0px; '><section class=\"av_textblock_section \"  itemscope=\"itemscope\" itemtype=\"https:\/\/schema.org\/BlogPosting\" itemprop=\"blogPost\" ><div class='avia_textblock  '   itemprop=\"text\" ><p style=\"text-align: center;\"><strong><span style=\"font-size: 18pt;\">In\u00e9dita conformaci\u00f3n de Consejo Regional Ind\u00edgena Ays\u00e9n realiza su primera sesi\u00f3n con consejeros de las 4 provincias<\/span><\/strong><\/p>\n<div id=\"gtx-trans\" style=\"position: absolute; left: -50px; top: 4.31534px;\">\n<div class=\"gtx-trans-icon\"><\/div>\n<\/div>\n<\/div><\/section><\/div><div class=\"flex_column av_one_full  flex_column_div av-zero-column-padding first  avia-builder-el-4  el_after_av_one_full  el_before_av_hr  column-top-margin\" style='border-radius:0px; '><section class=\"av_textblock_section \"  itemscope=\"itemscope\" itemtype=\"https:\/\/schema.org\/BlogPosting\" itemprop=\"blogPost\" ><div class='avia_textblock  '   itemprop=\"text\" ><p style=\"text-align: justify;\">En Coyhaique se vivi\u00f3 la Primera sesi\u00f3n del Consejo Regional Ind\u00edgena Ays\u00e9n, CRI integrada por los 12 representantes de Comunidades y Asociaciones Ind\u00edgenas de las 4 provincias de la regi\u00f3n, con el objetivo de coordinar y generar acuerdos de trabajo conjunto con el gobierno en diversas tem\u00e1ticas que han sido priorizadas por las mismas organizaciones ind\u00edgenas.<\/p>\n<p style=\"text-align: justify;\">La mesa de trabajo que es presidida por el Delegado Presidencial Regional y asesorada t\u00e9cnicamente por la Corporaci\u00f3n Nacional de Desarrollo Ind\u00edgena, Conadi y el Ministerio de Desarrollo Social y Familia, trabaj\u00f3 extensamente en dos temas priorizados: educaci\u00f3n y tierras. Para ello estuvieron presentes las carteras correspondientes de Bienes Nacionales y Educaci\u00f3n.<\/p>\n<p style=\"text-align: justify;\">Relevando la instancia, el Delegado Presidencial Regional Jorge D\u00edaz Guzm\u00e1n afirm\u00f3 que \u201cEsta instancia org\u00e1nica donde se trabajan con los distintos sectores es un hito para nuestra regi\u00f3n y es por eso que tambi\u00e9n tenemos a la Conadi Nacional por lo tanto el trabajo que est\u00e1 desarrollando el Ministerio de Desarrollo Social en esta materia es fundamental para dejar instalada esta mesa que sea la coyuntura, pero tambi\u00e9n los temas que son a largo plazo en la regi\u00f3n de Ays\u00e9n\u201d.<\/p>\n<p style=\"text-align: justify;\">Es as\u00ed que la Seremi de Desarrollo Social y Familia, Karina Acevedo explic\u00f3 que el Consejo nace como \u00a0una alternativa a dar respuesta desde el Estado con las comunidades ind\u00edgenas en la regi\u00f3n de Ays\u00e9n \u201cComo bien se sabe, tenemos una oficina enlace de Conadi no hay una direcci\u00f3n regional, as\u00ed que esta es una f\u00f3rmula que la conversamos con los diferentes dirigentes de las comunidades y asociaciones para poder vincularnos con todo el territorio, ellos representan a sus comunidades, por tanto son los encargados de poder transmitir tanto la demanda como las acuerdos y en esta primera reuni\u00f3n, que fue muy extensa y nos vamos con otros temas que quedaron pendientes y ser\u00e1n tratados en la siguiente sesi\u00f3n. Para nosotros ha sido tremendamente exitosa esta jornada en donde pudimos escuchar a las comunidades, hubo mucho di\u00e1logo, tambi\u00e9n le entregamos informaci\u00f3n que bajar\u00e1n en sus provincias\u201d.<\/p>\n<p style=\"text-align: justify;\">Desde Melinka viaj\u00f3 en representaci\u00f3n del territorio norte Doraliza Lincoman quien se manifest\u00f3 conforme con la sesi\u00f3n \u201cTraemos todas las inquietudes de todas las provincias, me parece bien que nos estemos conociendo y expresando lo que queremos aportar para nuestra comuna. Nosotros en Melinka tenemos problema de tierras, para un cementerio y sede. Estoy conforme con las explicaciones de parte de la Seremi de Bienes Nacionales e ir\u00e1n a Melinka\u201d.<\/p>\n<p style=\"text-align: justify;\">En tanto el Delegado Presidencial Regional Jorge D\u00edaz agreg\u00f3 que \u201cEstamos con los representantes de toda la regi\u00f3n, han venido de Guaitecas, Chile Chico, Cochrane, Cisnes, y hemos instalado este consejo con la presencia de la Conadi a nivel nacional para abordar temas en carpeta que tenemos como el incorporar la lengua ind\u00edgena en los distintos establecimientos p\u00fablicos y otra de las materias es el saneamiento de la propiedad de la tierra, espec\u00edficamente en zona insular de nuestra regi\u00f3n, por eso nos acompa\u00f1a la seremi de Educaci\u00f3n Katherine Miqueles y de Bienes Nacionales Irina Morend. As\u00ed que luego de esta primera sesi\u00f3n seguiremos con una agenda de trabajo para que desde el aparato central puedan asumir esas tareas e ir solucionando y dar respuestas a las comunidades\u201d.<\/p>\n<p style=\"text-align: justify;\">El Consejo Regional Ind\u00edgena abordar\u00e1 en la sesi\u00f3n de octubre la tem\u00e1tica de medicina ancestral en la salud p\u00fablica. Finalmente, el CRI cuenta con la representaci\u00f3n de cuatro consejeros de la provincia de Coyhaique: Ang\u00e9lica LLaipen Mariman, Nora Catrian Pinda, Yorka Cheuquian Gallardo, Luis Mu\u00f1oz Millacura; cuatro consejeros de la provincia de Ays\u00e9n: Juanita Mansilla Anti\u00f1irre, Margarita Rojas Fern\u00e1ndez, Elvira Huenchullanca Nail, H\u00e9ctor Villegas Teguel; 2 de la provincia de Capit\u00e1n Prat:\u00a0Jorge Cuyul soto, Eladio Henr\u00edquez Reyes y 2 de la provincia de General Carrera: Fidelina Roco Legue, Armando Almonacid Hueytra.<\/p>\n<\/div><\/section><\/div><div  style='height:50px' class='hr hr-invisible   avia-builder-el-6  el_after_av_one_full  el_before_av_social_share '><span class='hr-inner ' ><span class='hr-inner-style'><\/span><\/span><\/div><\/p>\n<div  class='av-social-sharing-box  avia-builder-el-7  el_after_av_hr  el_before_av_hr  '><div class='av-share-box'><h5 class='av-share-link-description av-no-toc '>Compartir esta noticia<\/h5><ul class='av-share-box-list noLightbox'><li class='av-share-link av-social-link-facebook' ><a target=\"_blank\" aria-label=\"Compartir en Facebook\" href='https:\/\/www.facebook.com\/sharer.php?u=https:\/\/radiorevelacionfm.cl\/?p=58346&#038;t=In%C3%A9dita%20conformaci%C3%B3n%20de%20Consejo%20Regional%20Ind%C3%ADgena%20Ays%C3%A9n%20realiza%20su%20primera%20sesi%C3%B3n%20con%20consejeros%20de%20las%204%20provincias' aria-hidden='false' data-av_icon='\ue8f3' data-av_iconfont='entypo-fontello' title='' data-avia-related-tooltip='Compartir en Facebook' rel=\"noopener\"><span class='avia_hidden_link_text'>Compartir en Facebook<\/span><\/a><\/li><li class='av-share-link av-social-link-twitter' ><a target=\"_blank\" aria-label=\"Compartir en Twitter\" href='https:\/\/twitter.com\/share?text=In%C3%A9dita%20conformaci%C3%B3n%20de%20Consejo%20Regional%20Ind%C3%ADgena%20Ays%C3%A9n%20realiza%20su%20primera%20sesi%C3%B3n%20con%20consejeros%20de%20las%204%20provincias&#038;url=https:\/\/radiorevelacionfm.cl\/?p=58346' aria-hidden='false' data-av_icon='\ue8f1' data-av_iconfont='entypo-fontello' title='' data-avia-related-tooltip='Compartir en Twitter' rel=\"noopener\"><span class='avia_hidden_link_text'>Compartir en Twitter<\/span><\/a><\/li><li class='av-share-link av-social-link-whatsapp' ><a target=\"_blank\" aria-label=\"Compartir en Whatsapp\" href='https:\/\/api.whatsapp.com\/send?text=https:\/\/radiorevelacionfm.cl\/?p=58346' aria-hidden='false' data-av_icon='\uf232' data-av_iconfont='entypo-fontello' title='' data-avia-related-tooltip='Compartir en Whatsapp' rel=\"noopener\"><span class='avia_hidden_link_text'>Compartir en Whatsapp<\/span><\/a><\/li><li class='av-share-link av-social-link-linkedin' ><a target=\"_blank\" aria-label=\"Compartir en LinkedIn\" href='https:\/\/linkedin.com\/shareArticle?mini=true&#038;title=In%C3%A9dita%20conformaci%C3%B3n%20de%20Consejo%20Regional%20Ind%C3%ADgena%20Ays%C3%A9n%20realiza%20su%20primera%20sesi%C3%B3n%20con%20consejeros%20de%20las%204%20provincias&#038;url=https:\/\/radiorevelacionfm.cl\/?p=58346' aria-hidden='false' data-av_icon='\ue8fc' data-av_iconfont='entypo-fontello' title='' data-avia-related-tooltip='Compartir en LinkedIn' rel=\"noopener\"><span class='avia_hidden_link_text'>Compartir en LinkedIn<\/span><\/a><\/li><li class='av-share-link av-social-link-mail' ><a  aria-label=\"Compartir por correo\" href='mailto:?subject=In%C3%A9dita%20conformaci%C3%B3n%20de%20Consejo%20Regional%20Ind%C3%ADgena%20Ays%C3%A9n%20realiza%20su%20primera%20sesi%C3%B3n%20con%20consejeros%20de%20las%204%20provincias&#038;body=https:\/\/radiorevelacionfm.cl\/?p=58346' aria-hidden='false' data-av_icon='\ue805' data-av_iconfont='entypo-fontello' title='' data-avia-related-tooltip='Compartir por correo'><span class='avia_hidden_link_text'>Compartir por correo<\/span><\/a><\/li><\/ul><\/div><\/div>\n<div  style='height:50px' class='hr hr-invisible   avia-builder-el-8  el_after_av_social_share  el_before_av_comments_list '><span class='hr-inner ' ><span class='hr-inner-style'><\/span><\/span><\/div>\n<div  class='av-buildercomment  av-blog-meta-html-info-disabled av-blog-meta-tag-disabled  '><\/div>\n","protected":false},"excerpt":{"rendered":"","protected":false},"author":1,"featured_media":58347,"comment_status":"closed","ping_status":"closed","sticky":false,"template":"","format":"standard","meta":{"footnotes":""},"categories":[38],"tags":[],"class_list":["post-58346","post","type-post","status-publish","format-standard","has-post-thumbnail","hentry","category-regional"],"jetpack_featured_media_url":"https:\/\/radiorevelacionfm.cl\/wp-content\/uploads\/2025\/08\/cri2-1-1.jpeg","_links":{"self":[{"href":"https:\/\/radiorevelacionfm.cl\/index.php?rest_route=\/wp\/v2\/posts\/58346","targetHints":{"allow":["GET"]}}],"collection":[{"href":"https:\/\/radiorevelacionfm.cl\/index.php?rest_route=\/wp\/v2\/posts"}],"about":[{"href":"https:\/\/radiorevelacionfm.cl\/index.php?rest_route=\/wp\/v2\/types\/post"}],"author":[{"embeddable":true,"href":"https:\/\/radiorevelacionfm.cl\/index.php?rest_route=\/wp\/v2\/users\/1"}],"replies":[{"embeddable":true,"href":"https:\/\/radiorevelacionfm.cl\/index.php?rest_route=%2Fwp%2Fv2%2Fcomments&post=58346"}],"version-history":[{"count":2,"href":"https:\/\/radiorevelacionfm.cl\/index.php?rest_route=\/wp\/v2\/posts\/58346\/revisions"}],"predecessor-version":[{"id":58365,"href":"https:\/\/radiorevelacionfm.cl\/index.php?rest_route=\/wp\/v2\/posts\/58346\/revisions\/58365"}],"wp:featuredmedia":[{"embeddable":true,"href":"https:\/\/radiorevelacionfm.cl\/index.php?rest_route=\/wp\/v2\/media\/58347"}],"wp:attachment":[{"href":"https:\/\/radiorevelacionfm.cl\/index.php?rest_route=%2Fwp%2Fv2%2Fmedia&parent=58346"}],"wp:term":[{"taxonomy":"category","embeddable":true,"href":"https:\/\/radiorevelacionfm.cl\/index.php?rest_route=%2Fwp%2Fv2%2Fcategories&post=58346"},{"taxonomy":"post_tag","embeddable":true,"href":"https:\/\/radiorevelacionfm.cl\/index.php?rest_route=%2Fwp%2Fv2%2Ftags&post=58346"}],"curies":[{"name":"wp","href":"https:\/\/api.w.org\/{rel}","templated":true}]}}