{"id":58343,"date":"2025-08-27T14:34:58","date_gmt":"2025-08-27T17:34:58","guid":{"rendered":"https:\/\/radiorevelacionfm.cl\/?p=58343"},"modified":"2025-08-27T14:34:58","modified_gmt":"2025-08-27T17:34:58","slug":"organizaciones-ciudadanas-de-aysen-ya-pueden-postular-al-fondo-de-proteccion-ambiental","status":"publish","type":"post","link":"https:\/\/radiorevelacionfm.cl\/?p=58343","title":{"rendered":"Organizaciones ciudadanas de Ays\u00e9n ya pueden postular al Fondo de Protecci\u00f3n Ambiental"},"content":{"rendered":"<div class=\"flex_column av_one_full  flex_column_div av-zero-column-padding first  avia-builder-el-0  el_before_av_one_full  avia-builder-el-first  \" style='border-radius:0px; '><div  class='avia-image-container  av-styling-    avia-builder-el-1  avia-builder-el-no-sibling  avia-align-center '  itemprop=\"image\" itemscope=\"itemscope\" itemtype=\"https:\/\/schema.org\/ImageObject\"  ><div class='avia-image-container-inner'><div class='avia-image-overlay-wrap'><img decoding=\"async\" class='wp-image-58344 avia-img-lazy-loading-not-58344 avia_image' src=\"https:\/\/radiorevelacionfm.cl\/wp-content\/uploads\/2025\/08\/1-2025-08-27t115349_optimized.184-1.jpg\" alt='' title='1 - -2025-08-27t115349_optimized.184-(1)' height=\"600\" width=\"919\"  itemprop=\"thumbnailUrl\" srcset=\"https:\/\/radiorevelacionfm.cl\/wp-content\/uploads\/2025\/08\/1-2025-08-27t115349_optimized.184-1.jpg 919w, https:\/\/radiorevelacionfm.cl\/wp-content\/uploads\/2025\/08\/1-2025-08-27t115349_optimized.184-1-300x196.jpg 300w, https:\/\/radiorevelacionfm.cl\/wp-content\/uploads\/2025\/08\/1-2025-08-27t115349_optimized.184-1-768x501.jpg 768w, https:\/\/radiorevelacionfm.cl\/wp-content\/uploads\/2025\/08\/1-2025-08-27t115349_optimized.184-1-705x460.jpg 705w, https:\/\/radiorevelacionfm.cl\/wp-content\/uploads\/2025\/08\/1-2025-08-27t115349_optimized.184-1-450x294.jpg 450w, https:\/\/radiorevelacionfm.cl\/wp-content\/uploads\/2025\/08\/1-2025-08-27t115349_optimized.184-1-600x392.jpg 600w\" sizes=\"(max-width: 919px) 100vw, 919px\" \/><\/div><\/div><\/div><\/div><div class=\"flex_column av_one_full  flex_column_div av-zero-column-padding first  avia-builder-el-2  el_after_av_one_full  el_before_av_one_full  column-top-margin\" style='border-radius:0px; '><section class=\"av_textblock_section \"  itemscope=\"itemscope\" itemtype=\"https:\/\/schema.org\/BlogPosting\" itemprop=\"blogPost\" ><div class='avia_textblock  '   itemprop=\"text\" ><p style=\"text-align: center;\"><strong><span style=\"font-size: 18pt;\">Organizaciones ciudadanas de Ays\u00e9n ya pueden postular al Fondo de Protecci\u00f3n Ambiental<\/span><\/strong><\/p>\n<div id=\"gtx-trans\" style=\"position: absolute; left: -50px; top: 4.31534px;\">\n<div class=\"gtx-trans-icon\"><\/div>\n<\/div>\n<\/div><\/section><\/div><div class=\"flex_column av_one_full  flex_column_div av-zero-column-padding first  avia-builder-el-4  el_after_av_one_full  el_before_av_hr  column-top-margin\" style='border-radius:0px; '><section class=\"av_textblock_section \"  itemscope=\"itemscope\" itemtype=\"https:\/\/schema.org\/BlogPosting\" itemprop=\"blogPost\" ><div class='avia_textblock  '   itemprop=\"text\" ><p style=\"text-align: justify;\">Desde Puerto Ays\u00e9n y junto a representantes de diversas organizaciones sociales se realiz\u00f3 el lanzamiento regional del Fondo de Protecci\u00f3n Ambiental FPA 2026 del Ministerio del medio Ambiente.<\/p>\n<p style=\"text-align: justify;\">El FPA es el primer fondo concursable de car\u00e1cter nacional con el que cuenta el Estado de Chile para apoyar iniciativas ambientales presentadas por la ciudadan\u00eda. A nivel regional han sido m\u00e1s de 200 los proyectos financiados por el FPA, entregando alrededor de 1.000 millones en sus 28 a\u00f1os de historia.<\/p>\n<p style=\"text-align: justify;\">El Seremi del Medio Ambiente, Yoal D\u00edaz, expuso a los presentes los detalles de los tres concursos disponibles para 2026 \u201cYa estamos con nuestras plataformas para postular al FPA, esperamos muchas postulaciones as\u00ed que les invitamos ser parte de este proceso y sumarse a las distintas l\u00edneas: ciudadana, establecimientos educacionales y comunidades ind\u00edgenas\u201d, declar\u00f3 la autoridad ambiental comentando mientras que el Delegado Presidencial Provincial de Ays\u00e9n, Rodrigo Moreno reiter\u00f3 la invitaci\u00f3n \u201cYa en Puerto Ays\u00e9n tenemos casi un r\u00e9cord, nos hemos ganado ya varios fondos anteriores y quiero invitarlos nuevamente a que postulen este a\u00f1o y volvamos a tener estos fondos adjudicados en nuestra provincia\u201d.<\/p>\n<p style=\"text-align: justify;\">La convocatoria 2026 considera tres concursos y cada proyecto podr\u00e1 ser adjudicado por un monto de $6 millones en las l\u00edneas: Proyectos Sustentables Ciudadanos, donde pueden participar personas jur\u00eddicas, de derecho privado, sin fines de lucro como juntas de vecinos, consejos vecinales de desarrollo, centros de padres y madres, centros culturales y art\u00edsticos, organizaciones deportivas, organizaciones juveniles, comunidades agr\u00edcolas y asociaciones gremiales; Proyectos Sustentables en Establecimientos Educacionales, donde pueden participar solamente centros de padres, madres y de apoderados\/as; y finalmente, Proyectos Sustentables para Pueblos Ind\u00edgenas, concurso dirigido exclusivamente a comunidades y asociaciones ind\u00edgenas, reconocidas por CONADI.<\/p>\n<p style=\"text-align: justify;\">La encargada regional de oficina de enlaces CONADI, Pamela Huaitiao, llam\u00f3 a sumarse a la l\u00ednea de pueblos ind\u00edgenas \u201cla motivaci\u00f3n principal de que el d\u00eda de hoy hayan sido convocados todas y todos ustedes es para visibilizar estas iniciativas y que, por supuesto, postulen ya que son iniciativas con \u00e9nfasis medio ambiental y tambi\u00e9n muy propias de los pueblos ind\u00edgenas, sobre todo vinculado a la cosmovisi\u00f3n mapuche, y Huilliche en este territorio tambi\u00e9n\u201d.<\/p>\n<p style=\"text-align: justify;\">Las organizaciones podr\u00e1n presentar proyectos relacionados con Ecotecnias h\u00eddricas; cambio clim\u00e1tico y descontaminaci\u00f3n ambiental; econom\u00eda circular y gesti\u00f3n de residuos; valoraci\u00f3n y conservaci\u00f3n de la biodiversidad; eficiencia energ\u00e9tica. Todos los proyectos deben considerar aspectos de educaci\u00f3n ambiental como un pilar transversal, con el objeto de que sea la misma organizaci\u00f3n beneficiaria la que contribuya a la generaci\u00f3n de una cultura ambiental en el entorno en que se encuentra inserta.<\/p>\n<p style=\"text-align: justify;\">\u201cEl FPA nos permite crear instancias donde la comunidad educativa pueda desarrollar aprendizajes de sus ni\u00f1os que perduren para toda la vida\u201d, declar\u00f3 la Directora Escuela de Lenguaje Kalem, Nidia Obando; as\u00ed tambi\u00e9n la profesora del Liceo Polit\u00e9cnico, Isabel G\u00f3mez agreg\u00f3 \u201cEs una tremenda oportunidad que nos permite tambi\u00e9n poder ejecutar varias iniciativas que a lo mejor con otros financiamientos no podr\u00edamos (\u2026) lo vemos como un oportunidad para seguir creciendo como unidad educativa y seguir tambi\u00e9n aportando a la sociedad y al medio ambiente\u201d.<\/p>\n<p style=\"text-align: justify;\">Respecto a las postulaciones, estar\u00e1n abiertas hasta el 07 de octubre de 2025 a las 14:00 horas (Horario de Chile Continental) y se debe postular en <a href=\"https:\/\/fondos.mma.gob.cl\/\">https:\/\/fondos.mma.gob.cl<\/a>\u00a0 sitio donde, adem\u00e1s, podr\u00e1n informarse sobre las bases del concurso.<\/p>\n<p style=\"text-align: justify;\">La actividad concluy\u00f3 con un taller de formulaci\u00f3n de proyectos FPA para las y los presentes, de igual modo la autoridad ambiental recalc\u00f3 que para apoyar el proceso se han dispuesto adem\u00e1s instancias de capacitaci\u00f3n a la postulaci\u00f3n que ser\u00e1n abordadas por concurso y cuyo calendario y links de inscripci\u00f3n est\u00e1n disponibles en las redes sociales de la Seremi del Medio Ambiente.<\/p>\n<\/div><\/section><\/div><div  style='height:50px' class='hr hr-invisible   avia-builder-el-6  el_after_av_one_full  el_before_av_social_share '><span class='hr-inner ' ><span class='hr-inner-style'><\/span><\/span><\/div><\/p>\n<div  class='av-social-sharing-box  avia-builder-el-7  el_after_av_hr  el_before_av_hr  '><div class='av-share-box'><h5 class='av-share-link-description av-no-toc '>Compartir esta noticia<\/h5><ul class='av-share-box-list noLightbox'><li class='av-share-link av-social-link-facebook' ><a target=\"_blank\" aria-label=\"Compartir en Facebook\" href='https:\/\/www.facebook.com\/sharer.php?u=https:\/\/radiorevelacionfm.cl\/?p=58343&#038;t=Organizaciones%20ciudadanas%20de%20Ays%C3%A9n%20ya%20pueden%20postular%20al%20Fondo%20de%20Protecci%C3%B3n%20Ambiental' aria-hidden='false' data-av_icon='\ue8f3' data-av_iconfont='entypo-fontello' title='' data-avia-related-tooltip='Compartir en Facebook' rel=\"noopener\"><span class='avia_hidden_link_text'>Compartir en Facebook<\/span><\/a><\/li><li class='av-share-link av-social-link-twitter' ><a target=\"_blank\" aria-label=\"Compartir en Twitter\" href='https:\/\/twitter.com\/share?text=Organizaciones%20ciudadanas%20de%20Ays%C3%A9n%20ya%20pueden%20postular%20al%20Fondo%20de%20Protecci%C3%B3n%20Ambiental&#038;url=https:\/\/radiorevelacionfm.cl\/?p=58343' aria-hidden='false' data-av_icon='\ue8f1' data-av_iconfont='entypo-fontello' title='' data-avia-related-tooltip='Compartir en Twitter' rel=\"noopener\"><span class='avia_hidden_link_text'>Compartir en Twitter<\/span><\/a><\/li><li class='av-share-link av-social-link-whatsapp' ><a target=\"_blank\" aria-label=\"Compartir en Whatsapp\" href='https:\/\/api.whatsapp.com\/send?text=https:\/\/radiorevelacionfm.cl\/?p=58343' aria-hidden='false' data-av_icon='\uf232' data-av_iconfont='entypo-fontello' title='' data-avia-related-tooltip='Compartir en Whatsapp' rel=\"noopener\"><span class='avia_hidden_link_text'>Compartir en Whatsapp<\/span><\/a><\/li><li class='av-share-link av-social-link-linkedin' ><a target=\"_blank\" aria-label=\"Compartir en LinkedIn\" href='https:\/\/linkedin.com\/shareArticle?mini=true&#038;title=Organizaciones%20ciudadanas%20de%20Ays%C3%A9n%20ya%20pueden%20postular%20al%20Fondo%20de%20Protecci%C3%B3n%20Ambiental&#038;url=https:\/\/radiorevelacionfm.cl\/?p=58343' aria-hidden='false' data-av_icon='\ue8fc' data-av_iconfont='entypo-fontello' title='' data-avia-related-tooltip='Compartir en LinkedIn' rel=\"noopener\"><span class='avia_hidden_link_text'>Compartir en LinkedIn<\/span><\/a><\/li><li class='av-share-link av-social-link-mail' ><a  aria-label=\"Compartir por correo\" href='mailto:?subject=Organizaciones%20ciudadanas%20de%20Ays%C3%A9n%20ya%20pueden%20postular%20al%20Fondo%20de%20Protecci%C3%B3n%20Ambiental&#038;body=https:\/\/radiorevelacionfm.cl\/?p=58343' aria-hidden='false' data-av_icon='\ue805' data-av_iconfont='entypo-fontello' title='' data-avia-related-tooltip='Compartir por correo'><span class='avia_hidden_link_text'>Compartir por correo<\/span><\/a><\/li><\/ul><\/div><\/div>\n<div  style='height:50px' class='hr hr-invisible   avia-builder-el-8  el_after_av_social_share  el_before_av_comments_list '><span class='hr-inner ' ><span class='hr-inner-style'><\/span><\/span><\/div>\n<div  class='av-buildercomment  av-blog-meta-html-info-disabled av-blog-meta-tag-disabled  '><\/div>\n","protected":false},"excerpt":{"rendered":"","protected":false},"author":1,"featured_media":58344,"comment_status":"closed","ping_status":"closed","sticky":false,"template":"","format":"standard","meta":{"footnotes":""},"categories":[39],"tags":[],"class_list":["post-58343","post","type-post","status-publish","format-standard","has-post-thumbnail","hentry","category-medio-ambiente"],"jetpack_featured_media_url":"https:\/\/radiorevelacionfm.cl\/wp-content\/uploads\/2025\/08\/1-2025-08-27t115349_optimized.184-1.jpg","_links":{"self":[{"href":"https:\/\/radiorevelacionfm.cl\/index.php?rest_route=\/wp\/v2\/posts\/58343","targetHints":{"allow":["GET"]}}],"collection":[{"href":"https:\/\/radiorevelacionfm.cl\/index.php?rest_route=\/wp\/v2\/posts"}],"about":[{"href":"https:\/\/radiorevelacionfm.cl\/index.php?rest_route=\/wp\/v2\/types\/post"}],"author":[{"embeddable":true,"href":"https:\/\/radiorevelacionfm.cl\/index.php?rest_route=\/wp\/v2\/users\/1"}],"replies":[{"embeddable":true,"href":"https:\/\/radiorevelacionfm.cl\/index.php?rest_route=%2Fwp%2Fv2%2Fcomments&post=58343"}],"version-history":[{"count":2,"href":"https:\/\/radiorevelacionfm.cl\/index.php?rest_route=\/wp\/v2\/posts\/58343\/revisions"}],"predecessor-version":[{"id":58362,"href":"https:\/\/radiorevelacionfm.cl\/index.php?rest_route=\/wp\/v2\/posts\/58343\/revisions\/58362"}],"wp:featuredmedia":[{"embeddable":true,"href":"https:\/\/radiorevelacionfm.cl\/index.php?rest_route=\/wp\/v2\/media\/58344"}],"wp:attachment":[{"href":"https:\/\/radiorevelacionfm.cl\/index.php?rest_route=%2Fwp%2Fv2%2Fmedia&parent=58343"}],"wp:term":[{"taxonomy":"category","embeddable":true,"href":"https:\/\/radiorevelacionfm.cl\/index.php?rest_route=%2Fwp%2Fv2%2Fcategories&post=58343"},{"taxonomy":"post_tag","embeddable":true,"href":"https:\/\/radiorevelacionfm.cl\/index.php?rest_route=%2Fwp%2Fv2%2Ftags&post=58343"}],"curies":[{"name":"wp","href":"https:\/\/api.w.org\/{rel}","templated":true}]}}