{"id":58331,"date":"2025-09-01T10:49:58","date_gmt":"2025-09-01T13:49:58","guid":{"rendered":"https:\/\/radiorevelacionfm.cl\/?p=58331"},"modified":"2025-09-01T10:49:58","modified_gmt":"2025-09-01T13:49:58","slug":"ministro-garcia-propuso-a-sofofa-trabajar-en-conjunto-contar-con-la-colaboracion-del-sector-privado-es-indispensable","status":"publish","type":"post","link":"https:\/\/radiorevelacionfm.cl\/?p=58331","title":{"rendered":"Ministro Garc\u00eda propuso a SOFOFA trabajar en conjunto: \u201cContar con la colaboraci\u00f3n del sector privado es indispensable\u201d"},"content":{"rendered":"<div class=\"flex_column av_one_full  flex_column_div av-zero-column-padding first  avia-builder-el-0  el_before_av_one_full  avia-builder-el-first  \" style='border-radius:0px; '><div  class='avia-image-container  av-styling-    avia-builder-el-1  avia-builder-el-no-sibling  avia-align-center '  itemprop=\"image\" itemscope=\"itemscope\" itemtype=\"https:\/\/schema.org\/ImageObject\"  ><div class='avia-image-container-inner'><div class='avia-image-overlay-wrap'><img decoding=\"async\" class='wp-image-58332 avia-img-lazy-loading-not-58332 avia_image' src=\"https:\/\/radiorevelacionfm.cl\/wp-content\/uploads\/2025\/08\/MINISTRO-ECONOMIA-f-1-1.jpeg\" alt='' title='MINISTRO ECONOMIA f (1) (1)' height=\"600\" width=\"901\"  itemprop=\"thumbnailUrl\" srcset=\"https:\/\/radiorevelacionfm.cl\/wp-content\/uploads\/2025\/08\/MINISTRO-ECONOMIA-f-1-1.jpeg 901w, https:\/\/radiorevelacionfm.cl\/wp-content\/uploads\/2025\/08\/MINISTRO-ECONOMIA-f-1-1-300x200.jpeg 300w, https:\/\/radiorevelacionfm.cl\/wp-content\/uploads\/2025\/08\/MINISTRO-ECONOMIA-f-1-1-768x511.jpeg 768w, https:\/\/radiorevelacionfm.cl\/wp-content\/uploads\/2025\/08\/MINISTRO-ECONOMIA-f-1-1-705x469.jpeg 705w, https:\/\/radiorevelacionfm.cl\/wp-content\/uploads\/2025\/08\/MINISTRO-ECONOMIA-f-1-1-450x300.jpeg 450w, https:\/\/radiorevelacionfm.cl\/wp-content\/uploads\/2025\/08\/MINISTRO-ECONOMIA-f-1-1-600x400.jpeg 600w\" sizes=\"(max-width: 901px) 100vw, 901px\" \/><\/div><\/div><\/div><\/div><div class=\"flex_column av_one_full  flex_column_div av-zero-column-padding first  avia-builder-el-2  el_after_av_one_full  el_before_av_one_full  column-top-margin\" style='border-radius:0px; '><section class=\"av_textblock_section \"  itemscope=\"itemscope\" itemtype=\"https:\/\/schema.org\/BlogPosting\" itemprop=\"blogPost\" ><div class='avia_textblock  '   itemprop=\"text\" ><p style=\"text-align: center;\"><strong><span style=\"font-size: 18pt;\">Ministro Garc\u00eda propuso a SOFOFA trabajar en conjunto: \u201cContar con la colaboraci\u00f3n del sector privado es indispensable\u201d<\/span><\/strong><\/p>\n<div id=\"gtx-trans\" style=\"position: absolute; left: -50px; top: 4.31534px;\">\n<div class=\"gtx-trans-icon\"><\/div>\n<\/div>\n<\/div><\/section><\/div><div class=\"flex_column av_one_full  flex_column_div av-zero-column-padding first  avia-builder-el-4  el_after_av_one_full  el_before_av_hr  column-top-margin\" style='border-radius:0px; '><section class=\"av_textblock_section \"  itemscope=\"itemscope\" itemtype=\"https:\/\/schema.org\/BlogPosting\" itemprop=\"blogPost\" ><div class='avia_textblock  '   itemprop=\"text\" ><p style=\"text-align: justify;\"><em>En su primera actividad con la asociaci\u00f3n gremial de las empresas y gremios del sector industrial chileno, el jefe de la cartera de Econom\u00eda, \u00c1lvaro Garc\u00eda, destac\u00f3 la importancia de la colaboraci\u00f3n p\u00fablico-privada para el desarrollo del pa\u00eds y explic\u00f3 los ejes estrat\u00e9gicos del ministerio bajo su gesti\u00f3n.<\/em><\/p>\n<p style=\"text-align: justify;\">El ministro de Econom\u00eda, Fomento y Turismo, \u00c1lvaro Garc\u00eda, junto al ministro de Hacienda, Nicol\u00e1s Grau, la ministra de Obras P\u00fablicas, J\u00e9ssica L\u00f3pez y la ministra de Miner\u00eda, Aurora Williams, particip\u00f3 del encuentro \u201cAgenda Ambiental: Inversi\u00f3n Sostenible con visi\u00f3n de futuro\u201d, espacio convocado por la Sociedad de Fomento Fabril (SOFOFA) y liderado por la presidenta de la asociaci\u00f3n gremial, Rosario Navarro.<\/p>\n<p style=\"text-align: justify;\">En su primera actividad como ministro junto a l\u00edderes empresariales, Garc\u00eda expuso los lineamientos que tendr\u00e1 su trabajo frente a la cartera de Econom\u00eda, como la implementaci\u00f3n de la Ley Marco de Autorizaciones Sectoriales despachada por el Congreso el pasado 1 de julio que busca optimizar y reducir entre un 30% y un 70% los tiempos de tramitaci\u00f3n de permisos sectoriales, simplificando y modernizando los procesos administrativos, sin comprometer los est\u00e1ndares regulatorios vigentes.<\/p>\n<p style=\"text-align: justify;\">\u201cEsta ley se ha aprobado, pero quedan desaf\u00edos para hacerla efectiva, como publicar reglamentos, los umbrales de las declaraciones juradas y, por lo tanto, c\u00f3mo se definen los proyectos estrat\u00e9gicos y c\u00f3mo se implementa su efectiva agilizaci\u00f3n. Contar con la colaboraci\u00f3n del sector privado para esa tarea es indispensable\u201d, destac\u00f3 Garc\u00eda.<\/p>\n<p style=\"text-align: justify;\">La autoridad subray\u00f3 la importancia del trabajo mancomunado por el mundo privado para avanzar en medidas que impulsen al pa\u00eds. En este contexto, expuso otro de los proyectos clave que est\u00e1n en agenda legislativa del ministerio. \u201cLa Agencia de Financiamiento de la Inversi\u00f3n y el Desarrollo (Afide) es otro instrumento fundamental para avanzar en el desarrollo, porque establece los mecanismos de financiamiento para la innovaci\u00f3n y la adecuaci\u00f3n tecnol\u00f3gica que hoy d\u00eda el pa\u00eds requiere, pero no cuenta con los instrumentos para hacerlo. Este es un proyecto que se encuentra en su \u00faltimo tr\u00e1mite legislativo, pero no es f\u00e1cil ese proceso, y, por lo tanto, la colaboraci\u00f3n de ustedes es indispensable\u201d, explic\u00f3 el ministro.<\/p>\n<p style=\"text-align: justify;\">En el marco del encuentro \u201cAgenda Ambiental: Inversi\u00f3n Sostenible con visi\u00f3n de futuro\u201d de SOFOFA, Garc\u00eda tambi\u00e9n destac\u00f3 la relevancia de los Acuerdos Voluntarios de Participaci\u00f3n Temprana, un instrumento dependiente de la Agencia de Cambio Clim\u00e1tico -, comit\u00e9 Corfo-. \u201cTiene como particularidad que mira el territorio como un conjunto, no solo del proyecto y su impacto en la zona de influencia, y, por lo tanto, facilita enormemente la colaboraci\u00f3n p\u00fablico-privada. Lo us\u00f3 una planta de hidr\u00f3geno verde en Magallanes y lo est\u00e1 iniciando un proyecto minero en Tarapac\u00e1, pero para que sea realmente efectivo, no solo debemos fomentar la colaboraci\u00f3n p\u00fablico-privada, sino estrechar relaciones dentro del sector privado\u201d, dijo la autoridad.<\/p>\n<\/div><\/section><\/div><div  style='height:50px' class='hr hr-invisible   avia-builder-el-6  el_after_av_one_full  el_before_av_social_share '><span class='hr-inner ' ><span class='hr-inner-style'><\/span><\/span><\/div><\/p>\n<div  class='av-social-sharing-box  avia-builder-el-7  el_after_av_hr  el_before_av_hr  '><div class='av-share-box'><h5 class='av-share-link-description av-no-toc '>Compartir esta noticia<\/h5><ul class='av-share-box-list noLightbox'><li class='av-share-link av-social-link-facebook' ><a target=\"_blank\" aria-label=\"Compartir en Facebook\" href='https:\/\/www.facebook.com\/sharer.php?u=https:\/\/radiorevelacionfm.cl\/?p=58331&#038;t=Ministro%20Garc%C3%ADa%20propuso%20a%20SOFOFA%20trabajar%20en%20conjunto%3A%20%E2%80%9CContar%20con%20la%20colaboraci%C3%B3n%20del%20sector%20privado%20es%20indispensable%E2%80%9D' aria-hidden='false' data-av_icon='\ue8f3' data-av_iconfont='entypo-fontello' title='' data-avia-related-tooltip='Compartir en Facebook' rel=\"noopener\"><span class='avia_hidden_link_text'>Compartir en Facebook<\/span><\/a><\/li><li class='av-share-link av-social-link-twitter' ><a target=\"_blank\" aria-label=\"Compartir en Twitter\" href='https:\/\/twitter.com\/share?text=Ministro%20Garc%C3%ADa%20propuso%20a%20SOFOFA%20trabajar%20en%20conjunto%3A%20%E2%80%9CContar%20con%20la%20colaboraci%C3%B3n%20del%20sector%20privado%20es%20indispensable%E2%80%9D&#038;url=https:\/\/radiorevelacionfm.cl\/?p=58331' aria-hidden='false' data-av_icon='\ue8f1' data-av_iconfont='entypo-fontello' title='' data-avia-related-tooltip='Compartir en Twitter' rel=\"noopener\"><span class='avia_hidden_link_text'>Compartir en Twitter<\/span><\/a><\/li><li class='av-share-link av-social-link-whatsapp' ><a target=\"_blank\" aria-label=\"Compartir en Whatsapp\" href='https:\/\/api.whatsapp.com\/send?text=https:\/\/radiorevelacionfm.cl\/?p=58331' aria-hidden='false' data-av_icon='\uf232' data-av_iconfont='entypo-fontello' title='' data-avia-related-tooltip='Compartir en Whatsapp' rel=\"noopener\"><span class='avia_hidden_link_text'>Compartir en Whatsapp<\/span><\/a><\/li><li class='av-share-link av-social-link-linkedin' ><a target=\"_blank\" aria-label=\"Compartir en LinkedIn\" href='https:\/\/linkedin.com\/shareArticle?mini=true&#038;title=Ministro%20Garc%C3%ADa%20propuso%20a%20SOFOFA%20trabajar%20en%20conjunto%3A%20%E2%80%9CContar%20con%20la%20colaboraci%C3%B3n%20del%20sector%20privado%20es%20indispensable%E2%80%9D&#038;url=https:\/\/radiorevelacionfm.cl\/?p=58331' aria-hidden='false' data-av_icon='\ue8fc' data-av_iconfont='entypo-fontello' title='' data-avia-related-tooltip='Compartir en LinkedIn' rel=\"noopener\"><span class='avia_hidden_link_text'>Compartir en LinkedIn<\/span><\/a><\/li><li class='av-share-link av-social-link-mail' ><a  aria-label=\"Compartir por correo\" href='mailto:?subject=Ministro%20Garc%C3%ADa%20propuso%20a%20SOFOFA%20trabajar%20en%20conjunto%3A%20%E2%80%9CContar%20con%20la%20colaboraci%C3%B3n%20del%20sector%20privado%20es%20indispensable%E2%80%9D&#038;body=https:\/\/radiorevelacionfm.cl\/?p=58331' aria-hidden='false' data-av_icon='\ue805' data-av_iconfont='entypo-fontello' title='' data-avia-related-tooltip='Compartir por correo'><span class='avia_hidden_link_text'>Compartir por correo<\/span><\/a><\/li><\/ul><\/div><\/div>\n<div  style='height:50px' class='hr hr-invisible   avia-builder-el-8  el_after_av_social_share  el_before_av_comments_list '><span class='hr-inner ' ><span class='hr-inner-style'><\/span><\/span><\/div>\n<div  class='av-buildercomment  av-blog-meta-html-info-disabled av-blog-meta-tag-disabled  '><\/div>\n","protected":false},"excerpt":{"rendered":"","protected":false},"author":1,"featured_media":58332,"comment_status":"closed","ping_status":"closed","sticky":false,"template":"","format":"standard","meta":{"footnotes":""},"categories":[37],"tags":[],"class_list":["post-58331","post","type-post","status-publish","format-standard","has-post-thumbnail","hentry","category-economia"],"jetpack_featured_media_url":"https:\/\/radiorevelacionfm.cl\/wp-content\/uploads\/2025\/08\/MINISTRO-ECONOMIA-f-1-1.jpeg","_links":{"self":[{"href":"https:\/\/radiorevelacionfm.cl\/index.php?rest_route=\/wp\/v2\/posts\/58331","targetHints":{"allow":["GET"]}}],"collection":[{"href":"https:\/\/radiorevelacionfm.cl\/index.php?rest_route=\/wp\/v2\/posts"}],"about":[{"href":"https:\/\/radiorevelacionfm.cl\/index.php?rest_route=\/wp\/v2\/types\/post"}],"author":[{"embeddable":true,"href":"https:\/\/radiorevelacionfm.cl\/index.php?rest_route=\/wp\/v2\/users\/1"}],"replies":[{"embeddable":true,"href":"https:\/\/radiorevelacionfm.cl\/index.php?rest_route=%2Fwp%2Fv2%2Fcomments&post=58331"}],"version-history":[{"count":2,"href":"https:\/\/radiorevelacionfm.cl\/index.php?rest_route=\/wp\/v2\/posts\/58331\/revisions"}],"predecessor-version":[{"id":58557,"href":"https:\/\/radiorevelacionfm.cl\/index.php?rest_route=\/wp\/v2\/posts\/58331\/revisions\/58557"}],"wp:featuredmedia":[{"embeddable":true,"href":"https:\/\/radiorevelacionfm.cl\/index.php?rest_route=\/wp\/v2\/media\/58332"}],"wp:attachment":[{"href":"https:\/\/radiorevelacionfm.cl\/index.php?rest_route=%2Fwp%2Fv2%2Fmedia&parent=58331"}],"wp:term":[{"taxonomy":"category","embeddable":true,"href":"https:\/\/radiorevelacionfm.cl\/index.php?rest_route=%2Fwp%2Fv2%2Fcategories&post=58331"},{"taxonomy":"post_tag","embeddable":true,"href":"https:\/\/radiorevelacionfm.cl\/index.php?rest_route=%2Fwp%2Fv2%2Ftags&post=58331"}],"curies":[{"name":"wp","href":"https:\/\/api.w.org\/{rel}","templated":true}]}}