{"id":5833,"date":"2021-07-01T17:55:28","date_gmt":"2021-07-01T20:55:28","guid":{"rendered":"https:\/\/radiorevelacionfm.cl\/?p=5833"},"modified":"2021-07-01T17:55:28","modified_gmt":"2021-07-01T20:55:28","slug":"alcalde-roncagliolo-busca-desarrollar-un-trabajo-mancomunado-con-gobernadora-regional-y-nuevo-concejo-de-cisnes","status":"publish","type":"post","link":"https:\/\/radiorevelacionfm.cl\/?p=5833","title":{"rendered":"Alcalde Roncagliolo busca desarrollar un trabajo mancomunado con Gobernadora Regional y nuevo Concejo de Cisnes"},"content":{"rendered":"<div class=\"flex_column av_one_full  flex_column_div av-zero-column-padding first  avia-builder-el-0  el_before_av_one_full  avia-builder-el-first  \" style='border-radius:0px; '><div  class='avia-image-container  av-styling-    avia-builder-el-1  avia-builder-el-no-sibling  avia-align-center '  itemprop=\"image\" itemscope=\"itemscope\" itemtype=\"https:\/\/schema.org\/ImageObject\"  ><div class='avia-image-container-inner'><div class='avia-image-overlay-wrap'><img decoding=\"async\" class='wp-image-5834 avia-img-lazy-loading-not-5834 avia_image' src=\"https:\/\/radiorevelacionfm.cl\/wp-content\/uploads\/2021\/07\/CISNES-3-1.jpg\" alt='' title='CISNES 3 (1)' height=\"600\" width=\"900\"  itemprop=\"thumbnailUrl\" srcset=\"https:\/\/radiorevelacionfm.cl\/wp-content\/uploads\/2021\/07\/CISNES-3-1.jpg 900w, https:\/\/radiorevelacionfm.cl\/wp-content\/uploads\/2021\/07\/CISNES-3-1-300x200.jpg 300w, https:\/\/radiorevelacionfm.cl\/wp-content\/uploads\/2021\/07\/CISNES-3-1-768x512.jpg 768w, https:\/\/radiorevelacionfm.cl\/wp-content\/uploads\/2021\/07\/CISNES-3-1-705x470.jpg 705w, https:\/\/radiorevelacionfm.cl\/wp-content\/uploads\/2021\/07\/CISNES-3-1-600x400.jpg 600w\" sizes=\"(max-width: 900px) 100vw, 900px\" \/><\/div><\/div><\/div><\/div><div class=\"flex_column av_one_full  flex_column_div av-zero-column-padding first  avia-builder-el-2  el_after_av_one_full  el_before_av_one_full  column-top-margin\" style='border-radius:0px; '><section class=\"av_textblock_section \"  itemscope=\"itemscope\" itemtype=\"https:\/\/schema.org\/BlogPosting\" itemprop=\"blogPost\" ><div class='avia_textblock  '   itemprop=\"text\" ><p style=\"text-align: center;\"><span style=\"font-size: 18pt;\"><strong>Alcalde Roncagliolo busca desarrollar un trabajo mancomunado con Gobernadora Regional y nuevo Concejo de Cisnes<\/strong><\/span><\/p>\n<div id=\"gtx-trans\" style=\"position: absolute; left: -50px; top: 4.31534px;\">\n<div class=\"gtx-trans-icon\"><\/div>\n<\/div>\n<\/div><\/section><\/div><div class=\"flex_column av_one_full  flex_column_div av-zero-column-padding first  avia-builder-el-4  el_after_av_one_full  el_before_av_hr  column-top-margin\" style='border-radius:0px; '><section class=\"av_textblock_section \"  itemscope=\"itemscope\" itemtype=\"https:\/\/schema.org\/BlogPosting\" itemprop=\"blogPost\" ><div class='avia_textblock  '   itemprop=\"text\" ><p style=\"text-align: justify;\">El Alcalde Francisco Roncagliolo Lepio, quiso relevar el nuevo periodo que junto al cuerpo de Concejales se inici\u00f3 esta semana, con quienes espera desarrollar una labor mancomunada en beneficio de cada uno de los y las habitantes de la comuna de Cisnes. De igual forma, extendi\u00f3 una invitaci\u00f3n abierta a la Gobernadora Regional, Andrea Mac\u00edas, a trabajar en conjunto y de manera colaborativa por el bien del territorio comunal y de toda la regi\u00f3n.<\/p>\n<p style=\"text-align: justify;\">En primera instancia, Roncagliolo, quiso agradecer la confianza de la comunidad.<\/p>\n<p style=\"text-align: justify;\">\u201cEstoy muy contento de asumir este nuevo periodo, con mucha energ\u00eda y con mucho entusiasmo para seguir trabajando por nuestros vecinos de la comuna. Quiero agradecer la confianza, agradecer tambi\u00e9n a todo el equipo de candidatos Concejales que nos estuvieron apoyando en todo este proceso. Partimos este segundo periodo, con expectativas de desarrollar distintas iniciativas dentro de nuestra comuna, continuar con el apoyo social y sobre todo en esta pandemia buscar por todos los medios posibles, generar fuentes de empleo, de emprendimiento, que permitan la reactivaci\u00f3n, que permitan contener la pandemia econ\u00f3mica que est\u00e1 afectando al resto del pa\u00eds y que nos permita sortear de la mejor forma posible el Covid en la comuna, con sus efectos para toda nuestra comunidad. Con todo el entusiasmo a seguir avanzando, a seguir trabajando, a seguir proyecto una comuna de Cisnes que ya est\u00e1 instalada en la regi\u00f3n de Ays\u00e9n\u201d.<\/p>\n<p style=\"text-align: justify;\">La autoridad de la comuna de Cisnes, destac\u00f3 adem\u00e1s el logr\u00f3 del partido pol\u00edtico que representa, ya que junto a su reelecci\u00f3n Renovaci\u00f3n Nacional obtuve tres Concejales que se integran al Concejo Municipal en este nuevo periodo.<\/p>\n<p style=\"text-align: justify;\"><strong>Gobernadora Regional <\/strong><\/p>\n<p style=\"text-align: justify;\">El Alcalde de Cisnes, Francisco Roncagliolo Lepio, tambi\u00e9n se refiri\u00f3 a la Gobernadora Regional electa, Andrea Mac\u00edas, a quien felicit\u00f3 y puso a disposici\u00f3n el trabajo coordinado en bien de la ciudadan\u00eda y particularmente de cada una de las localidades de la comuna de Cisnes.<\/p>\n<p style=\"text-align: justify;\">Uno de los temas que le gustar\u00eda seguir trabajando con la Gobernadora es, avanzar en la creaci\u00f3n de una nueva comuna que sea encabezada por La Junta.<\/p>\n<p style=\"text-align: justify;\">\u201cPor ejemplo, avanzar en los estudios de lo que es la nueva comuna de La Junta, que es un trabajo que la Gobernadora conoce muy bien, porque siendo parte de la comisi\u00f3n de regionalizaci\u00f3n, integraci\u00f3n territorial y medio ambiente, estuvo convocada con la comunidad de La Junta para ver precisamente este tremendo desaf\u00edo local. Tambi\u00e9n tenemos que ver otros temas, de ordenamiento territorial, de fortalecimiento, de programas que tenemos establecidos dentro de la comuna, como por ejemplo, los planes marcos de desarrollo territorial, en el que tenemos un marco de inversi\u00f3n establecido para el litoral. Tenemos uno que queremos desarrollar en la zona norte de la comuna y que permita de esa forma con las comunidades, focalizar la inversi\u00f3n dentro de nuestra comuna de Cisnes\u201d.<\/p>\n<p style=\"text-align: justify;\">El turismo, es sin lugar a dudas uno de los motores econ\u00f3micos importantes en la comuna de Cisnes y que espera el Alcalde Francisco Roncagliolo abordar con la nueva autoridad regional.<\/p>\n<p style=\"text-align: justify;\">\u201cTambi\u00e9n fortalecer otros programas de ordenamiento, como es el caso de la ZOIT, que son las zonas de inter\u00e9s tur\u00edstico, que obviamente necesitamos dar un avance y la energ\u00eda necesaria para llegar con apoyos, con beneficios, con incentivos para que el turismo se posicione definitivamente en nuestra comuna e invite a nuestros emprendedores y a todo el sector a ser parte de la reactivaci\u00f3n y ser parte del trabajo futuro que estamos llevando adelante como comuna. Tambi\u00e9n en nuestros desaf\u00edos de transformarnos en la puerta norte terrestre y mar\u00edtima de la regi\u00f3n de Ays\u00e9n, fortalecer mucho m\u00e1s el trabajo de la ciudad puerto, que en este caso tenemos Puerto Cisnes y lo que significa el desarrollo local, pero adem\u00e1s, la importancia que tiene nuestra comuna para el desarrollo de toda la regi\u00f3n de Ays\u00e9n\u201d.<\/p>\n<p style=\"text-align: justify;\">Porque la comunidad cada vez espera m\u00e1s de sus autoridades, lo importante y m\u00e1s all\u00e1 de las diferencias pol\u00edticas, que est\u00e1n y son leg\u00edtimas, lo importante es ir trabajando por el desarrollo integral de cada rinc\u00f3n de la regi\u00f3n de Ays\u00e9n y para ello es fundamental la unidad y coordinaci\u00f3n entre quienes ocupan los distintos cargos de elecci\u00f3n popular y designados. Desde ah\u00ed, la voluntad y el inter\u00e9s del Alcalde de Cisnes, Francisco Roncagliolo, en crear alianzas de trabajo en beneficio de los vecinos y vecinas del territorio.<\/p>\n<\/div><\/section><\/div><div  style='height:50px' class='hr hr-invisible   avia-builder-el-6  el_after_av_one_full  el_before_av_social_share '><span class='hr-inner ' ><span class='hr-inner-style'><\/span><\/span><\/div><\/p>\n<div  class='av-social-sharing-box  avia-builder-el-7  el_after_av_hr  el_before_av_hr  '><div class='av-share-box'><h5 class='av-share-link-description av-no-toc '>Compartir esta noticia<\/h5><ul class='av-share-box-list noLightbox'><li class='av-share-link av-social-link-facebook' ><a target=\"_blank\" aria-label=\"Compartir en Facebook\" href='https:\/\/www.facebook.com\/sharer.php?u=https:\/\/radiorevelacionfm.cl\/?p=5833&#038;t=Alcalde%20Roncagliolo%20busca%20desarrollar%20un%20trabajo%20mancomunado%20con%20Gobernadora%20Regional%20y%20nuevo%20Concejo%20de%20Cisnes' aria-hidden='false' data-av_icon='\ue8f3' data-av_iconfont='entypo-fontello' title='' data-avia-related-tooltip='Compartir en Facebook' rel=\"noopener\"><span class='avia_hidden_link_text'>Compartir en Facebook<\/span><\/a><\/li><li class='av-share-link av-social-link-twitter' ><a target=\"_blank\" aria-label=\"Compartir en Twitter\" href='https:\/\/twitter.com\/share?text=Alcalde%20Roncagliolo%20busca%20desarrollar%20un%20trabajo%20mancomunado%20con%20Gobernadora%20Regional%20y%20nuevo%20Concejo%20de%20Cisnes&#038;url=https:\/\/radiorevelacionfm.cl\/?p=5833' aria-hidden='false' data-av_icon='\ue8f1' data-av_iconfont='entypo-fontello' title='' data-avia-related-tooltip='Compartir en Twitter' rel=\"noopener\"><span class='avia_hidden_link_text'>Compartir en Twitter<\/span><\/a><\/li><li class='av-share-link av-social-link-whatsapp' ><a target=\"_blank\" aria-label=\"Compartir en Whatsapp\" href='https:\/\/api.whatsapp.com\/send?text=https:\/\/radiorevelacionfm.cl\/?p=5833' aria-hidden='false' data-av_icon='\uf232' data-av_iconfont='entypo-fontello' title='' data-avia-related-tooltip='Compartir en Whatsapp' rel=\"noopener\"><span class='avia_hidden_link_text'>Compartir en Whatsapp<\/span><\/a><\/li><li class='av-share-link av-social-link-linkedin' ><a target=\"_blank\" aria-label=\"Compartir en LinkedIn\" href='https:\/\/linkedin.com\/shareArticle?mini=true&#038;title=Alcalde%20Roncagliolo%20busca%20desarrollar%20un%20trabajo%20mancomunado%20con%20Gobernadora%20Regional%20y%20nuevo%20Concejo%20de%20Cisnes&#038;url=https:\/\/radiorevelacionfm.cl\/?p=5833' aria-hidden='false' data-av_icon='\ue8fc' data-av_iconfont='entypo-fontello' title='' data-avia-related-tooltip='Compartir en LinkedIn' rel=\"noopener\"><span class='avia_hidden_link_text'>Compartir en LinkedIn<\/span><\/a><\/li><li class='av-share-link av-social-link-mail' ><a  aria-label=\"Compartir por correo\" href='mailto:?subject=Alcalde%20Roncagliolo%20busca%20desarrollar%20un%20trabajo%20mancomunado%20con%20Gobernadora%20Regional%20y%20nuevo%20Concejo%20de%20Cisnes&#038;body=https:\/\/radiorevelacionfm.cl\/?p=5833' aria-hidden='false' data-av_icon='\ue805' data-av_iconfont='entypo-fontello' title='' data-avia-related-tooltip='Compartir por correo'><span class='avia_hidden_link_text'>Compartir por correo<\/span><\/a><\/li><\/ul><\/div><\/div>\n<div  style='height:50px' class='hr hr-invisible   avia-builder-el-8  el_after_av_social_share  el_before_av_comments_list '><span class='hr-inner ' ><span class='hr-inner-style'><\/span><\/span><\/div>\n<div  class='av-buildercomment  av-blog-meta-html-info-disabled av-blog-meta-tag-disabled  '><\/div>\n","protected":false},"excerpt":{"rendered":"","protected":false},"author":1,"featured_media":5834,"comment_status":"open","ping_status":"open","sticky":false,"template":"","format":"standard","meta":{"footnotes":""},"categories":[38],"tags":[],"class_list":["post-5833","post","type-post","status-publish","format-standard","has-post-thumbnail","hentry","category-regional"],"jetpack_featured_media_url":"https:\/\/radiorevelacionfm.cl\/wp-content\/uploads\/2021\/07\/CISNES-3-1.jpg","_links":{"self":[{"href":"https:\/\/radiorevelacionfm.cl\/index.php?rest_route=\/wp\/v2\/posts\/5833","targetHints":{"allow":["GET"]}}],"collection":[{"href":"https:\/\/radiorevelacionfm.cl\/index.php?rest_route=\/wp\/v2\/posts"}],"about":[{"href":"https:\/\/radiorevelacionfm.cl\/index.php?rest_route=\/wp\/v2\/types\/post"}],"author":[{"embeddable":true,"href":"https:\/\/radiorevelacionfm.cl\/index.php?rest_route=\/wp\/v2\/users\/1"}],"replies":[{"embeddable":true,"href":"https:\/\/radiorevelacionfm.cl\/index.php?rest_route=%2Fwp%2Fv2%2Fcomments&post=5833"}],"version-history":[{"count":1,"href":"https:\/\/radiorevelacionfm.cl\/index.php?rest_route=\/wp\/v2\/posts\/5833\/revisions"}],"predecessor-version":[{"id":5835,"href":"https:\/\/radiorevelacionfm.cl\/index.php?rest_route=\/wp\/v2\/posts\/5833\/revisions\/5835"}],"wp:featuredmedia":[{"embeddable":true,"href":"https:\/\/radiorevelacionfm.cl\/index.php?rest_route=\/wp\/v2\/media\/5834"}],"wp:attachment":[{"href":"https:\/\/radiorevelacionfm.cl\/index.php?rest_route=%2Fwp%2Fv2%2Fmedia&parent=5833"}],"wp:term":[{"taxonomy":"category","embeddable":true,"href":"https:\/\/radiorevelacionfm.cl\/index.php?rest_route=%2Fwp%2Fv2%2Fcategories&post=5833"},{"taxonomy":"post_tag","embeddable":true,"href":"https:\/\/radiorevelacionfm.cl\/index.php?rest_route=%2Fwp%2Fv2%2Ftags&post=5833"}],"curies":[{"name":"wp","href":"https:\/\/api.w.org\/{rel}","templated":true}]}}