{"id":58328,"date":"2025-08-27T10:50:43","date_gmt":"2025-08-27T13:50:43","guid":{"rendered":"https:\/\/radiorevelacionfm.cl\/?p=58328"},"modified":"2025-08-27T10:50:43","modified_gmt":"2025-08-27T13:50:43","slug":"corpaysen-y-cft-estatal-aysen-sellan-alianza-estrategica-para-impulsar-la-formacion-tecnica-y-el-desarrollo-productivo-del-litoral","status":"publish","type":"post","link":"https:\/\/radiorevelacionfm.cl\/?p=58328","title":{"rendered":"CorpAys\u00e9n y CFT Estatal Ays\u00e9n sellan alianza estrat\u00e9gica para impulsar la formaci\u00f3n t\u00e9cnica y el desarrollo productivo del litoral"},"content":{"rendered":"<div class=\"flex_column av_one_full  flex_column_div av-zero-column-padding first  avia-builder-el-0  el_before_av_one_full  avia-builder-el-first  \" style='border-radius:0px; '><div  class='avia-image-container  av-styling-    avia-builder-el-1  avia-builder-el-no-sibling  avia-align-center '  itemprop=\"image\" itemscope=\"itemscope\" itemtype=\"https:\/\/schema.org\/ImageObject\"  ><div class='avia-image-container-inner'><div class='avia-image-overlay-wrap'><img decoding=\"async\" class='wp-image-58329 avia-img-lazy-loading-not-58329 avia_image' src=\"https:\/\/radiorevelacionfm.cl\/wp-content\/uploads\/2025\/08\/IMG_1122-1-1-1.jpg\" alt='' title='IMG_1122 (1) (1) (1)' height=\"600\" width=\"800\"  itemprop=\"thumbnailUrl\" srcset=\"https:\/\/radiorevelacionfm.cl\/wp-content\/uploads\/2025\/08\/IMG_1122-1-1-1.jpg 800w, https:\/\/radiorevelacionfm.cl\/wp-content\/uploads\/2025\/08\/IMG_1122-1-1-1-300x225.jpg 300w, https:\/\/radiorevelacionfm.cl\/wp-content\/uploads\/2025\/08\/IMG_1122-1-1-1-768x576.jpg 768w, https:\/\/radiorevelacionfm.cl\/wp-content\/uploads\/2025\/08\/IMG_1122-1-1-1-705x529.jpg 705w, https:\/\/radiorevelacionfm.cl\/wp-content\/uploads\/2025\/08\/IMG_1122-1-1-1-450x338.jpg 450w, https:\/\/radiorevelacionfm.cl\/wp-content\/uploads\/2025\/08\/IMG_1122-1-1-1-600x450.jpg 600w\" sizes=\"(max-width: 800px) 100vw, 800px\" \/><\/div><\/div><\/div><\/div><div class=\"flex_column av_one_full  flex_column_div av-zero-column-padding first  avia-builder-el-2  el_after_av_one_full  el_before_av_one_full  column-top-margin\" style='border-radius:0px; '><section class=\"av_textblock_section \"  itemscope=\"itemscope\" itemtype=\"https:\/\/schema.org\/BlogPosting\" itemprop=\"blogPost\" ><div class='avia_textblock  '   itemprop=\"text\" ><p style=\"text-align: center;\"><strong><span style=\"font-size: 18pt;\">CorpAys\u00e9n y CFT Estatal Ays\u00e9n sellan alianza estrat\u00e9gica para impulsar la formaci\u00f3n t\u00e9cnica y el desarrollo productivo del litoral<\/span><\/strong><\/p>\n<div id=\"gtx-trans\" style=\"position: absolute; left: -50px; top: 4.31534px;\">\n<div class=\"gtx-trans-icon\"><\/div>\n<\/div>\n<\/div><\/section><\/div><div class=\"flex_column av_one_full  flex_column_div av-zero-column-padding first  avia-builder-el-4  el_after_av_one_full  el_before_av_hr  column-top-margin\" style='border-radius:0px; '><section class=\"av_textblock_section \"  itemscope=\"itemscope\" itemtype=\"https:\/\/schema.org\/BlogPosting\" itemprop=\"blogPost\" ><div class='avia_textblock  '   itemprop=\"text\" ><p style=\"text-align: justify;\"><em>En el marco del Mes de la Educaci\u00f3n T\u00e9cnico Profesional 2025, ambas instituciones firmaron un convenio de colaboraci\u00f3n que permitir\u00e1 articular formaci\u00f3n de capital humano, innovaci\u00f3n y empleabilidad con los sectores productivos de la Regi\u00f3n de Ays\u00e9n.<\/em><\/p>\n<p style=\"text-align: justify;\">En una ceremonia realizada en el Cowork Ecoterr\u00e1neo, la Corporaci\u00f3n de Desarrollo Productivo del Litoral de Ays\u00e9n (CORPAYS\u00c9N) y el Centro de Formaci\u00f3n T\u00e9cnica Estatal de la Regi\u00f3n de Ays\u00e9n concretaron la firma de un convenio de colaboraci\u00f3n interinstitucional que marca un nuevo cap\u00edtulo en la vinculaci\u00f3n entre el mundo acad\u00e9mico y el desarrollo territorial.<\/p>\n<p style=\"text-align: justify;\">El acuerdo busca promover acciones conjuntas orientadas a la formaci\u00f3n t\u00e9cnica especializada, la transferencia tecnol\u00f3gica, la realizaci\u00f3n de pr\u00e1cticas profesionales, la empleabilidad y la articulaci\u00f3n con sectores estrat\u00e9gicos como la acuicultura, pesca, turismo, comercio y Pymes.<\/p>\n<p style=\"text-align: justify;\"><em>\u201cHoy firmamos un convenio sumamente relevante para nuestra casa de estudios, que viene a consolidar una relaci\u00f3n virtuosa que hemos construido junto a CORPAYS\u00c9N desde sus inicios. Esta alianza nos permitir\u00e1 transitar hacia tem\u00e1ticas clave como la sustentabilidad, la innovaci\u00f3n y la transferencia tecnol\u00f3gica, abordando desaf\u00edos que son tan sensibles tanto para la academia como para las empresas y los servicios p\u00fablicos. Es un hito que se enmarca en una jornada muy significativa para nosotros, como es la conmemoraci\u00f3n del Mes de la Educaci\u00f3n T\u00e9cnico Profesional, y representa una oportunidad concreta para seguir fortaleciendo el v\u00ednculo con el territorio y generar valor para nuestros estudiantes, docentes y comunidades del litoral\u201d,<\/em> se\u00f1al\u00f3 <strong>Christophfer Contreras<\/strong>, Rector Interino del CFT Estatal de la regi\u00f3n Ays\u00e9n.<\/p>\n<p style=\"text-align: justify;\">Por su parte, el presidente de CORPAYS\u00c9N, <strong>Hern\u00e1n Rebolledo<\/strong>, destac\u00f3 la relevancia del convenio para los actores locales del ecosistema productivo:<\/p>\n<p style=\"text-align: justify;\"><em>\u201cLa firma de este convenio con el CFT Estatal de Ays\u00e9n marca un hito para la provincia y para todos nuestros socios, porque nos permite articular de manera concreta la formaci\u00f3n de capital humano, la innovaci\u00f3n productiva y la transferencia tecnol\u00f3gica con las necesidades reales de nuestra econom\u00eda local. Esta alianza fortalecer\u00e1 sectores estrat\u00e9gicos como la acuicultura, la pesca, el turismo, el comercio y las Pymes, generando m\u00e1s oportunidades para nuestros estudiantes, trabajadores y empresas. Con este paso avanzamos hacia un ecosistema regional m\u00e1s competitivo, inclusivo y sostenible, donde la educaci\u00f3n y el desarrollo productivo se unen para abrir nuevos caminos de progreso para toda la comunidad de Ays\u00e9n.\u201d<\/em><\/p>\n<p style=\"text-align: justify;\">La ceremonia se enmarca en la conmemoraci\u00f3n del <strong>Mes de la Educaci\u00f3n T\u00e9cnico Profesional 2025<\/strong> y refuerza el compromiso de ambas instituciones con una visi\u00f3n de desarrollo basada en el talento local, la descentralizaci\u00f3n del conocimiento y la creaci\u00f3n de nuevas oportunidades para las comunidades del litoral de la regi\u00f3n de Ays\u00e9n.<\/p>\n<\/div><\/section><\/div><div  style='height:50px' class='hr hr-invisible   avia-builder-el-6  el_after_av_one_full  el_before_av_social_share '><span class='hr-inner ' ><span class='hr-inner-style'><\/span><\/span><\/div><\/p>\n<div  class='av-social-sharing-box  avia-builder-el-7  el_after_av_hr  el_before_av_hr  '><div class='av-share-box'><h5 class='av-share-link-description av-no-toc '>Compartir esta noticia<\/h5><ul class='av-share-box-list noLightbox'><li class='av-share-link av-social-link-facebook' ><a target=\"_blank\" aria-label=\"Compartir en Facebook\" href='https:\/\/www.facebook.com\/sharer.php?u=https:\/\/radiorevelacionfm.cl\/?p=58328&#038;t=CorpAys%C3%A9n%20y%20CFT%20Estatal%20Ays%C3%A9n%20sellan%20alianza%20estrat%C3%A9gica%20para%20impulsar%20la%20formaci%C3%B3n%20t%C3%A9cnica%20y%20el%20desarrollo%20productivo%20del%20litoral' aria-hidden='false' data-av_icon='\ue8f3' data-av_iconfont='entypo-fontello' title='' data-avia-related-tooltip='Compartir en Facebook' rel=\"noopener\"><span class='avia_hidden_link_text'>Compartir en Facebook<\/span><\/a><\/li><li class='av-share-link av-social-link-twitter' ><a target=\"_blank\" aria-label=\"Compartir en Twitter\" href='https:\/\/twitter.com\/share?text=CorpAys%C3%A9n%20y%20CFT%20Estatal%20Ays%C3%A9n%20sellan%20alianza%20estrat%C3%A9gica%20para%20impulsar%20la%20formaci%C3%B3n%20t%C3%A9cnica%20y%20el%20desarrollo%20productivo%20del%20litoral&#038;url=https:\/\/radiorevelacionfm.cl\/?p=58328' aria-hidden='false' data-av_icon='\ue8f1' data-av_iconfont='entypo-fontello' title='' data-avia-related-tooltip='Compartir en Twitter' rel=\"noopener\"><span class='avia_hidden_link_text'>Compartir en Twitter<\/span><\/a><\/li><li class='av-share-link av-social-link-whatsapp' ><a target=\"_blank\" aria-label=\"Compartir en Whatsapp\" href='https:\/\/api.whatsapp.com\/send?text=https:\/\/radiorevelacionfm.cl\/?p=58328' aria-hidden='false' data-av_icon='\uf232' data-av_iconfont='entypo-fontello' title='' data-avia-related-tooltip='Compartir en Whatsapp' rel=\"noopener\"><span class='avia_hidden_link_text'>Compartir en Whatsapp<\/span><\/a><\/li><li class='av-share-link av-social-link-linkedin' ><a target=\"_blank\" aria-label=\"Compartir en LinkedIn\" href='https:\/\/linkedin.com\/shareArticle?mini=true&#038;title=CorpAys%C3%A9n%20y%20CFT%20Estatal%20Ays%C3%A9n%20sellan%20alianza%20estrat%C3%A9gica%20para%20impulsar%20la%20formaci%C3%B3n%20t%C3%A9cnica%20y%20el%20desarrollo%20productivo%20del%20litoral&#038;url=https:\/\/radiorevelacionfm.cl\/?p=58328' aria-hidden='false' data-av_icon='\ue8fc' data-av_iconfont='entypo-fontello' title='' data-avia-related-tooltip='Compartir en LinkedIn' rel=\"noopener\"><span class='avia_hidden_link_text'>Compartir en LinkedIn<\/span><\/a><\/li><li class='av-share-link av-social-link-mail' ><a  aria-label=\"Compartir por correo\" href='mailto:?subject=CorpAys%C3%A9n%20y%20CFT%20Estatal%20Ays%C3%A9n%20sellan%20alianza%20estrat%C3%A9gica%20para%20impulsar%20la%20formaci%C3%B3n%20t%C3%A9cnica%20y%20el%20desarrollo%20productivo%20del%20litoral&#038;body=https:\/\/radiorevelacionfm.cl\/?p=58328' aria-hidden='false' data-av_icon='\ue805' data-av_iconfont='entypo-fontello' title='' data-avia-related-tooltip='Compartir por correo'><span class='avia_hidden_link_text'>Compartir por correo<\/span><\/a><\/li><\/ul><\/div><\/div>\n<div  style='height:50px' class='hr hr-invisible   avia-builder-el-8  el_after_av_social_share  el_before_av_comments_list '><span class='hr-inner ' ><span class='hr-inner-style'><\/span><\/span><\/div>\n<div  class='av-buildercomment  av-blog-meta-html-info-disabled av-blog-meta-tag-disabled  '><\/div>\n","protected":false},"excerpt":{"rendered":"","protected":false},"author":1,"featured_media":58329,"comment_status":"closed","ping_status":"closed","sticky":false,"template":"","format":"standard","meta":{"footnotes":""},"categories":[38],"tags":[],"class_list":["post-58328","post","type-post","status-publish","format-standard","has-post-thumbnail","hentry","category-regional"],"jetpack_featured_media_url":"https:\/\/radiorevelacionfm.cl\/wp-content\/uploads\/2025\/08\/IMG_1122-1-1-1.jpg","_links":{"self":[{"href":"https:\/\/radiorevelacionfm.cl\/index.php?rest_route=\/wp\/v2\/posts\/58328","targetHints":{"allow":["GET"]}}],"collection":[{"href":"https:\/\/radiorevelacionfm.cl\/index.php?rest_route=\/wp\/v2\/posts"}],"about":[{"href":"https:\/\/radiorevelacionfm.cl\/index.php?rest_route=\/wp\/v2\/types\/post"}],"author":[{"embeddable":true,"href":"https:\/\/radiorevelacionfm.cl\/index.php?rest_route=\/wp\/v2\/users\/1"}],"replies":[{"embeddable":true,"href":"https:\/\/radiorevelacionfm.cl\/index.php?rest_route=%2Fwp%2Fv2%2Fcomments&post=58328"}],"version-history":[{"count":2,"href":"https:\/\/radiorevelacionfm.cl\/index.php?rest_route=\/wp\/v2\/posts\/58328\/revisions"}],"predecessor-version":[{"id":58336,"href":"https:\/\/radiorevelacionfm.cl\/index.php?rest_route=\/wp\/v2\/posts\/58328\/revisions\/58336"}],"wp:featuredmedia":[{"embeddable":true,"href":"https:\/\/radiorevelacionfm.cl\/index.php?rest_route=\/wp\/v2\/media\/58329"}],"wp:attachment":[{"href":"https:\/\/radiorevelacionfm.cl\/index.php?rest_route=%2Fwp%2Fv2%2Fmedia&parent=58328"}],"wp:term":[{"taxonomy":"category","embeddable":true,"href":"https:\/\/radiorevelacionfm.cl\/index.php?rest_route=%2Fwp%2Fv2%2Fcategories&post=58328"},{"taxonomy":"post_tag","embeddable":true,"href":"https:\/\/radiorevelacionfm.cl\/index.php?rest_route=%2Fwp%2Fv2%2Ftags&post=58328"}],"curies":[{"name":"wp","href":"https:\/\/api.w.org\/{rel}","templated":true}]}}