{"id":58325,"date":"2025-08-28T10:11:34","date_gmt":"2025-08-28T13:11:34","guid":{"rendered":"https:\/\/radiorevelacionfm.cl\/?p=58325"},"modified":"2025-08-28T10:11:34","modified_gmt":"2025-08-28T13:11:34","slug":"mujeres-que-inspiran-subsecretaria-releva-a-las-tecnicas-de-educacion-parvularia-en-su-dia","status":"publish","type":"post","link":"https:\/\/radiorevelacionfm.cl\/?p=58325","title":{"rendered":"Mujeres que Inspiran: Subsecretar\u00eda releva a las t\u00e9cnicas de Educaci\u00f3n Parvularia en su d\u00eda"},"content":{"rendered":"<div class=\"flex_column av_one_full  flex_column_div av-zero-column-padding first  avia-builder-el-0  el_before_av_one_full  avia-builder-el-first  \" style='border-radius:0px; '><div  class='avia-image-container  av-styling-    avia-builder-el-1  avia-builder-el-no-sibling  avia-align-center '  itemprop=\"image\" itemscope=\"itemscope\" itemtype=\"https:\/\/schema.org\/ImageObject\"  ><div class='avia-image-container-inner'><div class='avia-image-overlay-wrap'><img decoding=\"async\" class='wp-image-58326 avia-img-lazy-loading-not-58326 avia_image' src=\"https:\/\/radiorevelacionfm.cl\/wp-content\/uploads\/2025\/08\/rita-villarroel-2-1_optimized.jpg\" alt='' title='rita-villarroel-2-(1)_optimized' height=\"600\" width=\"928\"  itemprop=\"thumbnailUrl\" srcset=\"https:\/\/radiorevelacionfm.cl\/wp-content\/uploads\/2025\/08\/rita-villarroel-2-1_optimized.jpg 928w, https:\/\/radiorevelacionfm.cl\/wp-content\/uploads\/2025\/08\/rita-villarroel-2-1_optimized-300x194.jpg 300w, https:\/\/radiorevelacionfm.cl\/wp-content\/uploads\/2025\/08\/rita-villarroel-2-1_optimized-768x497.jpg 768w, https:\/\/radiorevelacionfm.cl\/wp-content\/uploads\/2025\/08\/rita-villarroel-2-1_optimized-705x456.jpg 705w, https:\/\/radiorevelacionfm.cl\/wp-content\/uploads\/2025\/08\/rita-villarroel-2-1_optimized-450x291.jpg 450w, https:\/\/radiorevelacionfm.cl\/wp-content\/uploads\/2025\/08\/rita-villarroel-2-1_optimized-600x388.jpg 600w\" sizes=\"(max-width: 928px) 100vw, 928px\" \/><\/div><\/div><\/div><\/div><div class=\"flex_column av_one_full  flex_column_div av-zero-column-padding first  avia-builder-el-2  el_after_av_one_full  el_before_av_one_full  column-top-margin\" style='border-radius:0px; '><section class=\"av_textblock_section \"  itemscope=\"itemscope\" itemtype=\"https:\/\/schema.org\/BlogPosting\" itemprop=\"blogPost\" ><div class='avia_textblock  '   itemprop=\"text\" ><p style=\"text-align: center;\"><span style=\"font-size: 18pt;\"><b><span lang=\"es-419\">Mujeres que Inspiran: Subsecretar\u00eda releva a las t\u00e9cnicas de Educaci\u00f3n Parvularia en su d\u00eda<\/span><\/b><\/span><\/p>\n<div id=\"gtx-trans\" style=\"position: absolute; left: -50px; top: 4.31534px;\">\n<div class=\"gtx-trans-icon\"><\/div>\n<\/div>\n<\/div><\/section><\/div><div class=\"flex_column av_one_full  flex_column_div av-zero-column-padding first  avia-builder-el-4  el_after_av_one_full  el_before_av_hr  column-top-margin\" style='border-radius:0px; '><section class=\"av_textblock_section \"  itemscope=\"itemscope\" itemtype=\"https:\/\/schema.org\/BlogPosting\" itemprop=\"blogPost\" ><div class='avia_textblock  '   itemprop=\"text\" ><p style=\"font-weight: 400; text-align: justify;\">En el marco de la conmemoraci\u00f3n del D\u00eda de la Educaci\u00f3n T\u00e9cnico Profesional, la Subsecretar\u00eda de Educaci\u00f3n Parvularia reconoce la labor fundamental que las t\u00e9cnicas\/os del primer nivel educativo realizan en la educaci\u00f3n y desarrollo integral de las guaguas, ni\u00f1as y ni\u00f1os.<\/p>\n<p style=\"font-weight: 400; text-align: justify;\">Durante esta jornada, la subsecretaria de Educaci\u00f3n Parvularia, Claudia Lagos Serrano, junto a la vicepresidenta ejecutiva de JUNJI, Daniela Trivi\u00f1o Millar, compartieron con la comunidad educativa del jard\u00edn infantil Fray Andresito de Recoleta. En la instancia, valoraron el rol fundamental de las t\u00e9cnicas y t\u00e9cnicos en el aprendizaje y bienestar de los p\u00e1rvulos, brindando a diario cuidado, cari\u00f1o y afecto, a trav\u00e9s de ambientes seguros y llenos de confianza para que ni\u00f1os y ni\u00f1as puedan seguir creciendo.<\/p>\n<p style=\"font-weight: 400; text-align: justify;\">Adem\u00e1s, en este contexto, se estren\u00f3 una nueva c\u00e1psula de la serie\u00a0<strong><a href=\"https:\/\/www.youtube.com\/watch?v=1vIrJl1D8LY&amp;list=PLipn4U8xMMp8HONYzBvESZ8E4DZKZfHBN&amp;index=1\" data-saferedirecturl=\"https:\/\/www.google.com\/url?q=https:\/\/www.youtube.com\/watch?v%3D1vIrJl1D8LY%26list%3DPLipn4U8xMMp8HONYzBvESZ8E4DZKZfHBN%26index%3D1&amp;source=gmail&amp;ust=1756339641337000&amp;usg=AOvVaw3Cw6LmOouedPShNRXCJwgR\">Mujeres que Inspiran en la Educaci\u00f3n Parvularia<\/a><\/strong><em>,\u00a0<\/em>que presenta la historia de Rita Villarroel, t\u00e9cnica en educaci\u00f3n parvularia del jard\u00edn infantil Mariano Puga, de Fundaci\u00f3n Integra, en la comuna de San Joaqu\u00edn.<\/p>\n<p style=\"font-weight: 400; text-align: justify;\">Rita Villarroel, que inici\u00f3 su trabajo en jardines infantiles a sus 18 a\u00f1os, ya cuenta con m\u00e1s de 25 a\u00f1os de trayectoria desempe\u00f1\u00e1ndose en el primer nivel educativo. Ella destaca la confianza y el cari\u00f1o de las familias que participan en el jard\u00edn infantil; su testimonio reafirma el compromiso de las t\u00e9cnicas\/os con brindar amor, aprendizajes y herramientas que sit\u00faan a las guaguas, ni\u00f1as y ni\u00f1os como protagonistas de sus aprendizajes y su desarrollo.<\/p>\n<p style=\"font-weight: 400; text-align: justify;\">\u201cInvitamos a las comunidades a ver estas c\u00e1psulas, con los relatos de grandes mujeres que d\u00eda a d\u00eda dejan una huella en el primer nivel educativo. Esta serie que destaca la importancia de avanzar en trayectorias educativas en igualdad, libres de sesgos y desigualdades de g\u00e9nero, en esta ocasi\u00f3n y con este testimonio, releva el valioso trabajo y compromiso de las miles de t\u00e9cnicas y t\u00e9cnicos de p\u00e1rvulos, que han sido fundamentales para la historia y el presente de la Educaci\u00f3n Parvularia en Chile\u201d, indic\u00f3 la subsecretaria de Educaci\u00f3n Parvularia, Claudia Lagos Serrano.<\/p>\n<p style=\"font-weight: 400; text-align: justify;\">La serie de c\u00e1psulas audiovisuales:\u00a0<a href=\"https:\/\/www.youtube.com\/watch?v=1vIrJl1D8LY&amp;list=PLipn4U8xMMp8HONYzBvESZ8E4DZKZfHBN&amp;index=1\" data-saferedirecturl=\"https:\/\/www.google.com\/url?q=https:\/\/www.youtube.com\/watch?v%3D1vIrJl1D8LY%26list%3DPLipn4U8xMMp8HONYzBvESZ8E4DZKZfHBN%26index%3D1&amp;source=gmail&amp;ust=1756339641337000&amp;usg=AOvVaw3Cw6LmOouedPShNRXCJwgR\"><strong>Mujeres que inspiran en la Educaci\u00f3n Parvularia<\/strong><\/a>, busca reconocer la contribuci\u00f3n de estas mujeres y, al mismo tiempo, aportar a la valoraci\u00f3n del primer nivel, como inicio de la trayectoria educativa y trascendental para el bienestar y desarrollo de las ni\u00f1as y ni\u00f1os.<\/p>\n<\/div><\/section><\/div><div  style='height:50px' class='hr hr-invisible   avia-builder-el-6  el_after_av_one_full  el_before_av_social_share '><span class='hr-inner ' ><span class='hr-inner-style'><\/span><\/span><\/div><\/p>\n<div  class='av-social-sharing-box  avia-builder-el-7  el_after_av_hr  el_before_av_hr  '><div class='av-share-box'><h5 class='av-share-link-description av-no-toc '>Compartir esta noticia<\/h5><ul class='av-share-box-list noLightbox'><li class='av-share-link av-social-link-facebook' ><a target=\"_blank\" aria-label=\"Compartir en Facebook\" href='https:\/\/www.facebook.com\/sharer.php?u=https:\/\/radiorevelacionfm.cl\/?p=58325&#038;t=Mujeres%20que%20Inspiran%3A%20Subsecretar%C3%ADa%20releva%20a%20las%20t%C3%A9cnicas%20de%20Educaci%C3%B3n%20Parvularia%20en%20su%20d%C3%ADa' aria-hidden='false' data-av_icon='\ue8f3' data-av_iconfont='entypo-fontello' title='' data-avia-related-tooltip='Compartir en Facebook' rel=\"noopener\"><span class='avia_hidden_link_text'>Compartir en Facebook<\/span><\/a><\/li><li class='av-share-link av-social-link-twitter' ><a target=\"_blank\" aria-label=\"Compartir en Twitter\" href='https:\/\/twitter.com\/share?text=Mujeres%20que%20Inspiran%3A%20Subsecretar%C3%ADa%20releva%20a%20las%20t%C3%A9cnicas%20de%20Educaci%C3%B3n%20Parvularia%20en%20su%20d%C3%ADa&#038;url=https:\/\/radiorevelacionfm.cl\/?p=58325' aria-hidden='false' data-av_icon='\ue8f1' data-av_iconfont='entypo-fontello' title='' data-avia-related-tooltip='Compartir en Twitter' rel=\"noopener\"><span class='avia_hidden_link_text'>Compartir en Twitter<\/span><\/a><\/li><li class='av-share-link av-social-link-whatsapp' ><a target=\"_blank\" aria-label=\"Compartir en Whatsapp\" href='https:\/\/api.whatsapp.com\/send?text=https:\/\/radiorevelacionfm.cl\/?p=58325' aria-hidden='false' data-av_icon='\uf232' data-av_iconfont='entypo-fontello' title='' data-avia-related-tooltip='Compartir en Whatsapp' rel=\"noopener\"><span class='avia_hidden_link_text'>Compartir en Whatsapp<\/span><\/a><\/li><li class='av-share-link av-social-link-linkedin' ><a target=\"_blank\" aria-label=\"Compartir en LinkedIn\" href='https:\/\/linkedin.com\/shareArticle?mini=true&#038;title=Mujeres%20que%20Inspiran%3A%20Subsecretar%C3%ADa%20releva%20a%20las%20t%C3%A9cnicas%20de%20Educaci%C3%B3n%20Parvularia%20en%20su%20d%C3%ADa&#038;url=https:\/\/radiorevelacionfm.cl\/?p=58325' aria-hidden='false' data-av_icon='\ue8fc' data-av_iconfont='entypo-fontello' title='' data-avia-related-tooltip='Compartir en LinkedIn' rel=\"noopener\"><span class='avia_hidden_link_text'>Compartir en LinkedIn<\/span><\/a><\/li><li class='av-share-link av-social-link-mail' ><a  aria-label=\"Compartir por correo\" href='mailto:?subject=Mujeres%20que%20Inspiran%3A%20Subsecretar%C3%ADa%20releva%20a%20las%20t%C3%A9cnicas%20de%20Educaci%C3%B3n%20Parvularia%20en%20su%20d%C3%ADa&#038;body=https:\/\/radiorevelacionfm.cl\/?p=58325' aria-hidden='false' data-av_icon='\ue805' data-av_iconfont='entypo-fontello' title='' data-avia-related-tooltip='Compartir por correo'><span class='avia_hidden_link_text'>Compartir por correo<\/span><\/a><\/li><\/ul><\/div><\/div>\n<div  style='height:50px' class='hr hr-invisible   avia-builder-el-8  el_after_av_social_share  el_before_av_comments_list '><span class='hr-inner ' ><span class='hr-inner-style'><\/span><\/span><\/div>\n<div  class='av-buildercomment  av-blog-meta-html-info-disabled av-blog-meta-tag-disabled  '><\/div>\n","protected":false},"excerpt":{"rendered":"","protected":false},"author":1,"featured_media":58326,"comment_status":"closed","ping_status":"closed","sticky":false,"template":"","format":"standard","meta":{"footnotes":""},"categories":[49],"tags":[],"class_list":["post-58325","post","type-post","status-publish","format-standard","has-post-thumbnail","hentry","category-educacion"],"jetpack_featured_media_url":"https:\/\/radiorevelacionfm.cl\/wp-content\/uploads\/2025\/08\/rita-villarroel-2-1_optimized.jpg","_links":{"self":[{"href":"https:\/\/radiorevelacionfm.cl\/index.php?rest_route=\/wp\/v2\/posts\/58325","targetHints":{"allow":["GET"]}}],"collection":[{"href":"https:\/\/radiorevelacionfm.cl\/index.php?rest_route=\/wp\/v2\/posts"}],"about":[{"href":"https:\/\/radiorevelacionfm.cl\/index.php?rest_route=\/wp\/v2\/types\/post"}],"author":[{"embeddable":true,"href":"https:\/\/radiorevelacionfm.cl\/index.php?rest_route=\/wp\/v2\/users\/1"}],"replies":[{"embeddable":true,"href":"https:\/\/radiorevelacionfm.cl\/index.php?rest_route=%2Fwp%2Fv2%2Fcomments&post=58325"}],"version-history":[{"count":2,"href":"https:\/\/radiorevelacionfm.cl\/index.php?rest_route=\/wp\/v2\/posts\/58325\/revisions"}],"predecessor-version":[{"id":58401,"href":"https:\/\/radiorevelacionfm.cl\/index.php?rest_route=\/wp\/v2\/posts\/58325\/revisions\/58401"}],"wp:featuredmedia":[{"embeddable":true,"href":"https:\/\/radiorevelacionfm.cl\/index.php?rest_route=\/wp\/v2\/media\/58326"}],"wp:attachment":[{"href":"https:\/\/radiorevelacionfm.cl\/index.php?rest_route=%2Fwp%2Fv2%2Fmedia&parent=58325"}],"wp:term":[{"taxonomy":"category","embeddable":true,"href":"https:\/\/radiorevelacionfm.cl\/index.php?rest_route=%2Fwp%2Fv2%2Fcategories&post=58325"},{"taxonomy":"post_tag","embeddable":true,"href":"https:\/\/radiorevelacionfm.cl\/index.php?rest_route=%2Fwp%2Fv2%2Ftags&post=58325"}],"curies":[{"name":"wp","href":"https:\/\/api.w.org\/{rel}","templated":true}]}}