{"id":58322,"date":"2025-08-27T10:41:38","date_gmt":"2025-08-27T13:41:38","guid":{"rendered":"https:\/\/radiorevelacionfm.cl\/?p=58322"},"modified":"2025-08-27T10:46:31","modified_gmt":"2025-08-27T13:46:31","slug":"orquesta-sinfonica-juvenil-regional-aysen-cierra-su-temporada-con-emotivo-concierto-de-gala","status":"publish","type":"post","link":"https:\/\/radiorevelacionfm.cl\/?p=58322","title":{"rendered":"Orquesta Sinf\u00f3nica Juvenil Regional Ays\u00e9n cierra su temporada con emotivo Concierto de Gala"},"content":{"rendered":"<div class=\"flex_column av_one_full  flex_column_div av-zero-column-padding first  avia-builder-el-0  el_before_av_one_full  avia-builder-el-first  \" style='border-radius:0px; '><div  class='avia-image-container  av-styling-    avia-builder-el-1  avia-builder-el-no-sibling  avia-align-center '  itemprop=\"image\" itemscope=\"itemscope\" itemtype=\"https:\/\/schema.org\/ImageObject\"  ><div class='avia-image-container-inner'><div class='avia-image-overlay-wrap'><img decoding=\"async\" class='wp-image-58323 avia-img-lazy-loading-not-58323 avia_image' src=\"https:\/\/radiorevelacionfm.cl\/wp-content\/uploads\/2025\/08\/1-4-3-2-1.jpeg\" alt='' title='1 (4) (3) (2) (1)' height=\"600\" width=\"900\"  itemprop=\"thumbnailUrl\" srcset=\"https:\/\/radiorevelacionfm.cl\/wp-content\/uploads\/2025\/08\/1-4-3-2-1.jpeg 900w, https:\/\/radiorevelacionfm.cl\/wp-content\/uploads\/2025\/08\/1-4-3-2-1-300x200.jpeg 300w, https:\/\/radiorevelacionfm.cl\/wp-content\/uploads\/2025\/08\/1-4-3-2-1-768x512.jpeg 768w, https:\/\/radiorevelacionfm.cl\/wp-content\/uploads\/2025\/08\/1-4-3-2-1-705x470.jpeg 705w, https:\/\/radiorevelacionfm.cl\/wp-content\/uploads\/2025\/08\/1-4-3-2-1-450x300.jpeg 450w, https:\/\/radiorevelacionfm.cl\/wp-content\/uploads\/2025\/08\/1-4-3-2-1-600x400.jpeg 600w\" sizes=\"(max-width: 900px) 100vw, 900px\" \/><\/div><\/div><\/div><\/div>\n<div class=\"flex_column av_one_full  flex_column_div av-zero-column-padding first  avia-builder-el-2  el_after_av_one_full  el_before_av_one_full  column-top-margin\" style='border-radius:0px; '><section class=\"av_textblock_section \"  itemscope=\"itemscope\" itemtype=\"https:\/\/schema.org\/BlogPosting\" itemprop=\"blogPost\" ><div class='avia_textblock  '   itemprop=\"text\" ><p style=\"text-align: center;\"><strong><span style=\"font-size: 18pt;\">Orquesta Sinf\u00f3nica Juvenil Regional Ays\u00e9n cierra su temporada con emotivo Concierto de Gala <\/span><\/strong><\/p>\n<div id=\"gtx-trans\" style=\"position: absolute; left: -50px; top: 4.31534px;\">\n<div class=\"gtx-trans-icon\"><\/div>\n<\/div>\n<\/div><\/section><\/div><div class=\"flex_column av_one_full  flex_column_div av-zero-column-padding first  avia-builder-el-4  el_after_av_one_full  el_before_av_hr  column-top-margin\" style='border-radius:0px; '><section class=\"av_textblock_section \"  itemscope=\"itemscope\" itemtype=\"https:\/\/schema.org\/BlogPosting\" itemprop=\"blogPost\" ><div class='avia_textblock  '   itemprop=\"text\" ><div>\n<p dir=\"ltr\" style=\"text-align: justify;\"><em>El pasado 24 de agosto, 39 m\u00fasicos en escena deleitaron al p\u00fablico con un variado e interesante\u00a0 repertorio en el Concierto de Gala, realizado en el Templo Santa Teresita bajo la direcci\u00f3n del maestro Jos\u00e9 Valdivia.<\/em><\/p>\n<p dir=\"ltr\" style=\"text-align: justify;\">Un emotivo Concierto de Gala es el que se vivi\u00f3 en Puerto Ays\u00e9n el pasado domingo 24 de agosto en el Templo Santa Teresita Ex Catedral con una masiva asistencia de p\u00fablico y autoridades encabezado por el alcalde de la comuna, Luis Mart\u00ednez, el Seremi de las Culturas, las Artes y el Patrimonio, Felipe Quiroz y la directora del \u00e1rea regional de la Fundaci\u00f3n de Orquestas Juveniles e Infantiles (FOJI), Katrina Sanguinetti, quienes se deleitaron durante una hora con los 39 m\u00fasicos en escena de la Orquesta Sinf\u00f3nica Juvenil Regional de Ays\u00e9n (OSJR).<\/p>\n<p dir=\"ltr\" style=\"text-align: justify;\">La Gala estuvo cargada de emociones, ya que 8 de sus integrantes cursan su \u00faltimo a\u00f1o en la Orquesta por lo que fueron reconocidos y aplaudidos por el p\u00fablico. A la vez uno de los m\u00fasicos m\u00e1s joven de la OSJR, Manuel Ni\u00f1o, interpret\u00f3 a sus 11 a\u00f1os el Concierto para dos Cellos en Sol Menor del compositor Antonio Vivaldi en compa\u00f1\u00eda de la chelista Monserrat Dur\u00e1n, quien a sus 17 a\u00f1os se despide al ser su \u00faltimo concierto de la mano de la Orquesta Regional.\u00a0\u201cFue emocionante\u201d\u00a0coment\u00f3 Manuel agregando que\u00a0\u201ctambi\u00e9n fue agotador practicar, pero lo compensa el momento en donde disfrut\u00e9 tocar, me cost\u00f3 mucho y lo logr\u00e9\u201d,\u00a0oriundo de Villa Ortega donde su viol\u00edn se entrelaza de forma perfecta con la naturaleza a su alrededor, para \u00e9l la m\u00fasica tiene un especial significado\u00a0\u201cpara m\u00ed la m\u00fasica es un lenguaje que va m\u00e1s all\u00e1 de las palabras, incluso m\u00e1s all\u00e1 que la met\u00e1fora porque es algo que no se puede hablar, no hay palabras, pero puede llegar muy adentro de ti\u201d.<\/p>\n<p dir=\"ltr\" style=\"text-align: justify;\">\u201cNo ven\u00edamos desde el 2022 con la orquesta, por lo que fue muy significativo estar ac\u00e1\u201d\u00a0se\u00f1al\u00f3 Katrina Sanguinetti, directora del \u00e1rea regional de la Fundaci\u00f3n de Orquestas Juveniles e Infantiles (FOJI) agregando que\u00a0\u201cver al m\u00e1s peque\u00f1o tocar un solo, a los m\u00fasicos que ya se van y tocar en esta iglesia abarrotada de p\u00fablico, fue realmente muy bueno. Ten\u00edamos el deber de tocar en Puerto Ays\u00e9n, porque tenemos becarios que son de la comuna. Fue un desaf\u00edo, pero lo logramos y estuvo muy bonito\u201d, recalc\u00f3.<\/p>\n<p dir=\"ltr\" style=\"text-align: justify;\">Como una alianza virtuosa calific\u00f3 el Seremi de las Culturas, las Artes y el Patrimonio Felipe Quiroz, la vinculaci\u00f3n con FOJI, ya que releva la formaci\u00f3n y educaci\u00f3n art\u00edstica y musical para ni\u00f1as, ni\u00f1os y adolescentes de la regi\u00f3n de Ays\u00e9n\u00a0\u201cA trav\u00e9s de este concierto de gala pudimos evidenciar este trabajo conjunto y c\u00f3mo se materializa tanto en la producci\u00f3n musical como en el acercamiento a la disciplina y el cultivar talentos, as\u00ed que estamos muy contentos del trabajo realizado y adem\u00e1s de la descentralizaci\u00f3n, ya que se hizo un concierto en Coyhaique y ac\u00e1 en Puerto Ays\u00e9n en donde se involucra a sus comunidades\u201d.<\/p>\n<p dir=\"ltr\" style=\"text-align: justify;\">Entre aplausos el p\u00fablico disfrut\u00f3 de piezas regionales de Mate Amargo y de Los Lazos, adem\u00e1s de la Danza del Sable de Aram Khachaturian, la Suite N\u00b01 Carmen de Georges Bizet, Trutruka de Mar\u00eda Luisa Sep\u00falveda, para cerrar con el mambo latino Popurr\u00ed de D\u00e1maso P\u00e9rez Prado. As\u00ed lo vivieron J\u00e9ssica, Paulina y Sayan, asistentes del concierto,\u00a0\u201cMe encant\u00f3, maravilloso y sobre todo lo diverso que fue\u201d, \u201cmuy lindo, hermoso ver a ni\u00f1os de todas las edades, fue realmente un concierto de gran nivel\u201d, \u201ces bueno incentivar la m\u00fasica a temprana edad, me pareci\u00f3 muy inspirador\u201d.<\/p>\n<p dir=\"ltr\" style=\"text-align: justify;\">Finalmente, Katrina Sanguinetti directora del \u00e1rea regional de FOJI\u00a0 hizo un sentido llamado \u201cAs\u00ed como se ven estos ni\u00f1os, ni\u00f1as y j\u00f3venes en la pr\u00e1ctica orquestal, ser\u00eda importante que todos pudiesen colaborar con el desarrollo y ense\u00f1anza musical. La ejecuci\u00f3n de estos conciertos no es f\u00e1cil, dado el volumen de recursos que requieren para materializarse, pero si juntamos voluntades para que esto ocurra, seguiremos contribuyendo a ampliar el impacto en el desarrollo integral de los ni\u00f1os, ni\u00f1as, adolescentes y j\u00f3venes de todos las regiones de nuestro pa\u00eds\u201d.<\/p>\n<\/div>\n<div>\n<p dir=\"ltr\" style=\"text-align: justify;\">Sobre FOJI<\/p>\n<p dir=\"ltr\" style=\"text-align: justify;\">La Fundaci\u00f3n Nacional de Orquestas Juveniles e Infantiles de Chile, FOJI, se dedicada a promover el desarrollo social, cultural y educacional del pa\u00eds, brindando oportunidades para que los ni\u00f1os, ni\u00f1as y j\u00f3venes de todo Chile accedan a una mejor calidad de vida a trav\u00e9s de la pr\u00e1ctica musical de sus elencos; acercando la m\u00fasica de concierto a todas las personas, sin distinci\u00f3n.<\/p>\n<p dir=\"ltr\" style=\"text-align: justify;\">Desde su modelo formativo, FOJI busca contribuir al desarrollo integral de los becados\/as mediante el fomento de la pr\u00e1ctica musical de sus elencos y ense\u00f1anza dentro de un marco de respeto y compromiso social, entregando una experiencia formativa caracterizada por ser activa y colaborativa, con acceso social y territorial, que procura las condiciones \u00f3ptimas para el logro de los objetivos formativos.<\/p>\n<p dir=\"ltr\" style=\"text-align: justify;\">FOJI cuenta con financiamiento del Ministerio de las Culturas, las Artes y el Patrimonio.<\/p>\n<p dir=\"ltr\" style=\"text-align: justify;\">M\u00e1s informaci\u00f3n en<a href=\"http:\/\/www.foji.cl\/\" target=\"_blank\" rel=\"noopener\" data-saferedirecturl=\"https:\/\/www.google.com\/url?q=http:\/\/www.foji.cl\/&amp;source=gmail&amp;ust=1756337577166000&amp;usg=AOvVaw3eneN0O5JCwx-ZPLzg8MMY\">\u00a0<\/a><a href=\"http:\/\/www.foji.cl\/\" target=\"_blank\" rel=\"noopener\" data-saferedirecturl=\"https:\/\/www.google.com\/url?q=http:\/\/www.foji.cl&amp;source=gmail&amp;ust=1756337577166000&amp;usg=AOvVaw0dfLWSgFPL03XOzJMDwjfc\">www.foji.cl<\/a><\/p>\n<\/div>\n<\/div><\/section><\/div><\/p>\n<div  style='height:50px' class='hr hr-invisible   avia-builder-el-6  el_after_av_one_full  el_before_av_social_share '><span class='hr-inner ' ><span class='hr-inner-style'><\/span><\/span><\/div>\n<div  class='av-social-sharing-box  avia-builder-el-7  el_after_av_hr  el_before_av_hr  '><div class='av-share-box'><h5 class='av-share-link-description av-no-toc '>Compartir esta noticia<\/h5><ul class='av-share-box-list noLightbox'><li class='av-share-link av-social-link-facebook' ><a target=\"_blank\" aria-label=\"Compartir en Facebook\" href='https:\/\/www.facebook.com\/sharer.php?u=https:\/\/radiorevelacionfm.cl\/?p=58322&#038;t=Orquesta%20Sinf%C3%B3nica%20Juvenil%20Regional%20Ays%C3%A9n%20cierra%20su%20temporada%20con%20emotivo%20Concierto%20de%20Gala' aria-hidden='false' data-av_icon='\ue8f3' data-av_iconfont='entypo-fontello' title='' data-avia-related-tooltip='Compartir en Facebook' rel=\"noopener\"><span class='avia_hidden_link_text'>Compartir en Facebook<\/span><\/a><\/li><li class='av-share-link av-social-link-twitter' ><a target=\"_blank\" aria-label=\"Compartir en Twitter\" href='https:\/\/twitter.com\/share?text=Orquesta%20Sinf%C3%B3nica%20Juvenil%20Regional%20Ays%C3%A9n%20cierra%20su%20temporada%20con%20emotivo%20Concierto%20de%20Gala&#038;url=https:\/\/radiorevelacionfm.cl\/?p=58322' aria-hidden='false' data-av_icon='\ue8f1' data-av_iconfont='entypo-fontello' title='' data-avia-related-tooltip='Compartir en Twitter' rel=\"noopener\"><span class='avia_hidden_link_text'>Compartir en Twitter<\/span><\/a><\/li><li class='av-share-link av-social-link-whatsapp' ><a target=\"_blank\" aria-label=\"Compartir en Whatsapp\" href='https:\/\/api.whatsapp.com\/send?text=https:\/\/radiorevelacionfm.cl\/?p=58322' aria-hidden='false' data-av_icon='\uf232' data-av_iconfont='entypo-fontello' title='' data-avia-related-tooltip='Compartir en Whatsapp' rel=\"noopener\"><span class='avia_hidden_link_text'>Compartir en Whatsapp<\/span><\/a><\/li><li class='av-share-link av-social-link-linkedin' ><a target=\"_blank\" aria-label=\"Compartir en LinkedIn\" href='https:\/\/linkedin.com\/shareArticle?mini=true&#038;title=Orquesta%20Sinf%C3%B3nica%20Juvenil%20Regional%20Ays%C3%A9n%20cierra%20su%20temporada%20con%20emotivo%20Concierto%20de%20Gala&#038;url=https:\/\/radiorevelacionfm.cl\/?p=58322' aria-hidden='false' data-av_icon='\ue8fc' data-av_iconfont='entypo-fontello' title='' data-avia-related-tooltip='Compartir en LinkedIn' rel=\"noopener\"><span class='avia_hidden_link_text'>Compartir en LinkedIn<\/span><\/a><\/li><li class='av-share-link av-social-link-mail' ><a  aria-label=\"Compartir por correo\" href='mailto:?subject=Orquesta%20Sinf%C3%B3nica%20Juvenil%20Regional%20Ays%C3%A9n%20cierra%20su%20temporada%20con%20emotivo%20Concierto%20de%20Gala&#038;body=https:\/\/radiorevelacionfm.cl\/?p=58322' aria-hidden='false' data-av_icon='\ue805' data-av_iconfont='entypo-fontello' title='' data-avia-related-tooltip='Compartir por correo'><span class='avia_hidden_link_text'>Compartir por correo<\/span><\/a><\/li><\/ul><\/div><\/div>\n<div  style='height:50px' class='hr hr-invisible   avia-builder-el-8  el_after_av_social_share  el_before_av_comments_list '><span class='hr-inner ' ><span class='hr-inner-style'><\/span><\/span><\/div>\n<div  class='av-buildercomment  av-blog-meta-html-info-disabled av-blog-meta-tag-disabled  '><\/div>\n","protected":false},"excerpt":{"rendered":"","protected":false},"author":1,"featured_media":58323,"comment_status":"closed","ping_status":"closed","sticky":false,"template":"","format":"standard","meta":{"footnotes":""},"categories":[43],"tags":[],"class_list":["post-58322","post","type-post","status-publish","format-standard","has-post-thumbnail","hentry","category-musica"],"jetpack_featured_media_url":"https:\/\/radiorevelacionfm.cl\/wp-content\/uploads\/2025\/08\/1-4-3-2-1.jpeg","_links":{"self":[{"href":"https:\/\/radiorevelacionfm.cl\/index.php?rest_route=\/wp\/v2\/posts\/58322","targetHints":{"allow":["GET"]}}],"collection":[{"href":"https:\/\/radiorevelacionfm.cl\/index.php?rest_route=\/wp\/v2\/posts"}],"about":[{"href":"https:\/\/radiorevelacionfm.cl\/index.php?rest_route=\/wp\/v2\/types\/post"}],"author":[{"embeddable":true,"href":"https:\/\/radiorevelacionfm.cl\/index.php?rest_route=\/wp\/v2\/users\/1"}],"replies":[{"embeddable":true,"href":"https:\/\/radiorevelacionfm.cl\/index.php?rest_route=%2Fwp%2Fv2%2Fcomments&post=58322"}],"version-history":[{"count":3,"href":"https:\/\/radiorevelacionfm.cl\/index.php?rest_route=\/wp\/v2\/posts\/58322\/revisions"}],"predecessor-version":[{"id":58334,"href":"https:\/\/radiorevelacionfm.cl\/index.php?rest_route=\/wp\/v2\/posts\/58322\/revisions\/58334"}],"wp:featuredmedia":[{"embeddable":true,"href":"https:\/\/radiorevelacionfm.cl\/index.php?rest_route=\/wp\/v2\/media\/58323"}],"wp:attachment":[{"href":"https:\/\/radiorevelacionfm.cl\/index.php?rest_route=%2Fwp%2Fv2%2Fmedia&parent=58322"}],"wp:term":[{"taxonomy":"category","embeddable":true,"href":"https:\/\/radiorevelacionfm.cl\/index.php?rest_route=%2Fwp%2Fv2%2Fcategories&post=58322"},{"taxonomy":"post_tag","embeddable":true,"href":"https:\/\/radiorevelacionfm.cl\/index.php?rest_route=%2Fwp%2Fv2%2Ftags&post=58322"}],"curies":[{"name":"wp","href":"https:\/\/api.w.org\/{rel}","templated":true}]}}