{"id":58320,"date":"2025-08-27T23:03:08","date_gmt":"2025-08-28T02:03:08","guid":{"rendered":"https:\/\/radiorevelacionfm.cl\/?p=58320"},"modified":"2025-08-27T23:03:08","modified_gmt":"2025-08-28T02:03:08","slug":"diputada-raphael-emplaza-al-gobierno-a-dejar-las-excusas-tecnicas-y-dar-soluciones-al-alza-de-las-tarifas-electricas","status":"publish","type":"post","link":"https:\/\/radiorevelacionfm.cl\/?p=58320","title":{"rendered":"Diputada Raphael emplaza al gobierno a dejar las excusas t\u00e9cnicas y dar soluciones al alza de las tarifas el\u00e9ctricas"},"content":{"rendered":"<div class=\"flex_column av_one_full  flex_column_div av-zero-column-padding first  avia-builder-el-0  el_before_av_one_full  avia-builder-el-first  \" style='border-radius:0px; '><div  class='avia-image-container  av-styling-    avia-builder-el-1  avia-builder-el-no-sibling  avia-align-center '  itemprop=\"image\" itemscope=\"itemscope\" itemtype=\"https:\/\/schema.org\/ImageObject\"  ><div class='avia-image-container-inner'><div class='avia-image-overlay-wrap'><img decoding=\"async\" class='wp-image-56626 avia-img-lazy-loading-not-56626 avia_image' src=\"https:\/\/radiorevelacionfm.cl\/wp-content\/uploads\/2025\/07\/foto-con-ministro-pardow-1_optimized.jpeg\" alt='' title='foto-con-ministro-pardow-(1)_optimized' height=\"600\" width=\"800\"  itemprop=\"thumbnailUrl\" srcset=\"https:\/\/radiorevelacionfm.cl\/wp-content\/uploads\/2025\/07\/foto-con-ministro-pardow-1_optimized.jpeg 800w, https:\/\/radiorevelacionfm.cl\/wp-content\/uploads\/2025\/07\/foto-con-ministro-pardow-1_optimized-300x225.jpeg 300w, https:\/\/radiorevelacionfm.cl\/wp-content\/uploads\/2025\/07\/foto-con-ministro-pardow-1_optimized-768x576.jpeg 768w, https:\/\/radiorevelacionfm.cl\/wp-content\/uploads\/2025\/07\/foto-con-ministro-pardow-1_optimized-705x529.jpeg 705w, https:\/\/radiorevelacionfm.cl\/wp-content\/uploads\/2025\/07\/foto-con-ministro-pardow-1_optimized-450x338.jpeg 450w, https:\/\/radiorevelacionfm.cl\/wp-content\/uploads\/2025\/07\/foto-con-ministro-pardow-1_optimized-600x450.jpeg 600w\" sizes=\"(max-width: 800px) 100vw, 800px\" \/><\/div><\/div><\/div><\/div><div class=\"flex_column av_one_full  flex_column_div av-zero-column-padding first  avia-builder-el-2  el_after_av_one_full  el_before_av_one_full  column-top-margin\" style='border-radius:0px; '><section class=\"av_textblock_section \"  itemscope=\"itemscope\" itemtype=\"https:\/\/schema.org\/BlogPosting\" itemprop=\"blogPost\" ><div class='avia_textblock  '   itemprop=\"text\" ><p style=\"text-align: center;\"><span style=\"font-size: 18pt;\"><b>Diputada Raphael emplaza al gobierno a dejar las excusas t\u00e9cnicas y dar soluciones al alza de las tarifas el\u00e9ctricas<\/b><\/span><\/p>\n<div id=\"gtx-trans\" style=\"position: absolute; left: -50px; top: 4.31534px;\">\n<div class=\"gtx-trans-icon\"><\/div>\n<\/div>\n<\/div><\/section><\/div><div class=\"flex_column av_one_full  flex_column_div av-zero-column-padding first  avia-builder-el-4  el_after_av_one_full  el_before_av_hr  column-top-margin\" style='border-radius:0px; '><section class=\"av_textblock_section \"  itemscope=\"itemscope\" itemtype=\"https:\/\/schema.org\/BlogPosting\" itemprop=\"blogPost\" ><div class='avia_textblock  '   itemprop=\"text\" ><p style=\"font-weight: 400; text-align: justify;\"><em>La representante de Ays\u00e9n en la C\u00e1mara de Diputados emiti\u00f3 un ofici\u00f3 al ministro de Energ\u00eda solicitando priorizar esta situaci\u00f3n dado que en la regi\u00f3n las cuentas de la luz est\u00e1n siendo impagables para las familias.<\/em><\/p>\n<p style=\"font-weight: 400; text-align: justify;\">La diputada de Renovaci\u00f3n Nacional, Marcia Raphael Mora, abord\u00f3 con preocupaci\u00f3n\u00a0el sostenido incremento en las cuentas de la luz que, seg\u00fan cifras del INE, ya supera el 70% en un a\u00f1o.\u00a0La legisladora emplaz\u00f3 al ministro de Energ\u00eda, Diego Pardow, por\u00a0no tomar medidas efectivas frente a una situaci\u00f3n que golpea con fuerza a las familias de la regi\u00f3n\u00a0e inst\u00f3 a la autoridad a\u00a0revisar la implementaci\u00f3n de la ley de estabilizaci\u00f3n tarifaria.<\/p>\n<p style=\"font-weight: 400; text-align: justify;\">Un reciente informe de la Fundaci\u00f3n Energ\u00eda Para Todos revel\u00f3 que la\u00a0disminuci\u00f3n en el consumo de electricidad refleja que las familias han tenido que limitar su gasto, lo que ha tenido un impacto negativo en su calidad de vida. Adem\u00e1s, muchas han optado por retornar de\u00a0la\u00a0electricidad a\u00a0la\u00a0le\u00f1a\u00a0u otro combustible para calefaccionar sus hogares. Por otro lado,\u00a0sostiene el estudio que\u00a0las alzas en las tarifas el\u00e9ctricas derivan de la ley de estabilizaci\u00f3n tarifaria, sin que se hayan\u00a0evaluado\u00a0los efectos que esta medida ha tenido en la poblaci\u00f3n.<\/p>\n<p style=\"font-weight: 400; text-align: justify;\">En esa l\u00ednea,\u00a0la diputada Marcia Raphael, advirti\u00f3 que el impacto en nuestra regi\u00f3n\u00a0es a\u00fan m\u00e1s grave por las condiciones clim\u00e1ticas que enfrentamos. \u201cEste informe revela un impacto significativo en la calidad de vida de las familias que se ven obligadas a restringir su consumo de energ\u00eda debido a las crecientes alzas de las tarifas el\u00e9ctricas que en Ays\u00e9n llegan incluso al 70% en pleno invierno.\u00a0Y desde el gobierno a trav\u00e9s del ministro, Diego Pardow s\u00f3lo tenemos excusas t\u00e9cnicas y no propuestas que entreguen soluciones en el corto plazo\u201d.<\/p>\n<p style=\"font-weight: 400; text-align: justify;\">\u201cEn nuestra regi\u00f3n, sabemos son muchas las familias que se est\u00e1n viendo afectadas porque las cuentas son impagables, y por otro lado, la gente\u00a0est\u00e1 optando por retornar al uso de la le\u00f1a como principal alternativa de calefacci\u00f3n y como consecuencia se est\u00e1n marcando niveles de contaminaci\u00f3n de material particulado 2,5 tan alto que nos mantienen entre las\u00a0ciudades m\u00e1s contaminadas del mundo\u201d, recalc\u00f3 la congresista.<\/p>\n<p style=\"font-weight: 400; text-align: justify;\">Finalmente, Raphael a\u00f1adi\u00f3 que se requiere evaluar la aplicaci\u00f3n de la ley vigente. \u201cEmplazamos al gobierno a que realice una evaluaci\u00f3n a fondo de los efectos de la implementaci\u00f3n de la ley de estabilizaci\u00f3n tarifaria, especialmente en nuestra regi\u00f3n, donde las condiciones clim\u00e1ticas extremas hacen que el suministro de energ\u00eda sea crucial para la vida cotidiana durante gran parte del a\u00f1o. Nos urge alcanzar soluciones que permitan un acceso a la energ\u00eda el\u00e9ctrica a precios razonables y justos con la realidad de las regiones\u201d, concluy\u00f3.<\/p>\n<\/div><\/section><\/div><div  style='height:50px' class='hr hr-invisible   avia-builder-el-6  el_after_av_one_full  el_before_av_social_share '><span class='hr-inner ' ><span class='hr-inner-style'><\/span><\/span><\/div><\/p>\n<div  class='av-social-sharing-box  avia-builder-el-7  el_after_av_hr  el_before_av_hr  '><div class='av-share-box'><h5 class='av-share-link-description av-no-toc '>Compartir esta noticia<\/h5><ul class='av-share-box-list noLightbox'><li class='av-share-link av-social-link-facebook' ><a target=\"_blank\" aria-label=\"Compartir en Facebook\" href='https:\/\/www.facebook.com\/sharer.php?u=https:\/\/radiorevelacionfm.cl\/?p=58320&#038;t=Diputada%20Raphael%20emplaza%20al%20gobierno%20a%20dejar%20las%20excusas%20t%C3%A9cnicas%20y%20dar%20soluciones%20al%20alza%20de%20las%20tarifas%20el%C3%A9ctricas' aria-hidden='false' data-av_icon='\ue8f3' data-av_iconfont='entypo-fontello' title='' data-avia-related-tooltip='Compartir en Facebook' rel=\"noopener\"><span class='avia_hidden_link_text'>Compartir en Facebook<\/span><\/a><\/li><li class='av-share-link av-social-link-twitter' ><a target=\"_blank\" aria-label=\"Compartir en Twitter\" href='https:\/\/twitter.com\/share?text=Diputada%20Raphael%20emplaza%20al%20gobierno%20a%20dejar%20las%20excusas%20t%C3%A9cnicas%20y%20dar%20soluciones%20al%20alza%20de%20las%20tarifas%20el%C3%A9ctricas&#038;url=https:\/\/radiorevelacionfm.cl\/?p=58320' aria-hidden='false' data-av_icon='\ue8f1' data-av_iconfont='entypo-fontello' title='' data-avia-related-tooltip='Compartir en Twitter' rel=\"noopener\"><span class='avia_hidden_link_text'>Compartir en Twitter<\/span><\/a><\/li><li class='av-share-link av-social-link-whatsapp' ><a target=\"_blank\" aria-label=\"Compartir en Whatsapp\" href='https:\/\/api.whatsapp.com\/send?text=https:\/\/radiorevelacionfm.cl\/?p=58320' aria-hidden='false' data-av_icon='\uf232' data-av_iconfont='entypo-fontello' title='' data-avia-related-tooltip='Compartir en Whatsapp' rel=\"noopener\"><span class='avia_hidden_link_text'>Compartir en Whatsapp<\/span><\/a><\/li><li class='av-share-link av-social-link-linkedin' ><a target=\"_blank\" aria-label=\"Compartir en LinkedIn\" href='https:\/\/linkedin.com\/shareArticle?mini=true&#038;title=Diputada%20Raphael%20emplaza%20al%20gobierno%20a%20dejar%20las%20excusas%20t%C3%A9cnicas%20y%20dar%20soluciones%20al%20alza%20de%20las%20tarifas%20el%C3%A9ctricas&#038;url=https:\/\/radiorevelacionfm.cl\/?p=58320' aria-hidden='false' data-av_icon='\ue8fc' data-av_iconfont='entypo-fontello' title='' data-avia-related-tooltip='Compartir en LinkedIn' rel=\"noopener\"><span class='avia_hidden_link_text'>Compartir en LinkedIn<\/span><\/a><\/li><li class='av-share-link av-social-link-mail' ><a  aria-label=\"Compartir por correo\" href='mailto:?subject=Diputada%20Raphael%20emplaza%20al%20gobierno%20a%20dejar%20las%20excusas%20t%C3%A9cnicas%20y%20dar%20soluciones%20al%20alza%20de%20las%20tarifas%20el%C3%A9ctricas&#038;body=https:\/\/radiorevelacionfm.cl\/?p=58320' aria-hidden='false' data-av_icon='\ue805' data-av_iconfont='entypo-fontello' title='' data-avia-related-tooltip='Compartir por correo'><span class='avia_hidden_link_text'>Compartir por correo<\/span><\/a><\/li><\/ul><\/div><\/div>\n<div  style='height:50px' class='hr hr-invisible   avia-builder-el-8  el_after_av_social_share  el_before_av_comments_list '><span class='hr-inner ' ><span class='hr-inner-style'><\/span><\/span><\/div>\n<div  class='av-buildercomment  av-blog-meta-html-info-disabled av-blog-meta-tag-disabled  '><\/div>\n","protected":false},"excerpt":{"rendered":"","protected":false},"author":1,"featured_media":56626,"comment_status":"closed","ping_status":"closed","sticky":false,"template":"","format":"standard","meta":{"footnotes":""},"categories":[35],"tags":[],"class_list":["post-58320","post","type-post","status-publish","format-standard","has-post-thumbnail","hentry","category-politica"],"jetpack_featured_media_url":"https:\/\/radiorevelacionfm.cl\/wp-content\/uploads\/2025\/07\/foto-con-ministro-pardow-1_optimized.jpeg","_links":{"self":[{"href":"https:\/\/radiorevelacionfm.cl\/index.php?rest_route=\/wp\/v2\/posts\/58320","targetHints":{"allow":["GET"]}}],"collection":[{"href":"https:\/\/radiorevelacionfm.cl\/index.php?rest_route=\/wp\/v2\/posts"}],"about":[{"href":"https:\/\/radiorevelacionfm.cl\/index.php?rest_route=\/wp\/v2\/types\/post"}],"author":[{"embeddable":true,"href":"https:\/\/radiorevelacionfm.cl\/index.php?rest_route=\/wp\/v2\/users\/1"}],"replies":[{"embeddable":true,"href":"https:\/\/radiorevelacionfm.cl\/index.php?rest_route=%2Fwp%2Fv2%2Fcomments&post=58320"}],"version-history":[{"count":2,"href":"https:\/\/radiorevelacionfm.cl\/index.php?rest_route=\/wp\/v2\/posts\/58320\/revisions"}],"predecessor-version":[{"id":58400,"href":"https:\/\/radiorevelacionfm.cl\/index.php?rest_route=\/wp\/v2\/posts\/58320\/revisions\/58400"}],"wp:featuredmedia":[{"embeddable":true,"href":"https:\/\/radiorevelacionfm.cl\/index.php?rest_route=\/wp\/v2\/media\/56626"}],"wp:attachment":[{"href":"https:\/\/radiorevelacionfm.cl\/index.php?rest_route=%2Fwp%2Fv2%2Fmedia&parent=58320"}],"wp:term":[{"taxonomy":"category","embeddable":true,"href":"https:\/\/radiorevelacionfm.cl\/index.php?rest_route=%2Fwp%2Fv2%2Fcategories&post=58320"},{"taxonomy":"post_tag","embeddable":true,"href":"https:\/\/radiorevelacionfm.cl\/index.php?rest_route=%2Fwp%2Fv2%2Ftags&post=58320"}],"curies":[{"name":"wp","href":"https:\/\/api.w.org\/{rel}","templated":true}]}}