{"id":58313,"date":"2025-08-26T19:32:13","date_gmt":"2025-08-26T22:32:13","guid":{"rendered":"https:\/\/radiorevelacionfm.cl\/?p=58313"},"modified":"2025-08-26T19:36:38","modified_gmt":"2025-08-26T22:36:38","slug":"chile-vamos-aysen-emplaza-al-gobierno-a-explicar-designacion-de-nueva-seremi-de-energia-acusando-falta-de-acuciosidad-en-nombramiento","status":"publish","type":"post","link":"https:\/\/radiorevelacionfm.cl\/?p=58313","title":{"rendered":"Chile Vamos Ays\u00e9n emplaza al Gobierno a explicar designaci\u00f3n de nueva Seremi de Energ\u00eda acusando falta de acuciosidad en nombramiento"},"content":{"rendered":"<div class=\"flex_column av_one_full  flex_column_div av-zero-column-padding first  avia-builder-el-0  el_before_av_one_full  avia-builder-el-first  \" style='border-radius:0px; '><div  class='avia-image-container  av-styling-    avia-builder-el-1  avia-builder-el-no-sibling  avia-align-center '  itemprop=\"image\" itemscope=\"itemscope\" itemtype=\"https:\/\/schema.org\/ImageObject\"  ><div class='avia-image-container-inner'><div class='avia-image-overlay-wrap'><img decoding=\"async\" class='wp-image-58314 avia-img-lazy-loading-not-58314 avia_image' src=\"https:\/\/radiorevelacionfm.cl\/wp-content\/uploads\/2025\/08\/Foto-presidentes-chile-vamos-Aysen-26.08.2025-1.jpg\" alt='' title='Foto presidentes chile vamos Ays\u00e9n 26.08.2025 (1)' height=\"640\" width=\"802\"  itemprop=\"thumbnailUrl\" srcset=\"https:\/\/radiorevelacionfm.cl\/wp-content\/uploads\/2025\/08\/Foto-presidentes-chile-vamos-Aysen-26.08.2025-1.jpg 802w, https:\/\/radiorevelacionfm.cl\/wp-content\/uploads\/2025\/08\/Foto-presidentes-chile-vamos-Aysen-26.08.2025-1-300x239.jpg 300w, https:\/\/radiorevelacionfm.cl\/wp-content\/uploads\/2025\/08\/Foto-presidentes-chile-vamos-Aysen-26.08.2025-1-768x613.jpg 768w, https:\/\/radiorevelacionfm.cl\/wp-content\/uploads\/2025\/08\/Foto-presidentes-chile-vamos-Aysen-26.08.2025-1-705x563.jpg 705w, https:\/\/radiorevelacionfm.cl\/wp-content\/uploads\/2025\/08\/Foto-presidentes-chile-vamos-Aysen-26.08.2025-1-450x359.jpg 450w, https:\/\/radiorevelacionfm.cl\/wp-content\/uploads\/2025\/08\/Foto-presidentes-chile-vamos-Aysen-26.08.2025-1-600x479.jpg 600w\" sizes=\"(max-width: 802px) 100vw, 802px\" \/><\/div><\/div><\/div><\/div>\n<div class=\"flex_column av_one_full  flex_column_div av-zero-column-padding first  avia-builder-el-2  el_after_av_one_full  el_before_av_one_full  column-top-margin\" style='border-radius:0px; '><section class=\"av_textblock_section \"  itemscope=\"itemscope\" itemtype=\"https:\/\/schema.org\/BlogPosting\" itemprop=\"blogPost\" ><div class='avia_textblock  '   itemprop=\"text\" ><p style=\"text-align: center;\"><span style=\"font-size: 18pt;\"><strong>Chile Vamos Ays\u00e9n emplaza al Gobierno a explicar designaci\u00f3n de nueva Seremi de Energ\u00eda acusando falta de acuciosidad en nombramiento <\/strong><\/span><\/p>\n<div id=\"gtx-trans\" style=\"position: absolute; left: -50px; top: 4.31534px;\">\n<div class=\"gtx-trans-icon\"><\/div>\n<\/div>\n<\/div><\/section><\/div><div class=\"flex_column av_one_full  flex_column_div av-zero-column-padding first  avia-builder-el-4  el_after_av_one_full  el_before_av_hr  column-top-margin\" style='border-radius:0px; '><section class=\"av_textblock_section \"  itemscope=\"itemscope\" itemtype=\"https:\/\/schema.org\/BlogPosting\" itemprop=\"blogPost\" ><div class='avia_textblock  '   itemprop=\"text\" ><p style=\"text-align: justify;\"><em>Esto, ante antiguas publicaciones realizadas en redes sociales por Sandra Maldonado en contra del hoy fallecido ex presidente Sebasti\u00e1n Pi\u00f1era.\u00a0\u00a0<\/em><\/p>\n<p style=\"text-align: justify;\">Los presidentes en Ays\u00e9n de la Uni\u00f3n Dem\u00f3crata Independiente (UDI), Andrea Ponce; de Renovacion Nacional (RN), Raul Rudolphi; y de EVOPOLI, Miguel Beltran, cuestionaron el reciente nombramiento de la seremi de Energ\u00eda, Sandra Maldonado, por antiguas publicaciones realizadas en redes sociales en contra del hoy fallecido ex presidente Sebasti\u00e1n Pi\u00f1era.<\/p>\n<p style=\"text-align: justify;\">En ese sentido, los dirigentes acusaron falta de acuciosidad en la designaci\u00f3n que realiz\u00f3 el Ejecutivo regional, algo en lo que enfatiz\u00f3 la presidenta de la Udi Ays\u00e9n, Andrea Ponce. \u201cDefinitivamente este Gobierno no se preocupa de elegir bien a sus representantes\u201d, agregando que esta designaci\u00f3n es absolutamente cuestionable, pues no cuenta con las competencias t\u00e9cnicas para el cargo\u201d, se\u00f1al\u00f3.<\/p>\n<p style=\"text-align: justify;\">Pero lo m\u00e1s grave, puntualiz\u00f3, es que se designa en el cargo \u201ca una persona que hace todo tipo de referencias groseras y malintencionadas sobre la figura del ex presidente Sebasti\u00e1n Pi\u00f1era, demostrando que no tiene las condiciones para argumentar pol\u00edticamente y con respeto, que es lo m\u00ednimo que se le puede pedir a un secretario regional ministerial\u201d.<\/p>\n<p style=\"text-align: justify;\">Por lo mismo, el presidente de RN en la regi\u00f3n, Raul Rudolphi, llam\u00f3 al delegado Presidencial Regional, Jorge D\u00edaz Guzm\u00e1n, a procurar que la designaci\u00f3n de cargos pol\u00edticos se haga con la debida idoneidad t\u00e9cnica. \u201cJunto a lo anterior la invitaci\u00f3n es sumarse a la condena de todo tipo de violencia pol\u00edtica, los dichos -de la hoy Seremi de Energ\u00eda- respecto del Expresidente Pi\u00f1era, no contribuyen en nada, m\u00e1s bien colisionan, con este objetivo que debe ser una m\u00e1xima para quienes abrazamos los valores de la democracia\u201d, asegur\u00f3.<\/p>\n<p style=\"text-align: justify;\">Por su parte, el presidente de EVOPOLI, Miguel Beltr\u00e1n, critic\u00f3 duramente la designaci\u00f3n de Maldonado como titular de Energ\u00eda en Ays\u00e9n por sus dichos contra el ex presidente Pi\u00f1era, se\u00f1alando que el presidente Gabriel Boric no cumpli\u00f3 lo que prometi\u00f3 a Chile. \u201cLa violencia siempre debe ser condenada, venga de donde venga\u201d, indic\u00f3.<\/p>\n<p style=\"text-align: justify;\">\u00a0Beltran dijo que hoy Chile \u201csufre en salud, educaci\u00f3n, vivienda, trabajo\u201d, lamentando la situaci\u00f3n de las Pymes, as\u00ed como record\u00f3 los casos de corrupci\u00f3n ocurridos en el pa\u00eds en los \u00faltimos a\u00f1os. \u201cEsperamos que pasen los d\u00edas y Chile pueda volver a crecer, que se vuelva a <em>\u00abhacer la pega\u201d.<\/em> Y esperamos que prime la cordura y el respeto\u201d, concluy\u00f3.<\/p>\n<\/div><\/section><\/div><\/p>\n<div  style='height:50px' class='hr hr-invisible   avia-builder-el-6  el_after_av_one_full  el_before_av_social_share '><span class='hr-inner ' ><span class='hr-inner-style'><\/span><\/span><\/div>\n<div  class='av-social-sharing-box  avia-builder-el-7  el_after_av_hr  el_before_av_hr  '><div class='av-share-box'><h5 class='av-share-link-description av-no-toc '>Compartir esta noticia<\/h5><ul class='av-share-box-list noLightbox'><li class='av-share-link av-social-link-facebook' ><a target=\"_blank\" aria-label=\"Compartir en Facebook\" href='https:\/\/www.facebook.com\/sharer.php?u=https:\/\/radiorevelacionfm.cl\/?p=58313&#038;t=Chile%20Vamos%20Ays%C3%A9n%20emplaza%20al%20Gobierno%20a%20explicar%20designaci%C3%B3n%20de%20nueva%20Seremi%20de%20Energ%C3%ADa%20acusando%20falta%20de%20acuciosidad%20en%20nombramiento' aria-hidden='false' data-av_icon='\ue8f3' data-av_iconfont='entypo-fontello' title='' data-avia-related-tooltip='Compartir en Facebook' rel=\"noopener\"><span class='avia_hidden_link_text'>Compartir en Facebook<\/span><\/a><\/li><li class='av-share-link av-social-link-twitter' ><a target=\"_blank\" aria-label=\"Compartir en Twitter\" href='https:\/\/twitter.com\/share?text=Chile%20Vamos%20Ays%C3%A9n%20emplaza%20al%20Gobierno%20a%20explicar%20designaci%C3%B3n%20de%20nueva%20Seremi%20de%20Energ%C3%ADa%20acusando%20falta%20de%20acuciosidad%20en%20nombramiento&#038;url=https:\/\/radiorevelacionfm.cl\/?p=58313' aria-hidden='false' data-av_icon='\ue8f1' data-av_iconfont='entypo-fontello' title='' data-avia-related-tooltip='Compartir en Twitter' rel=\"noopener\"><span class='avia_hidden_link_text'>Compartir en Twitter<\/span><\/a><\/li><li class='av-share-link av-social-link-whatsapp' ><a target=\"_blank\" aria-label=\"Compartir en Whatsapp\" href='https:\/\/api.whatsapp.com\/send?text=https:\/\/radiorevelacionfm.cl\/?p=58313' aria-hidden='false' data-av_icon='\uf232' data-av_iconfont='entypo-fontello' title='' data-avia-related-tooltip='Compartir en Whatsapp' rel=\"noopener\"><span class='avia_hidden_link_text'>Compartir en Whatsapp<\/span><\/a><\/li><li class='av-share-link av-social-link-linkedin' ><a target=\"_blank\" aria-label=\"Compartir en LinkedIn\" href='https:\/\/linkedin.com\/shareArticle?mini=true&#038;title=Chile%20Vamos%20Ays%C3%A9n%20emplaza%20al%20Gobierno%20a%20explicar%20designaci%C3%B3n%20de%20nueva%20Seremi%20de%20Energ%C3%ADa%20acusando%20falta%20de%20acuciosidad%20en%20nombramiento&#038;url=https:\/\/radiorevelacionfm.cl\/?p=58313' aria-hidden='false' data-av_icon='\ue8fc' data-av_iconfont='entypo-fontello' title='' data-avia-related-tooltip='Compartir en LinkedIn' rel=\"noopener\"><span class='avia_hidden_link_text'>Compartir en LinkedIn<\/span><\/a><\/li><li class='av-share-link av-social-link-mail' ><a  aria-label=\"Compartir por correo\" href='mailto:?subject=Chile%20Vamos%20Ays%C3%A9n%20emplaza%20al%20Gobierno%20a%20explicar%20designaci%C3%B3n%20de%20nueva%20Seremi%20de%20Energ%C3%ADa%20acusando%20falta%20de%20acuciosidad%20en%20nombramiento&#038;body=https:\/\/radiorevelacionfm.cl\/?p=58313' aria-hidden='false' data-av_icon='\ue805' data-av_iconfont='entypo-fontello' title='' data-avia-related-tooltip='Compartir por correo'><span class='avia_hidden_link_text'>Compartir por correo<\/span><\/a><\/li><\/ul><\/div><\/div>\n<div  style='height:50px' class='hr hr-invisible   avia-builder-el-8  el_after_av_social_share  el_before_av_comments_list '><span class='hr-inner ' ><span class='hr-inner-style'><\/span><\/span><\/div>\n<div  class='av-buildercomment  av-blog-meta-html-info-disabled av-blog-meta-tag-disabled  '><\/div>\n","protected":false},"excerpt":{"rendered":"","protected":false},"author":1,"featured_media":58314,"comment_status":"closed","ping_status":"closed","sticky":false,"template":"","format":"standard","meta":{"footnotes":""},"categories":[35],"tags":[],"class_list":["post-58313","post","type-post","status-publish","format-standard","has-post-thumbnail","hentry","category-politica"],"jetpack_featured_media_url":"https:\/\/radiorevelacionfm.cl\/wp-content\/uploads\/2025\/08\/Foto-presidentes-chile-vamos-Aysen-26.08.2025-1.jpg","_links":{"self":[{"href":"https:\/\/radiorevelacionfm.cl\/index.php?rest_route=\/wp\/v2\/posts\/58313","targetHints":{"allow":["GET"]}}],"collection":[{"href":"https:\/\/radiorevelacionfm.cl\/index.php?rest_route=\/wp\/v2\/posts"}],"about":[{"href":"https:\/\/radiorevelacionfm.cl\/index.php?rest_route=\/wp\/v2\/types\/post"}],"author":[{"embeddable":true,"href":"https:\/\/radiorevelacionfm.cl\/index.php?rest_route=\/wp\/v2\/users\/1"}],"replies":[{"embeddable":true,"href":"https:\/\/radiorevelacionfm.cl\/index.php?rest_route=%2Fwp%2Fv2%2Fcomments&post=58313"}],"version-history":[{"count":3,"href":"https:\/\/radiorevelacionfm.cl\/index.php?rest_route=\/wp\/v2\/posts\/58313\/revisions"}],"predecessor-version":[{"id":58317,"href":"https:\/\/radiorevelacionfm.cl\/index.php?rest_route=\/wp\/v2\/posts\/58313\/revisions\/58317"}],"wp:featuredmedia":[{"embeddable":true,"href":"https:\/\/radiorevelacionfm.cl\/index.php?rest_route=\/wp\/v2\/media\/58314"}],"wp:attachment":[{"href":"https:\/\/radiorevelacionfm.cl\/index.php?rest_route=%2Fwp%2Fv2%2Fmedia&parent=58313"}],"wp:term":[{"taxonomy":"category","embeddable":true,"href":"https:\/\/radiorevelacionfm.cl\/index.php?rest_route=%2Fwp%2Fv2%2Fcategories&post=58313"},{"taxonomy":"post_tag","embeddable":true,"href":"https:\/\/radiorevelacionfm.cl\/index.php?rest_route=%2Fwp%2Fv2%2Ftags&post=58313"}],"curies":[{"name":"wp","href":"https:\/\/api.w.org\/{rel}","templated":true}]}}