{"id":58309,"date":"2025-08-26T17:17:06","date_gmt":"2025-08-26T20:17:06","guid":{"rendered":"https:\/\/radiorevelacionfm.cl\/?p=58309"},"modified":"2025-08-26T17:17:06","modified_gmt":"2025-08-26T20:17:06","slug":"secuestro-extorsivo-en-coyhaique-fiscalia-logra-condena-contra-tres-imputados-por-delito-ocurrido-en-febrero-del-2023","status":"publish","type":"post","link":"https:\/\/radiorevelacionfm.cl\/?p=58309","title":{"rendered":"Secuestro extorsivo en Coyhaique: Fiscal\u00eda logra condena contra tres imputados por delito ocurrido en febrero del 2023"},"content":{"rendered":"<div class=\"flex_column av_one_full  flex_column_div av-zero-column-padding first  avia-builder-el-0  el_before_av_one_full  avia-builder-el-first  \" style='border-radius:0px; '><div  class='avia-image-container  av-styling-    avia-builder-el-1  avia-builder-el-no-sibling  avia-align-center '  itemprop=\"image\" itemscope=\"itemscope\" itemtype=\"https:\/\/schema.org\/ImageObject\"  ><div class='avia-image-container-inner'><div class='avia-image-overlay-wrap'><img decoding=\"async\" class='wp-image-58310 avia-img-lazy-loading-not-58310 avia_image' src=\"https:\/\/radiorevelacionfm.cl\/wp-content\/uploads\/2025\/08\/2-copia-2-1_optimized.jpg\" alt='' title='2 - -copia-(2)-(1)_optimized' height=\"600\" width=\"1067\"  itemprop=\"thumbnailUrl\" srcset=\"https:\/\/radiorevelacionfm.cl\/wp-content\/uploads\/2025\/08\/2-copia-2-1_optimized.jpg 1067w, https:\/\/radiorevelacionfm.cl\/wp-content\/uploads\/2025\/08\/2-copia-2-1_optimized-300x169.jpg 300w, https:\/\/radiorevelacionfm.cl\/wp-content\/uploads\/2025\/08\/2-copia-2-1_optimized-1030x579.jpg 1030w, https:\/\/radiorevelacionfm.cl\/wp-content\/uploads\/2025\/08\/2-copia-2-1_optimized-768x432.jpg 768w, https:\/\/radiorevelacionfm.cl\/wp-content\/uploads\/2025\/08\/2-copia-2-1_optimized-705x396.jpg 705w, https:\/\/radiorevelacionfm.cl\/wp-content\/uploads\/2025\/08\/2-copia-2-1_optimized-450x253.jpg 450w, https:\/\/radiorevelacionfm.cl\/wp-content\/uploads\/2025\/08\/2-copia-2-1_optimized-600x337.jpg 600w\" sizes=\"(max-width: 1067px) 100vw, 1067px\" \/><\/div><\/div><\/div><\/div><div class=\"flex_column av_one_full  flex_column_div av-zero-column-padding first  avia-builder-el-2  el_after_av_one_full  el_before_av_one_full  column-top-margin\" style='border-radius:0px; '><section class=\"av_textblock_section \"  itemscope=\"itemscope\" itemtype=\"https:\/\/schema.org\/BlogPosting\" itemprop=\"blogPost\" ><div class='avia_textblock  '   itemprop=\"text\" ><p style=\"text-align: center;\"><span style=\"font-size: 18pt;\"><b>Secuestro extorsivo en Coyhaique: Fiscal\u00eda logra condena contra tres imputados por delito ocurrido en febrero del 2023\u00a0\u00a0<\/b><\/span><\/p>\n<div id=\"gtx-trans\" style=\"position: absolute; left: -50px; top: 4.31534px;\">\n<div class=\"gtx-trans-icon\"><\/div>\n<\/div>\n<\/div><\/section><\/div><div class=\"flex_column av_one_full  flex_column_div av-zero-column-padding first  avia-builder-el-4  el_after_av_one_full  el_before_av_hr  column-top-margin\" style='border-radius:0px; '><section class=\"av_textblock_section \"  itemscope=\"itemscope\" itemtype=\"https:\/\/schema.org\/BlogPosting\" itemprop=\"blogPost\" ><div class='avia_textblock  '   itemprop=\"text\" ><p style=\"font-weight: 400; text-align: justify;\"><em>Se solicitaron penas que oscilan entre los 15 a\u00f1os y un d\u00eda y 20 a\u00f1os de presidio.<\/em><\/p>\n<p style=\"font-weight: 400; text-align: justify;\">En el juicio oral, el Ministerio P\u00fablico present\u00f3 pruebas obtenidas por Carabineros de la SIP, Labocar y el Servicio M\u00e9dico Legal.<\/p>\n<p style=\"font-weight: 400; text-align: justify;\">Luego de una investigaci\u00f3n realizada en forma conjunta por la Fiscal\u00eda Local de Coyhaique y personal de la SIP, Labocar y Primera Comisar\u00eda de Carabineros, hoy fueron condenados tres sujetos de 31, 36 y 46 a\u00f1os, todos hermanos y de nacionalidad chilena, como autores del delito de secuestro calificado ocurrido en febrero del a\u00f1o 2023 en Coyhaique. El veredicto condenatorio un\u00e1nime fue comunicado por el Tribunal de Juicio Oral en Lo Penal de Coyhaique en una audiencia efectuada a mediod\u00eda.<\/p>\n<p style=\"font-weight: 400; text-align: justify;\">\u201cFue un juicio extenso\u201d, coment\u00f3 el Fiscal Adjunto (s), Mat\u00edas Manzano Aguayo. \u201cHay un grupo de sujetos que participa, se condena a los tres, todos como autores, lo que en definitiva logra determinar a ciencia cierta la tesis que sosten\u00eda la Fiscal\u00eda desde un principio\u201d, a\u00f1adi\u00f3 el persecutor penal.<\/p>\n<p style=\"font-weight: 400; text-align: justify;\">Respecto de la pena que posiblemente arriesgan los condenados, \u201cal menos existe uno de ellos que arriesga 15 a\u00f1os y un d\u00eda a 20 a\u00f1os. Formalmente hay otro que tambi\u00e9n arriesga 15 a\u00f1os y un d\u00eda a 20 a\u00f1os y existe otro que solamente la circunstancia que lo diferencia es el hecho de que goza de irreprochable conducta anterior, pero de igual forma hablamos de penas consistentes y de cumplimiento efectivo por el tipo de delito y la cantidad de pena\u201d, dijo Manzano.<\/p>\n<p style=\"font-weight: 400; text-align: justify;\">INVESTIGACI\u00d3N<\/p>\n<p style=\"font-weight: 400; text-align: justify;\">De acuerdo a la acusaci\u00f3n expuesta en el juicio oral por la Fiscal\u00eda, a trav\u00e9s del Fiscal Adjunto (s), Mat\u00edas Manzano Aguayo, el afectado por este delito lleg\u00f3 al aeropuerto de Balmaceda el 1 de febrero, tras lo cual fue trasladado por uno de los imputados hasta su residencia, el cual se desempe\u00f1aba como administrador de los negocios de la v\u00edctima.<\/p>\n<p style=\"font-weight: 400; text-align: justify;\">Previo acuerdo con sus hermanos, los otros dos imputados esperaron a la v\u00edctima al interior de la habitaci\u00f3n que ocupar\u00eda, en una propiedad ubicada en los alrededores de Coyhaique. All\u00ed se abalanzaron sobre \u00e9l, golpe\u00e1ndolo e incluso at\u00e1ndolo de pies y manos con huincha adhesiva. Adem\u00e1s de amordazarlo, lo amenazaron con un cuchillo, luego de lo cual, ya inmovilizado, lo trasladan a otra habitaci\u00f3n.<\/p>\n<p style=\"font-weight: 400; text-align: justify;\">En ese lugar lo encierran, con las cortinas cerradas. Junto a lo anterior, sustrajeron el tel\u00e9fono de la v\u00edctima, que ten\u00eda acceso a su correo electr\u00f3nico, adem\u00e1s de una importante cantidad de dinero en efectivo.<\/p>\n<p style=\"font-weight: 400; text-align: justify;\">En paralelo, el imputado que se desempe\u00f1aba como administrador de los negocios de la v\u00edctima, fingi\u00f3 estar secuestrado junto a su familia, en otro lugar del inmueble, situaci\u00f3n que expres\u00f3 directamente a la v\u00edctima en momentos en que los dejaron solos. Lo anterior era falso, ya que era parte del plan para obtener dinero y bienes del afectado.<\/p>\n<p style=\"font-weight: 400; text-align: justify;\">Como parte de este delito, los imputados el d\u00eda 1 de febrero de 2023 obligaron a la v\u00edctima, bajo amenazas de muerte, a contactar a su ejecutivo bancario para liquidar inversiones y transferir 50 millones de pesos, tras lo cual los imputados comenzaron a efectuar una serie de pagos en el comercio. A lo anterior, se suma la venta fraudulenta de terrenos de propiedad de la v\u00edctima, donde adem\u00e1s suplantaron su identidad.<\/p>\n<p style=\"font-weight: 400; text-align: justify;\">Posteriormente, el 3 de febrero en horas de la madrugada, la v\u00edctima logr\u00f3 fugarse por una ventana del lugar donde permanec\u00eda secuestrado, saltar varios cercos y alambres y pese a quedar lesionado, logr\u00f3 pedir ayuda en una propiedad cercana, tras lo cual se inici\u00f3 la investigaci\u00f3n por parte de Carabineros y la Fiscal\u00eda. En esta indagatoria penal tambi\u00e9n particip\u00f3 el Fiscal Jos\u00e9 Moris Ferrando.<\/p>\n<p style=\"font-weight: 400; text-align: justify;\">JUICIO ORAL<\/p>\n<p style=\"font-weight: 400; text-align: justify;\">En el juicio oral, junto a diversos testigos civiles y polic\u00edas, el Ministerio P\u00fablico present\u00f3 pruebas obtenidas por Carabineros de la SIP y pericias por Labocar y el Servicio M\u00e9dico Legal.\u00a0 Asimismo, la Unidad de Atenci\u00f3n a V\u00edctimas y Testigos de la Fiscal\u00eda, URAVIT, realiz\u00f3 diversas gestiones en el marco de este caso.<\/p>\n<p style=\"font-weight: 400; text-align: justify;\">La v\u00edctima de este complejo delito tambi\u00e9n se querell\u00f3 en la causa y fue representada en el juicio por el abogado Enrique Vel\u00e1squez Trujillo.<\/p>\n<p style=\"font-weight: 400; text-align: justify;\">La lectura de sentencia de esta investigaci\u00f3n por secuestro en Coyhaique, donde se dar\u00e1n a conocer los a\u00f1os de la pena asignada, se conocer\u00e1 el pr\u00f3ximo 8 de septiembre.<\/p>\n<p style=\"font-weight: 400; text-align: justify;\">Los imputados, a solicitud de la Fiscal\u00eda, fueron puestos en prisi\u00f3n preventiva, ya que permanec\u00edan con otras medidas cautelares en su contra, a lo cual accedi\u00f3 el Tribunal de Juicio Oral en Lo Penal, por el peligro de fuga existente en este caso. Terminada la audiencia, los tres imputados fueron trasladados por personal de Gendarmer\u00eda hasta el Complejo de Cumplimiento Penitenciario de Coyhaique.<\/p>\n<\/div><\/section><\/div><div  style='height:50px' class='hr hr-invisible   avia-builder-el-6  el_after_av_one_full  el_before_av_social_share '><span class='hr-inner ' ><span class='hr-inner-style'><\/span><\/span><\/div><\/p>\n<div  class='av-social-sharing-box  avia-builder-el-7  el_after_av_hr  el_before_av_hr  '><div class='av-share-box'><h5 class='av-share-link-description av-no-toc '>Compartir esta noticia<\/h5><ul class='av-share-box-list noLightbox'><li class='av-share-link av-social-link-facebook' ><a target=\"_blank\" aria-label=\"Compartir en Facebook\" href='https:\/\/www.facebook.com\/sharer.php?u=https:\/\/radiorevelacionfm.cl\/?p=58309&#038;t=Secuestro%20extorsivo%20en%20Coyhaique%3A%20Fiscal%C3%ADa%20logra%20condena%20contra%20tres%20imputados%20por%20delito%20ocurrido%20en%20febrero%20del%202023' aria-hidden='false' data-av_icon='\ue8f3' data-av_iconfont='entypo-fontello' title='' data-avia-related-tooltip='Compartir en Facebook' rel=\"noopener\"><span class='avia_hidden_link_text'>Compartir en Facebook<\/span><\/a><\/li><li class='av-share-link av-social-link-twitter' ><a target=\"_blank\" aria-label=\"Compartir en Twitter\" href='https:\/\/twitter.com\/share?text=Secuestro%20extorsivo%20en%20Coyhaique%3A%20Fiscal%C3%ADa%20logra%20condena%20contra%20tres%20imputados%20por%20delito%20ocurrido%20en%20febrero%20del%202023&#038;url=https:\/\/radiorevelacionfm.cl\/?p=58309' aria-hidden='false' data-av_icon='\ue8f1' data-av_iconfont='entypo-fontello' title='' data-avia-related-tooltip='Compartir en Twitter' rel=\"noopener\"><span class='avia_hidden_link_text'>Compartir en Twitter<\/span><\/a><\/li><li class='av-share-link av-social-link-whatsapp' ><a target=\"_blank\" aria-label=\"Compartir en Whatsapp\" href='https:\/\/api.whatsapp.com\/send?text=https:\/\/radiorevelacionfm.cl\/?p=58309' aria-hidden='false' data-av_icon='\uf232' data-av_iconfont='entypo-fontello' title='' data-avia-related-tooltip='Compartir en Whatsapp' rel=\"noopener\"><span class='avia_hidden_link_text'>Compartir en Whatsapp<\/span><\/a><\/li><li class='av-share-link av-social-link-linkedin' ><a target=\"_blank\" aria-label=\"Compartir en LinkedIn\" href='https:\/\/linkedin.com\/shareArticle?mini=true&#038;title=Secuestro%20extorsivo%20en%20Coyhaique%3A%20Fiscal%C3%ADa%20logra%20condena%20contra%20tres%20imputados%20por%20delito%20ocurrido%20en%20febrero%20del%202023&#038;url=https:\/\/radiorevelacionfm.cl\/?p=58309' aria-hidden='false' data-av_icon='\ue8fc' data-av_iconfont='entypo-fontello' title='' data-avia-related-tooltip='Compartir en LinkedIn' rel=\"noopener\"><span class='avia_hidden_link_text'>Compartir en LinkedIn<\/span><\/a><\/li><li class='av-share-link av-social-link-mail' ><a  aria-label=\"Compartir por correo\" href='mailto:?subject=Secuestro%20extorsivo%20en%20Coyhaique%3A%20Fiscal%C3%ADa%20logra%20condena%20contra%20tres%20imputados%20por%20delito%20ocurrido%20en%20febrero%20del%202023&#038;body=https:\/\/radiorevelacionfm.cl\/?p=58309' aria-hidden='false' data-av_icon='\ue805' data-av_iconfont='entypo-fontello' title='' data-avia-related-tooltip='Compartir por correo'><span class='avia_hidden_link_text'>Compartir por correo<\/span><\/a><\/li><\/ul><\/div><\/div>\n<div  style='height:50px' class='hr hr-invisible   avia-builder-el-8  el_after_av_social_share  el_before_av_comments_list '><span class='hr-inner ' ><span class='hr-inner-style'><\/span><\/span><\/div>\n<div  class='av-buildercomment  av-blog-meta-html-info-disabled av-blog-meta-tag-disabled  '><\/div>\n","protected":false},"excerpt":{"rendered":"","protected":false},"author":1,"featured_media":58310,"comment_status":"closed","ping_status":"closed","sticky":false,"template":"","format":"standard","meta":{"footnotes":""},"categories":[55],"tags":[],"class_list":["post-58309","post","type-post","status-publish","format-standard","has-post-thumbnail","hentry","category-justicia"],"jetpack_featured_media_url":"https:\/\/radiorevelacionfm.cl\/wp-content\/uploads\/2025\/08\/2-copia-2-1_optimized.jpg","_links":{"self":[{"href":"https:\/\/radiorevelacionfm.cl\/index.php?rest_route=\/wp\/v2\/posts\/58309","targetHints":{"allow":["GET"]}}],"collection":[{"href":"https:\/\/radiorevelacionfm.cl\/index.php?rest_route=\/wp\/v2\/posts"}],"about":[{"href":"https:\/\/radiorevelacionfm.cl\/index.php?rest_route=\/wp\/v2\/types\/post"}],"author":[{"embeddable":true,"href":"https:\/\/radiorevelacionfm.cl\/index.php?rest_route=\/wp\/v2\/users\/1"}],"replies":[{"embeddable":true,"href":"https:\/\/radiorevelacionfm.cl\/index.php?rest_route=%2Fwp%2Fv2%2Fcomments&post=58309"}],"version-history":[{"count":2,"href":"https:\/\/radiorevelacionfm.cl\/index.php?rest_route=\/wp\/v2\/posts\/58309\/revisions"}],"predecessor-version":[{"id":58312,"href":"https:\/\/radiorevelacionfm.cl\/index.php?rest_route=\/wp\/v2\/posts\/58309\/revisions\/58312"}],"wp:featuredmedia":[{"embeddable":true,"href":"https:\/\/radiorevelacionfm.cl\/index.php?rest_route=\/wp\/v2\/media\/58310"}],"wp:attachment":[{"href":"https:\/\/radiorevelacionfm.cl\/index.php?rest_route=%2Fwp%2Fv2%2Fmedia&parent=58309"}],"wp:term":[{"taxonomy":"category","embeddable":true,"href":"https:\/\/radiorevelacionfm.cl\/index.php?rest_route=%2Fwp%2Fv2%2Fcategories&post=58309"},{"taxonomy":"post_tag","embeddable":true,"href":"https:\/\/radiorevelacionfm.cl\/index.php?rest_route=%2Fwp%2Fv2%2Ftags&post=58309"}],"curies":[{"name":"wp","href":"https:\/\/api.w.org\/{rel}","templated":true}]}}