{"id":58300,"date":"2025-08-27T11:08:13","date_gmt":"2025-08-27T14:08:13","guid":{"rendered":"https:\/\/radiorevelacionfm.cl\/?p=58300"},"modified":"2025-08-27T11:08:13","modified_gmt":"2025-08-27T14:08:13","slug":"en-mesa-de-coordinacion-del-turismo-gobierno-aborda-problematicas-del-sector","status":"publish","type":"post","link":"https:\/\/radiorevelacionfm.cl\/?p=58300","title":{"rendered":"En Mesa de Coordinaci\u00f3n del Turismo Gobierno aborda problem\u00e1ticas del sector"},"content":{"rendered":"<div class=\"flex_column av_one_full  flex_column_div av-zero-column-padding first  avia-builder-el-0  el_before_av_one_full  avia-builder-el-first  \" style='border-radius:0px; '><div  class='avia-image-container  av-styling-    avia-builder-el-1  avia-builder-el-no-sibling  avia-align-center '  itemprop=\"image\" itemscope=\"itemscope\" itemtype=\"https:\/\/schema.org\/ImageObject\"  ><div class='avia-image-container-inner'><div class='avia-image-overlay-wrap'><img decoding=\"async\" class='wp-image-58301 avia-img-lazy-loading-not-58301 avia_image' src=\"https:\/\/radiorevelacionfm.cl\/wp-content\/uploads\/2025\/08\/mesa-1-4-1_optimized-1.jpg\" alt='' title='mesa-1-(4)-(1)_optimized (1)' height=\"600\" width=\"1081\"  itemprop=\"thumbnailUrl\" srcset=\"https:\/\/radiorevelacionfm.cl\/wp-content\/uploads\/2025\/08\/mesa-1-4-1_optimized-1.jpg 1081w, https:\/\/radiorevelacionfm.cl\/wp-content\/uploads\/2025\/08\/mesa-1-4-1_optimized-1-300x167.jpg 300w, https:\/\/radiorevelacionfm.cl\/wp-content\/uploads\/2025\/08\/mesa-1-4-1_optimized-1-1030x572.jpg 1030w, https:\/\/radiorevelacionfm.cl\/wp-content\/uploads\/2025\/08\/mesa-1-4-1_optimized-1-768x426.jpg 768w, https:\/\/radiorevelacionfm.cl\/wp-content\/uploads\/2025\/08\/mesa-1-4-1_optimized-1-705x391.jpg 705w, https:\/\/radiorevelacionfm.cl\/wp-content\/uploads\/2025\/08\/mesa-1-4-1_optimized-1-450x250.jpg 450w, https:\/\/radiorevelacionfm.cl\/wp-content\/uploads\/2025\/08\/mesa-1-4-1_optimized-1-600x333.jpg 600w\" sizes=\"(max-width: 1081px) 100vw, 1081px\" \/><\/div><\/div><\/div><\/div><div class=\"flex_column av_one_full  flex_column_div av-zero-column-padding first  avia-builder-el-2  el_after_av_one_full  el_before_av_one_full  column-top-margin\" style='border-radius:0px; '><section class=\"av_textblock_section \"  itemscope=\"itemscope\" itemtype=\"https:\/\/schema.org\/BlogPosting\" itemprop=\"blogPost\" ><div class='avia_textblock  '   itemprop=\"text\" ><p style=\"text-align: center;\">\u00a0\u00a0\u00a0\u00a0\u00a0\u00a0<strong><span style=\"font-size: 18pt;\">\u00a0 En Mesa de Coordinaci\u00f3n del Turismo Gobierno aborda problem\u00e1ticas del sector<\/span><\/strong><\/p>\n<div id=\"gtx-trans\" style=\"position: absolute; left: -50px; top: 4.31534px;\">\n<div class=\"gtx-trans-icon\"><\/div>\n<\/div>\n<\/div><\/section><\/div><div class=\"flex_column av_one_full  flex_column_div av-zero-column-padding first  avia-builder-el-4  el_after_av_one_full  el_before_av_hr  column-top-margin\" style='border-radius:0px; '><section class=\"av_textblock_section \"  itemscope=\"itemscope\" itemtype=\"https:\/\/schema.org\/BlogPosting\" itemprop=\"blogPost\" ><div class='avia_textblock  '   itemprop=\"text\" ><p style=\"text-align: justify;\">El turismo es uno de los sectores gravitantes para la econom\u00eda territorial porque genera empleo directo e indirecto, es impulsor en el desarrollo de infraestructura y fomenta la diversificaci\u00f3n econ\u00f3mica. De este modo, se ha transformado en un motor de crecimiento regional, promoviendo la inversi\u00f3n p\u00fablica y privada. Pero, existen una serie de problem\u00e1ticas que a\u00f1o a a\u00f1o, los operadores deben afrontar en medio de la temporada alta.<\/p>\n<p style=\"text-align: justify;\">Es en este contexto que desde el Gobierno, representado por el Delegado Presidencial Regional Jorge D\u00edaz Guzm\u00e1n inst\u00f3 la creaci\u00f3n de la Mesa de Coordinaci\u00f3n del Turismo, instancia de car\u00e1cter p\u00fablico-privado que ha desarrollado un intenso trabajo desde el mes de julio, convocando a una multiplicidad de actores vinculados al sector turismo, con el fin de que en conjunto se identifiquen problem\u00e1ticas hist\u00f3ricas del sector y as\u00ed, trabajar coordinadamente para dar respuesta a ellas, en la antesala de la temporada tur\u00edstica 2025-2026.<\/p>\n<p style=\"text-align: justify;\">Al respecto el Seremi de Econom\u00eda, Fomento y Turismo, Felipe Rojas Pizarro quien lidera esta mesa valor\u00f3 el inter\u00e9s privado por abordar tem\u00e1ticas que ayuden a mejorar la experiencia de quienes nos visitan y a su vez, mejorar tambi\u00e9n las condiciones para quienes se desempe\u00f1an en el rubro: \u201cComo Gobierno del Presidente Boric estamos muy motivados en generar alianzas con el sector privado, en especial con el turismo. En la perspectiva de la temporada alta que zona se avecina, sabemos que hay buenas potencialidades para la regi\u00f3n en el sector, especialmente para el pr\u00f3ximo a\u00f1o, pero eso significa una serie de desaf\u00edos; seguridad p\u00fablica, conectividad, transporte, fiscalizaci\u00f3n, entre otros. Estos temas fueron parte de las tem\u00e1ticas que abordamos en esta mesa, la cual esperamos seguir desarrollando en pr\u00f3ximas sesiones\u201d.<\/p>\n<p style=\"text-align: justify;\">En este contexto, la Mesa de Coordinaci\u00f3n del Turismo ha sesionado hasta la fecha en 4 ocasiones. La primera instancia con una mesa ampliada para posteriormente dividirse en sub comisiones para abordar tem\u00e1ticas tales como; \u00c1reas silvestres protegidas, Conectividad y Transportes, Seguridad p\u00fablica y formalizaci\u00f3n. Quedando a\u00fan por desarrollar sesiones referidas en espec\u00edfico a temas de transporte y fiscalizaci\u00f3n, las que se realizar\u00e1n en las semanas venideras.<\/p>\n<p style=\"text-align: justify;\">Karla Morales, representante de una serie de operadores tur\u00edsticos, agrupados en Todos por el Turismo, manifest\u00f3 que: \u201cEstamos muy contentos con esta iniciativa para poder generar un trabajo coordinado, asociativo y en sinergia entre la entidad p\u00fablica y el sector privado. Nos parece muy importante que antes de empezar la temporada tur\u00edstica podamos solucionar varios vac\u00edos que podr\u00edamos tener tanto en el tema de seguridad p\u00fablica, como el de fiscalizaci\u00f3n, tambi\u00e9n con el tema de las \u00e1reas silvestres protegidas y transporte, que son todos los temas que hemos ido desarrollando paso a paso en esta mesa del turismo\u201d.<\/p>\n<p style=\"text-align: justify;\">Por su parte el Presidente de Servitur, Carlos Rogel, puso sobre relieve la importancia de esta iniciativa p\u00fablico privada: \u201cEsta es una instancia sumamente importante que no se hac\u00eda hace muchos a\u00f1os y que ahora se volvi\u00f3 a realizar y que favorece el hecho de que las entidades estatales est\u00e9n m\u00e1s cerca del desarrollo privado en el tema del turismo regional. Creo que ha sido un punto relevante y que ojal\u00e1 siguiera de modo constante para poder poner en el centro las debilidades que tenemos en infraestructura y en todas las variables que puedan surgir y que se puedan manejar previamente y durante el proceso de llegada de turista de la regi\u00f3n\u201d.<\/p>\n<p style=\"text-align: justify;\">Finalmente, el Director Regional de Sernatur Ays\u00e9n Claudio Montecinos Angulo valor\u00f3 esta instancia p\u00fablico privada de coordinaci\u00f3n con miras a esta nueva temporada tur\u00edstica: \u201cPara Sernatur es muy importante la constituci\u00f3n de esta mesa, sobre todo por los temas tratados en materia de seguridad p\u00fablica y de formalizaci\u00f3n de los prestadores de servicios tur\u00edsticos.\u00a0 Es importante trabajar institucionalmente con otras instituciones p\u00fablicas y con el sector privado para poder asegurar una serie de acciones concretas para poder cuidar nuestro destino tur\u00edstico ad portas a la temporada alta 2025- 2026\u201d.<\/p>\n<p style=\"text-align: justify;\">La Mesa de Coordinaci\u00f3n del Turismo, fue liderada por la Seremi de Econom\u00eda junto a\u00a0 Sernatur y han participado; Conaf, Medio Ambiente, Agricultura, MOP, Indap, SII, Sernac, Seremi de Seguridad P\u00fablica, MTT, Per Turismo, PEM Ruta de los Parques, Gobierno Regional de Ays\u00e9n , PDI, Carabineros, Fiscal\u00eda y Armada de Chile, quienes sesionaron en conjunto con diversas C\u00e1maras de Turismo, Servitur, Todos por el Turismo, Asociaci\u00f3n de Gu\u00edas de la Patagonia, algunas Corporaciones Zoit y actores privados que se sumaron al fruct\u00edfero di\u00e1logo para crear una hoja de ruta de acciones previas al inicio de la temporada alta de turismo en nuestra regi\u00f3n.<\/p>\n<\/div><\/section><\/div><div  style='height:50px' class='hr hr-invisible   avia-builder-el-6  el_after_av_one_full  el_before_av_social_share '><span class='hr-inner ' ><span class='hr-inner-style'><\/span><\/span><\/div><\/p>\n<div  class='av-social-sharing-box  avia-builder-el-7  el_after_av_hr  el_before_av_hr  '><div class='av-share-box'><h5 class='av-share-link-description av-no-toc '>Compartir esta noticia<\/h5><ul class='av-share-box-list noLightbox'><li class='av-share-link av-social-link-facebook' ><a target=\"_blank\" aria-label=\"Compartir en Facebook\" href='https:\/\/www.facebook.com\/sharer.php?u=https:\/\/radiorevelacionfm.cl\/?p=58300&#038;t=En%20Mesa%20de%20Coordinaci%C3%B3n%20del%20Turismo%20Gobierno%20aborda%20problem%C3%A1ticas%20del%20sector' aria-hidden='false' data-av_icon='\ue8f3' data-av_iconfont='entypo-fontello' title='' data-avia-related-tooltip='Compartir en Facebook' rel=\"noopener\"><span class='avia_hidden_link_text'>Compartir en Facebook<\/span><\/a><\/li><li class='av-share-link av-social-link-twitter' ><a target=\"_blank\" aria-label=\"Compartir en Twitter\" href='https:\/\/twitter.com\/share?text=En%20Mesa%20de%20Coordinaci%C3%B3n%20del%20Turismo%20Gobierno%20aborda%20problem%C3%A1ticas%20del%20sector&#038;url=https:\/\/radiorevelacionfm.cl\/?p=58300' aria-hidden='false' data-av_icon='\ue8f1' data-av_iconfont='entypo-fontello' title='' data-avia-related-tooltip='Compartir en Twitter' rel=\"noopener\"><span class='avia_hidden_link_text'>Compartir en Twitter<\/span><\/a><\/li><li class='av-share-link av-social-link-whatsapp' ><a target=\"_blank\" aria-label=\"Compartir en Whatsapp\" href='https:\/\/api.whatsapp.com\/send?text=https:\/\/radiorevelacionfm.cl\/?p=58300' aria-hidden='false' data-av_icon='\uf232' data-av_iconfont='entypo-fontello' title='' data-avia-related-tooltip='Compartir en Whatsapp' rel=\"noopener\"><span class='avia_hidden_link_text'>Compartir en Whatsapp<\/span><\/a><\/li><li class='av-share-link av-social-link-linkedin' ><a target=\"_blank\" aria-label=\"Compartir en LinkedIn\" href='https:\/\/linkedin.com\/shareArticle?mini=true&#038;title=En%20Mesa%20de%20Coordinaci%C3%B3n%20del%20Turismo%20Gobierno%20aborda%20problem%C3%A1ticas%20del%20sector&#038;url=https:\/\/radiorevelacionfm.cl\/?p=58300' aria-hidden='false' data-av_icon='\ue8fc' data-av_iconfont='entypo-fontello' title='' data-avia-related-tooltip='Compartir en LinkedIn' rel=\"noopener\"><span class='avia_hidden_link_text'>Compartir en LinkedIn<\/span><\/a><\/li><li class='av-share-link av-social-link-mail' ><a  aria-label=\"Compartir por correo\" href='mailto:?subject=En%20Mesa%20de%20Coordinaci%C3%B3n%20del%20Turismo%20Gobierno%20aborda%20problem%C3%A1ticas%20del%20sector&#038;body=https:\/\/radiorevelacionfm.cl\/?p=58300' aria-hidden='false' data-av_icon='\ue805' data-av_iconfont='entypo-fontello' title='' data-avia-related-tooltip='Compartir por correo'><span class='avia_hidden_link_text'>Compartir por correo<\/span><\/a><\/li><\/ul><\/div><\/div>\n<div  style='height:50px' class='hr hr-invisible   avia-builder-el-8  el_after_av_social_share  el_before_av_comments_list '><span class='hr-inner ' ><span class='hr-inner-style'><\/span><\/span><\/div>\n<div  class='av-buildercomment  av-blog-meta-html-info-disabled av-blog-meta-tag-disabled  '><\/div>\n","protected":false},"excerpt":{"rendered":"","protected":false},"author":1,"featured_media":58301,"comment_status":"closed","ping_status":"closed","sticky":false,"template":"","format":"standard","meta":{"footnotes":""},"categories":[38],"tags":[],"class_list":["post-58300","post","type-post","status-publish","format-standard","has-post-thumbnail","hentry","category-regional"],"jetpack_featured_media_url":"https:\/\/radiorevelacionfm.cl\/wp-content\/uploads\/2025\/08\/mesa-1-4-1_optimized-1.jpg","_links":{"self":[{"href":"https:\/\/radiorevelacionfm.cl\/index.php?rest_route=\/wp\/v2\/posts\/58300","targetHints":{"allow":["GET"]}}],"collection":[{"href":"https:\/\/radiorevelacionfm.cl\/index.php?rest_route=\/wp\/v2\/posts"}],"about":[{"href":"https:\/\/radiorevelacionfm.cl\/index.php?rest_route=\/wp\/v2\/types\/post"}],"author":[{"embeddable":true,"href":"https:\/\/radiorevelacionfm.cl\/index.php?rest_route=\/wp\/v2\/users\/1"}],"replies":[{"embeddable":true,"href":"https:\/\/radiorevelacionfm.cl\/index.php?rest_route=%2Fwp%2Fv2%2Fcomments&post=58300"}],"version-history":[{"count":2,"href":"https:\/\/radiorevelacionfm.cl\/index.php?rest_route=\/wp\/v2\/posts\/58300\/revisions"}],"predecessor-version":[{"id":58337,"href":"https:\/\/radiorevelacionfm.cl\/index.php?rest_route=\/wp\/v2\/posts\/58300\/revisions\/58337"}],"wp:featuredmedia":[{"embeddable":true,"href":"https:\/\/radiorevelacionfm.cl\/index.php?rest_route=\/wp\/v2\/media\/58301"}],"wp:attachment":[{"href":"https:\/\/radiorevelacionfm.cl\/index.php?rest_route=%2Fwp%2Fv2%2Fmedia&parent=58300"}],"wp:term":[{"taxonomy":"category","embeddable":true,"href":"https:\/\/radiorevelacionfm.cl\/index.php?rest_route=%2Fwp%2Fv2%2Fcategories&post=58300"},{"taxonomy":"post_tag","embeddable":true,"href":"https:\/\/radiorevelacionfm.cl\/index.php?rest_route=%2Fwp%2Fv2%2Ftags&post=58300"}],"curies":[{"name":"wp","href":"https:\/\/api.w.org\/{rel}","templated":true}]}}