{"id":58293,"date":"2025-08-26T16:44:01","date_gmt":"2025-08-26T19:44:01","guid":{"rendered":"https:\/\/radiorevelacionfm.cl\/?p=58293"},"modified":"2025-08-26T16:44:01","modified_gmt":"2025-08-26T19:44:01","slug":"edelaysen-fortalece-la-educacion-tecnico-profesional-de-la-region-con-su-programa-liceos-electricos","status":"publish","type":"post","link":"https:\/\/radiorevelacionfm.cl\/?p=58293","title":{"rendered":"Edelaysen fortalece la educaci\u00f3n t\u00e9cnico profesional de la Regi\u00f3n con su Programa \u201cLiceos El\u00e9ctricos\u201d"},"content":{"rendered":"<div class=\"flex_column av_one_full  flex_column_div av-zero-column-padding first  avia-builder-el-0  el_before_av_one_full  avia-builder-el-first  \" style='border-radius:0px; '><div  class='avia-image-container  av-styling-    avia-builder-el-1  avia-builder-el-no-sibling  avia-align-center '  itemprop=\"image\" itemscope=\"itemscope\" itemtype=\"https:\/\/schema.org\/ImageObject\"  ><div class='avia-image-container-inner'><div class='avia-image-overlay-wrap'><img decoding=\"async\" class='wp-image-58294 avia-img-lazy-loading-not-58294 avia_image' src=\"https:\/\/radiorevelacionfm.cl\/wp-content\/uploads\/2025\/08\/Liceos-Electricos-13-1-1.jpeg\" alt='' title='Liceos El\u00e9ctricos (13) (1) (1)' height=\"600\" width=\"800\"  itemprop=\"thumbnailUrl\" srcset=\"https:\/\/radiorevelacionfm.cl\/wp-content\/uploads\/2025\/08\/Liceos-Electricos-13-1-1.jpeg 800w, https:\/\/radiorevelacionfm.cl\/wp-content\/uploads\/2025\/08\/Liceos-Electricos-13-1-1-300x225.jpeg 300w, https:\/\/radiorevelacionfm.cl\/wp-content\/uploads\/2025\/08\/Liceos-Electricos-13-1-1-768x576.jpeg 768w, https:\/\/radiorevelacionfm.cl\/wp-content\/uploads\/2025\/08\/Liceos-Electricos-13-1-1-705x529.jpeg 705w, https:\/\/radiorevelacionfm.cl\/wp-content\/uploads\/2025\/08\/Liceos-Electricos-13-1-1-450x338.jpeg 450w, https:\/\/radiorevelacionfm.cl\/wp-content\/uploads\/2025\/08\/Liceos-Electricos-13-1-1-600x450.jpeg 600w\" sizes=\"(max-width: 800px) 100vw, 800px\" \/><\/div><\/div><\/div><\/div><div class=\"flex_column av_one_full  flex_column_div av-zero-column-padding first  avia-builder-el-2  el_after_av_one_full  el_before_av_one_full  column-top-margin\" style='border-radius:0px; '><section class=\"av_textblock_section \"  itemscope=\"itemscope\" itemtype=\"https:\/\/schema.org\/BlogPosting\" itemprop=\"blogPost\" ><div class='avia_textblock  '   itemprop=\"text\" ><p style=\"text-align: center;\"><strong><span style=\"font-size: 18pt;\">Edelaysen fortalece la educaci\u00f3n t\u00e9cnico profesional de la Regi\u00f3n con su Programa \u201cLiceos El\u00e9ctricos\u201d<\/span><\/strong><\/p>\n<div id=\"gtx-trans\" style=\"position: absolute; left: -50px; top: 4.31534px;\">\n<div class=\"gtx-trans-icon\"><\/div>\n<\/div>\n<\/div><\/section><\/div><div class=\"flex_column av_one_full  flex_column_div av-zero-column-padding first  avia-builder-el-4  el_after_av_one_full  el_before_av_hr  column-top-margin\" style='border-radius:0px; '><section class=\"av_textblock_section \"  itemscope=\"itemscope\" itemtype=\"https:\/\/schema.org\/BlogPosting\" itemprop=\"blogPost\" ><div class='avia_textblock  '   itemprop=\"text\" ><p style=\"text-align: justify;\"><em>Clases te\u00f3ricas y pr\u00e1cticas, visitas a instalaciones y patios de entrenamiento son parte de las acciones que la distribuidora ha realizado en distintos establecimientos especializados en electricidad de las comunas de Chile Chico y Coyhaique. <\/em><\/p>\n<p style=\"text-align: justify;\">En el marco de la celebraci\u00f3n a nivel nacional del D\u00eda de la Educaci\u00f3n T\u00e9cnico Profesional este 26 de agosto, en que la empresa Edelaysen destaca su programa enfocado en cientos de j\u00f3venes del sur del pa\u00eds: \u201cLiceos El\u00e9ctricos\u201d, una iniciativa que llev\u00f3 la sala de clases a la pr\u00e1ctica y acerc\u00f3 a los estudiantes de electricidad a la experiencia real del trabajo en terreno.<\/p>\n<p style=\"text-align: justify;\">A trav\u00e9s de clases, te\u00f3ricas y pr\u00e1cticas, impartidas por trabajadores de la compa\u00f1\u00eda, adem\u00e1s de visitas a instalaciones y el uso de patios de entrenamiento, los alumnos de tercero y cuarto medio han podido prepararse para enfrentar los desaf\u00edos de la industria el\u00e9ctrica con seguridad, conocimiento y confianza.<\/p>\n<p style=\"text-align: justify;\">Yasna Vera, ejecutiva de Relacionamiento de Edelaysen, destac\u00f3 la importancia de este tipo de iniciativas que fortalecen la educaci\u00f3n t\u00e9cnico profesional en el \u00e1rea el\u00e9ctrica. \u201cEste programa no solo entrega informaci\u00f3n t\u00e9cnica, sino que tambi\u00e9n abarca temas de seguridad y eficiencia energ\u00e9tica, fundamentales para el trabajo en electricidad en la actualidad. Estamos entregando herramientas que ser\u00e1n muy \u00fatiles a los estudiantes en su futuro profesional\u201d.<\/p>\n<p style=\"text-align: justify;\">La ejecutiva agreg\u00f3 que la experiencia tambi\u00e9n considera la entrega de elementos de protecci\u00f3n personal a los estudiantes y se acondiciona un patio de entrenamiento en sus liceos para que puedan mejorar su experiencia de aprendizaje.<\/p>\n<p style=\"text-align: justify;\">Desde su creaci\u00f3n, el programa ha estado presente en los liceos: Luisa Rabanal Palma de Chile Chico y el Liceo Bicentenario Agr\u00edcola Industrial de la Patagonia de Coyhaique.<\/p>\n<p style=\"text-align: justify;\">Para el Liceo Luisa Rabanal Palma de Chile Chico el trabajo colaborativo junto a Edelaysen ha sido gratamente positivo, destacando as\u00ed que, durante este a\u00f1o, alumnos de 4to Medio de la especialidad de Electricidad, ser\u00e1n capacitados para certificarse como Instaladores Clase D.<\/p>\n<p style=\"text-align: justify;\">En ese sentido, Valko Dur\u00e1n, director del establecimiento destac\u00f3: \u201cEstamos muy contentos por esta oportunidad que nos brinda la empresa Edelaysen. Debo decir que es primera vez tambi\u00e9n que nosotros tenemos esta iniciativa. Los alumnos de 4to medio ser\u00e1n la primera promoci\u00f3n, donde nueve estudiantes van a tener la posibilidad de poder optar a una Licencia clase D de Instaladores El\u00e9ctricos, con un curso que representa para nosotros una manera concreta en la que los estudiantes tienen una nueva herramienta para desempe\u00f1arse en el mundo laboral\u201d.<\/p>\n<p style=\"text-align: justify;\">Hasta la fecha, Grupo Saesa ha beneficiado a 29 liceos y 2 mil estudiantes en su zona de concesi\u00f3n, entre las regiones de \u00d1uble y Ays\u00e9n, contribuyendo con la donaci\u00f3n de 24 patios de entrenamiento. El programa \u201cLiceos El\u00e9ctricos\u201d refuerza el compromiso de Saesa con la educaci\u00f3n t\u00e9cnico profesional y la comunidad, fomentando el aprendizaje pr\u00e1ctico y la seguridad en la formaci\u00f3n t\u00e9cnica de j\u00f3venes talentos.<\/p>\n<\/div><\/section><\/div><div  style='height:50px' class='hr hr-invisible   avia-builder-el-6  el_after_av_one_full  el_before_av_social_share '><span class='hr-inner ' ><span class='hr-inner-style'><\/span><\/span><\/div><\/p>\n<div  class='av-social-sharing-box  avia-builder-el-7  el_after_av_hr  el_before_av_hr  '><div class='av-share-box'><h5 class='av-share-link-description av-no-toc '>Compartir esta noticia<\/h5><ul class='av-share-box-list noLightbox'><li class='av-share-link av-social-link-facebook' ><a target=\"_blank\" aria-label=\"Compartir en Facebook\" href='https:\/\/www.facebook.com\/sharer.php?u=https:\/\/radiorevelacionfm.cl\/?p=58293&#038;t=Edelaysen%20fortalece%20la%20educaci%C3%B3n%20t%C3%A9cnico%20profesional%20de%20la%20Regi%C3%B3n%20con%20su%20Programa%20%E2%80%9CLiceos%20El%C3%A9ctricos%E2%80%9D' aria-hidden='false' data-av_icon='\ue8f3' data-av_iconfont='entypo-fontello' title='' data-avia-related-tooltip='Compartir en Facebook' rel=\"noopener\"><span class='avia_hidden_link_text'>Compartir en Facebook<\/span><\/a><\/li><li class='av-share-link av-social-link-twitter' ><a target=\"_blank\" aria-label=\"Compartir en Twitter\" href='https:\/\/twitter.com\/share?text=Edelaysen%20fortalece%20la%20educaci%C3%B3n%20t%C3%A9cnico%20profesional%20de%20la%20Regi%C3%B3n%20con%20su%20Programa%20%E2%80%9CLiceos%20El%C3%A9ctricos%E2%80%9D&#038;url=https:\/\/radiorevelacionfm.cl\/?p=58293' aria-hidden='false' data-av_icon='\ue8f1' data-av_iconfont='entypo-fontello' title='' data-avia-related-tooltip='Compartir en Twitter' rel=\"noopener\"><span class='avia_hidden_link_text'>Compartir en Twitter<\/span><\/a><\/li><li class='av-share-link av-social-link-whatsapp' ><a target=\"_blank\" aria-label=\"Compartir en Whatsapp\" href='https:\/\/api.whatsapp.com\/send?text=https:\/\/radiorevelacionfm.cl\/?p=58293' aria-hidden='false' data-av_icon='\uf232' data-av_iconfont='entypo-fontello' title='' data-avia-related-tooltip='Compartir en Whatsapp' rel=\"noopener\"><span class='avia_hidden_link_text'>Compartir en Whatsapp<\/span><\/a><\/li><li class='av-share-link av-social-link-linkedin' ><a target=\"_blank\" aria-label=\"Compartir en LinkedIn\" href='https:\/\/linkedin.com\/shareArticle?mini=true&#038;title=Edelaysen%20fortalece%20la%20educaci%C3%B3n%20t%C3%A9cnico%20profesional%20de%20la%20Regi%C3%B3n%20con%20su%20Programa%20%E2%80%9CLiceos%20El%C3%A9ctricos%E2%80%9D&#038;url=https:\/\/radiorevelacionfm.cl\/?p=58293' aria-hidden='false' data-av_icon='\ue8fc' data-av_iconfont='entypo-fontello' title='' data-avia-related-tooltip='Compartir en LinkedIn' rel=\"noopener\"><span class='avia_hidden_link_text'>Compartir en LinkedIn<\/span><\/a><\/li><li class='av-share-link av-social-link-mail' ><a  aria-label=\"Compartir por correo\" href='mailto:?subject=Edelaysen%20fortalece%20la%20educaci%C3%B3n%20t%C3%A9cnico%20profesional%20de%20la%20Regi%C3%B3n%20con%20su%20Programa%20%E2%80%9CLiceos%20El%C3%A9ctricos%E2%80%9D&#038;body=https:\/\/radiorevelacionfm.cl\/?p=58293' aria-hidden='false' data-av_icon='\ue805' data-av_iconfont='entypo-fontello' title='' data-avia-related-tooltip='Compartir por correo'><span class='avia_hidden_link_text'>Compartir por correo<\/span><\/a><\/li><\/ul><\/div><\/div>\n<div  style='height:50px' class='hr hr-invisible   avia-builder-el-8  el_after_av_social_share  el_before_av_comments_list '><span class='hr-inner ' ><span class='hr-inner-style'><\/span><\/span><\/div>\n<div  class='av-buildercomment  av-blog-meta-html-info-disabled av-blog-meta-tag-disabled  '><\/div>\n","protected":false},"excerpt":{"rendered":"","protected":false},"author":1,"featured_media":58294,"comment_status":"closed","ping_status":"closed","sticky":false,"template":"","format":"standard","meta":{"footnotes":""},"categories":[38],"tags":[],"class_list":["post-58293","post","type-post","status-publish","format-standard","has-post-thumbnail","hentry","category-regional"],"jetpack_featured_media_url":"https:\/\/radiorevelacionfm.cl\/wp-content\/uploads\/2025\/08\/Liceos-Electricos-13-1-1.jpeg","_links":{"self":[{"href":"https:\/\/radiorevelacionfm.cl\/index.php?rest_route=\/wp\/v2\/posts\/58293","targetHints":{"allow":["GET"]}}],"collection":[{"href":"https:\/\/radiorevelacionfm.cl\/index.php?rest_route=\/wp\/v2\/posts"}],"about":[{"href":"https:\/\/radiorevelacionfm.cl\/index.php?rest_route=\/wp\/v2\/types\/post"}],"author":[{"embeddable":true,"href":"https:\/\/radiorevelacionfm.cl\/index.php?rest_route=\/wp\/v2\/users\/1"}],"replies":[{"embeddable":true,"href":"https:\/\/radiorevelacionfm.cl\/index.php?rest_route=%2Fwp%2Fv2%2Fcomments&post=58293"}],"version-history":[{"count":2,"href":"https:\/\/radiorevelacionfm.cl\/index.php?rest_route=\/wp\/v2\/posts\/58293\/revisions"}],"predecessor-version":[{"id":58308,"href":"https:\/\/radiorevelacionfm.cl\/index.php?rest_route=\/wp\/v2\/posts\/58293\/revisions\/58308"}],"wp:featuredmedia":[{"embeddable":true,"href":"https:\/\/radiorevelacionfm.cl\/index.php?rest_route=\/wp\/v2\/media\/58294"}],"wp:attachment":[{"href":"https:\/\/radiorevelacionfm.cl\/index.php?rest_route=%2Fwp%2Fv2%2Fmedia&parent=58293"}],"wp:term":[{"taxonomy":"category","embeddable":true,"href":"https:\/\/radiorevelacionfm.cl\/index.php?rest_route=%2Fwp%2Fv2%2Fcategories&post=58293"},{"taxonomy":"post_tag","embeddable":true,"href":"https:\/\/radiorevelacionfm.cl\/index.php?rest_route=%2Fwp%2Fv2%2Ftags&post=58293"}],"curies":[{"name":"wp","href":"https:\/\/api.w.org\/{rel}","templated":true}]}}