{"id":58290,"date":"2025-08-26T15:10:27","date_gmt":"2025-08-26T18:10:27","guid":{"rendered":"https:\/\/radiorevelacionfm.cl\/?p=58290"},"modified":"2025-08-26T15:10:27","modified_gmt":"2025-08-26T18:10:27","slug":"uaysen-abrira-ingenieria-civil-en-energias-renovables-derecho-administracion-publica-y-un-magister-en-gestion-del-cambio-climatico","status":"publish","type":"post","link":"https:\/\/radiorevelacionfm.cl\/?p=58290","title":{"rendered":"UAys\u00e9n abrir\u00e1 Ingenier\u00eda Civil en Energ\u00edas Renovables, Derecho, Administraci\u00f3n P\u00fablica y un Mag\u00edster en Gesti\u00f3n del Cambio Clim\u00e1tico"},"content":{"rendered":"<div class=\"flex_column av_one_full  flex_column_div av-zero-column-padding first  avia-builder-el-0  el_before_av_one_full  avia-builder-el-first  \" style='border-radius:0px; '><div  class='avia-image-container  av-styling-    avia-builder-el-1  avia-builder-el-no-sibling  avia-align-center '  itemprop=\"image\" itemscope=\"itemscope\" itemtype=\"https:\/\/schema.org\/ImageObject\"  ><div class='avia-image-container-inner'><div class='avia-image-overlay-wrap'><img decoding=\"async\" class='wp-image-58291 avia-img-lazy-loading-not-58291 avia_image' src=\"https:\/\/radiorevelacionfm.cl\/wp-content\/uploads\/2025\/08\/estudiantes-3-1_optimized-2-1.jpeg\" alt='' title='estudiantes-(3)-(1)_optimized (2) (1)' height=\"600\" width=\"860\"  itemprop=\"thumbnailUrl\" srcset=\"https:\/\/radiorevelacionfm.cl\/wp-content\/uploads\/2025\/08\/estudiantes-3-1_optimized-2-1.jpeg 860w, https:\/\/radiorevelacionfm.cl\/wp-content\/uploads\/2025\/08\/estudiantes-3-1_optimized-2-1-300x209.jpeg 300w, https:\/\/radiorevelacionfm.cl\/wp-content\/uploads\/2025\/08\/estudiantes-3-1_optimized-2-1-768x536.jpeg 768w, https:\/\/radiorevelacionfm.cl\/wp-content\/uploads\/2025\/08\/estudiantes-3-1_optimized-2-1-705x492.jpeg 705w, https:\/\/radiorevelacionfm.cl\/wp-content\/uploads\/2025\/08\/estudiantes-3-1_optimized-2-1-450x314.jpeg 450w, https:\/\/radiorevelacionfm.cl\/wp-content\/uploads\/2025\/08\/estudiantes-3-1_optimized-2-1-600x419.jpeg 600w\" sizes=\"(max-width: 860px) 100vw, 860px\" \/><\/div><\/div><\/div><\/div><div class=\"flex_column av_one_full  flex_column_div av-zero-column-padding first  avia-builder-el-2  el_after_av_one_full  el_before_av_one_full  column-top-margin\" style='border-radius:0px; '><section class=\"av_textblock_section \"  itemscope=\"itemscope\" itemtype=\"https:\/\/schema.org\/BlogPosting\" itemprop=\"blogPost\" ><div class='avia_textblock  '   itemprop=\"text\" ><p style=\"text-align: center;\"><strong><span style=\"font-size: 18pt;\">UAys\u00e9n abrir\u00e1 Ingenier\u00eda Civil en Energ\u00edas Renovables, Derecho, Administraci\u00f3n P\u00fablica y un Mag\u00edster en Gesti\u00f3n del Cambio Clim\u00e1tico\u00a0<\/span><\/strong><\/p>\n<div id=\"gtx-trans\" style=\"position: absolute; left: -50px; top: 4.31534px;\">\n<div class=\"gtx-trans-icon\"><\/div>\n<\/div>\n<\/div><\/section><\/div><div class=\"flex_column av_one_full  flex_column_div av-zero-column-padding first  avia-builder-el-4  el_after_av_one_full  el_before_av_hr  column-top-margin\" style='border-radius:0px; '><section class=\"av_textblock_section \"  itemscope=\"itemscope\" itemtype=\"https:\/\/schema.org\/BlogPosting\" itemprop=\"blogPost\" ><div class='avia_textblock  '   itemprop=\"text\" ><p dir=\"ltr\" style=\"text-align: justify;\">La Comisi\u00f3n Nacional de Acreditaci\u00f3n aprob\u00f3 la nueva oferta acad\u00e9mica para 2026 que ampl\u00eda las oportunidades de formaci\u00f3n en la Regi\u00f3n de Ays\u00e9n y marca un hito en la historia de la casa de estudios.<\/p>\n<p dir=\"ltr\" style=\"text-align: justify;\">La Universidad de Ays\u00e9n ofrecer\u00e1 tres nuevas carreras a partir del proceso de admisi\u00f3n 2026: Derecho, Administraci\u00f3n P\u00fablica e Ingenier\u00eda Civil en Energ\u00edas Renovables. La aprobaci\u00f3n de la Comisi\u00f3n Nacional de Acreditaci\u00f3n (CNA) confirma el crecimiento sostenido de la instituci\u00f3n y refuerza su compromiso con la formaci\u00f3n de profesionales para enfrentar los desaf\u00edos de la regi\u00f3n y del pa\u00eds.<\/p>\n<p dir=\"ltr\" style=\"text-align: justify;\">El administrador provisional de la UAys\u00e9n,\u00a0Juan Pablo Prieto Cox, subray\u00f3 que estas carreras nacen con un sello particular, orientado a la pertinencia territorial. \u201cEn el proceso de desarrollo y crecimiento de la Universidad de Ays\u00e9n es muy grato informar que para la admisi\u00f3n 2026 vamos a ofrecer tres nuevas carreras y un primer programa de mag\u00edster. Administraci\u00f3n P\u00fablica surge con un sello especial, ya que todas las regiones requieren profesionales preparados para apoyar la gesti\u00f3n en este proceso de descentralizaci\u00f3n. Derecho, in\u00e9dito en Ays\u00e9n, estar\u00e1 marcado por la vinculaci\u00f3n con los recursos naturales y el medio ambiente. Finalmente, Ingenier\u00eda Civil en Energ\u00edas Renovables ser\u00e1 la primera de su tipo en el pa\u00eds, orientada a contribuir a la transici\u00f3n energ\u00e9tica de la regi\u00f3n y del pa\u00eds. El mag\u00edster en Gesti\u00f3n del Cambio Clim\u00e1tico, por su parte, ser\u00e1 clave para formar profesionales con herramientas aplicadas a los desaf\u00edos ambientales m\u00e1s urgentes\u201d.<\/p>\n<p dir=\"ltr\" style=\"text-align: justify;\">Cada una de estas carreras se distingue por un sello que integra excelencia acad\u00e9mica y compromiso con el territorio. Ingenier\u00eda Civil en Energ\u00edas Renovables se enfocar\u00e1 en preparar profesionales con s\u00f3lida formaci\u00f3n cient\u00edfica, tecnol\u00f3gica y territorial, capaces de dise\u00f1ar y gestionar proyectos energ\u00e9ticos sostenibles que promuevan la democratizaci\u00f3n energ\u00e9tica y la mejora de la calidad de vida de las comunidades. Derecho entregar\u00e1 una formaci\u00f3n general s\u00f3lida en el \u00e1rea jur\u00eddica, pero con la particularidad de estar comprometida con la protecci\u00f3n de los recursos naturales y la soluci\u00f3n pac\u00edfica de conflictos, integrando enfoques sociales y medioambientales en su quehacer. Administraci\u00f3n P\u00fablica, en tanto, formar\u00e1 profesionales con capacidades t\u00e9cnicas, \u00e9ticas y sociales para fortalecer la gesti\u00f3n p\u00fablica, promover la transparencia y contribuir activamente a los procesos de descentralizaci\u00f3n y participaci\u00f3n ciudadana.<\/p>\n<h3 dir=\"ltr\" style=\"text-align: justify;\"><span style=\"font-size: 12pt;\">Primer programa de posgrado: Mag\u00edster en Gesti\u00f3n del Cambio Clim\u00e1tico<\/span><\/h3>\n<p dir=\"ltr\" style=\"text-align: justify;\">Adem\u00e1s de las tres nuevas carreras, la universidad abrir\u00e1 su primer programa de posgrado: el Mag\u00edster en Gesti\u00f3n del Cambio Clim\u00e1tico, dise\u00f1ado para entregar herramientas aplicadas a los desaf\u00edos ambientales globales y locales.<\/p>\n<p dir=\"ltr\" style=\"text-align: justify;\">El\u00a0Dr. Carlos Zamorano, acad\u00e9mico del Departamento de Ciencias Naturales y Tecnolog\u00eda y director del programa, destac\u00f3 la relevancia de esta aprobaci\u00f3n. \u201cHemos recibido la muy buena noticia de que nuestra propuesta de Mag\u00edster en Gesti\u00f3n del Cambio Clim\u00e1tico ha sido aprobada por la Comisi\u00f3n Nacional de Acreditaci\u00f3n. Esto implica que desde el pr\u00f3ximo a\u00f1o se podr\u00e1 ofertar este primer posgrado en la historia de la Universidad de Ays\u00e9n y de la regi\u00f3n. El programa combina ense\u00f1anza online con semanas presenciales \u00fanicas recorriendo fiordos, glaciares y bosques de la Patagonia, permitiendo vincular directamente la formaci\u00f3n acad\u00e9mica con las problem\u00e1ticas del territorio. Nuestro objetivo es preparar profesionales capaces de responder a la creciente demanda de capital humano avanzado para el dise\u00f1o e implementaci\u00f3n de acciones clim\u00e1ticas en el marco de la ley y de los planes regionales de acci\u00f3n clim\u00e1tica\u201d.<\/p>\n<p dir=\"ltr\" style=\"text-align: justify;\">Con esta nueva oferta acad\u00e9mica, la Universidad de Ays\u00e9n reafirma su prop\u00f3sito de ampliar las oportunidades de formaci\u00f3n en la regi\u00f3n, aportar al desarrollo sostenible del pa\u00eds y consolidarse como un referente en \u00e1reas estrat\u00e9gicas para el futuro, en sinton\u00eda con los desaf\u00edos globales y las particularidades de la Patagonia.<\/p>\n<\/div><\/section><\/div><div  style='height:50px' class='hr hr-invisible   avia-builder-el-6  el_after_av_one_full  el_before_av_social_share '><span class='hr-inner ' ><span class='hr-inner-style'><\/span><\/span><\/div><\/p>\n<div  class='av-social-sharing-box  avia-builder-el-7  el_after_av_hr  el_before_av_hr  '><div class='av-share-box'><h5 class='av-share-link-description av-no-toc '>Compartir esta noticia<\/h5><ul class='av-share-box-list noLightbox'><li class='av-share-link av-social-link-facebook' ><a target=\"_blank\" aria-label=\"Compartir en Facebook\" href='https:\/\/www.facebook.com\/sharer.php?u=https:\/\/radiorevelacionfm.cl\/?p=58290&#038;t=UAys%C3%A9n%20abrir%C3%A1%20Ingenier%C3%ADa%20Civil%20en%20Energ%C3%ADas%20Renovables%2C%20Derecho%2C%20Administraci%C3%B3n%20P%C3%BAblica%20y%20un%20Mag%C3%ADster%20en%20Gesti%C3%B3n%20del%20Cambio%20Clim%C3%A1tico' aria-hidden='false' data-av_icon='\ue8f3' data-av_iconfont='entypo-fontello' title='' data-avia-related-tooltip='Compartir en Facebook' rel=\"noopener\"><span class='avia_hidden_link_text'>Compartir en Facebook<\/span><\/a><\/li><li class='av-share-link av-social-link-twitter' ><a target=\"_blank\" aria-label=\"Compartir en Twitter\" href='https:\/\/twitter.com\/share?text=UAys%C3%A9n%20abrir%C3%A1%20Ingenier%C3%ADa%20Civil%20en%20Energ%C3%ADas%20Renovables%2C%20Derecho%2C%20Administraci%C3%B3n%20P%C3%BAblica%20y%20un%20Mag%C3%ADster%20en%20Gesti%C3%B3n%20del%20Cambio%20Clim%C3%A1tico&#038;url=https:\/\/radiorevelacionfm.cl\/?p=58290' aria-hidden='false' data-av_icon='\ue8f1' data-av_iconfont='entypo-fontello' title='' data-avia-related-tooltip='Compartir en Twitter' rel=\"noopener\"><span class='avia_hidden_link_text'>Compartir en Twitter<\/span><\/a><\/li><li class='av-share-link av-social-link-whatsapp' ><a target=\"_blank\" aria-label=\"Compartir en Whatsapp\" href='https:\/\/api.whatsapp.com\/send?text=https:\/\/radiorevelacionfm.cl\/?p=58290' aria-hidden='false' data-av_icon='\uf232' data-av_iconfont='entypo-fontello' title='' data-avia-related-tooltip='Compartir en Whatsapp' rel=\"noopener\"><span class='avia_hidden_link_text'>Compartir en Whatsapp<\/span><\/a><\/li><li class='av-share-link av-social-link-linkedin' ><a target=\"_blank\" aria-label=\"Compartir en LinkedIn\" href='https:\/\/linkedin.com\/shareArticle?mini=true&#038;title=UAys%C3%A9n%20abrir%C3%A1%20Ingenier%C3%ADa%20Civil%20en%20Energ%C3%ADas%20Renovables%2C%20Derecho%2C%20Administraci%C3%B3n%20P%C3%BAblica%20y%20un%20Mag%C3%ADster%20en%20Gesti%C3%B3n%20del%20Cambio%20Clim%C3%A1tico&#038;url=https:\/\/radiorevelacionfm.cl\/?p=58290' aria-hidden='false' data-av_icon='\ue8fc' data-av_iconfont='entypo-fontello' title='' data-avia-related-tooltip='Compartir en LinkedIn' rel=\"noopener\"><span class='avia_hidden_link_text'>Compartir en LinkedIn<\/span><\/a><\/li><li class='av-share-link av-social-link-mail' ><a  aria-label=\"Compartir por correo\" href='mailto:?subject=UAys%C3%A9n%20abrir%C3%A1%20Ingenier%C3%ADa%20Civil%20en%20Energ%C3%ADas%20Renovables%2C%20Derecho%2C%20Administraci%C3%B3n%20P%C3%BAblica%20y%20un%20Mag%C3%ADster%20en%20Gesti%C3%B3n%20del%20Cambio%20Clim%C3%A1tico&#038;body=https:\/\/radiorevelacionfm.cl\/?p=58290' aria-hidden='false' data-av_icon='\ue805' data-av_iconfont='entypo-fontello' title='' data-avia-related-tooltip='Compartir por correo'><span class='avia_hidden_link_text'>Compartir por correo<\/span><\/a><\/li><\/ul><\/div><\/div>\n<div  style='height:50px' class='hr hr-invisible   avia-builder-el-8  el_after_av_social_share  el_before_av_comments_list '><span class='hr-inner ' ><span class='hr-inner-style'><\/span><\/span><\/div>\n<div  class='av-buildercomment  av-blog-meta-html-info-disabled av-blog-meta-tag-disabled  '><\/div>\n","protected":false},"excerpt":{"rendered":"","protected":false},"author":1,"featured_media":58291,"comment_status":"closed","ping_status":"closed","sticky":false,"template":"","format":"standard","meta":{"footnotes":""},"categories":[49],"tags":[],"class_list":["post-58290","post","type-post","status-publish","format-standard","has-post-thumbnail","hentry","category-educacion"],"jetpack_featured_media_url":"https:\/\/radiorevelacionfm.cl\/wp-content\/uploads\/2025\/08\/estudiantes-3-1_optimized-2-1.jpeg","_links":{"self":[{"href":"https:\/\/radiorevelacionfm.cl\/index.php?rest_route=\/wp\/v2\/posts\/58290","targetHints":{"allow":["GET"]}}],"collection":[{"href":"https:\/\/radiorevelacionfm.cl\/index.php?rest_route=\/wp\/v2\/posts"}],"about":[{"href":"https:\/\/radiorevelacionfm.cl\/index.php?rest_route=\/wp\/v2\/types\/post"}],"author":[{"embeddable":true,"href":"https:\/\/radiorevelacionfm.cl\/index.php?rest_route=\/wp\/v2\/users\/1"}],"replies":[{"embeddable":true,"href":"https:\/\/radiorevelacionfm.cl\/index.php?rest_route=%2Fwp%2Fv2%2Fcomments&post=58290"}],"version-history":[{"count":2,"href":"https:\/\/radiorevelacionfm.cl\/index.php?rest_route=\/wp\/v2\/posts\/58290\/revisions"}],"predecessor-version":[{"id":58296,"href":"https:\/\/radiorevelacionfm.cl\/index.php?rest_route=\/wp\/v2\/posts\/58290\/revisions\/58296"}],"wp:featuredmedia":[{"embeddable":true,"href":"https:\/\/radiorevelacionfm.cl\/index.php?rest_route=\/wp\/v2\/media\/58291"}],"wp:attachment":[{"href":"https:\/\/radiorevelacionfm.cl\/index.php?rest_route=%2Fwp%2Fv2%2Fmedia&parent=58290"}],"wp:term":[{"taxonomy":"category","embeddable":true,"href":"https:\/\/radiorevelacionfm.cl\/index.php?rest_route=%2Fwp%2Fv2%2Fcategories&post=58290"},{"taxonomy":"post_tag","embeddable":true,"href":"https:\/\/radiorevelacionfm.cl\/index.php?rest_route=%2Fwp%2Fv2%2Ftags&post=58290"}],"curies":[{"name":"wp","href":"https:\/\/api.w.org\/{rel}","templated":true}]}}