{"id":58284,"date":"2025-08-26T12:01:13","date_gmt":"2025-08-26T15:01:13","guid":{"rendered":"https:\/\/radiorevelacionfm.cl\/?p=58284"},"modified":"2025-08-26T12:01:13","modified_gmt":"2025-08-26T15:01:13","slug":"andesmeals-impulsa-un-modelo-de-alimentacion-sostenible-con-proyeccion-internacional-con-apoyo-de-corfo-aysen","status":"publish","type":"post","link":"https:\/\/radiorevelacionfm.cl\/?p=58284","title":{"rendered":"Andesmeals impulsa un modelo de alimentaci\u00f3n sostenible con proyecci\u00f3n internacional con apoyo de Corfo Ays\u00e9n"},"content":{"rendered":"<div class=\"flex_column av_one_full  flex_column_div av-zero-column-padding first  avia-builder-el-0  el_before_av_one_full  avia-builder-el-first  \" style='border-radius:0px; '><div  class='avia-image-container  av-styling-    avia-builder-el-1  avia-builder-el-no-sibling  avia-align-center '  itemprop=\"image\" itemscope=\"itemscope\" itemtype=\"https:\/\/schema.org\/ImageObject\"  ><div class='avia-image-container-inner'><div class='avia-image-overlay-wrap'><img decoding=\"async\" class='wp-image-58285 avia-img-lazy-loading-not-58285 avia_image' src=\"https:\/\/radiorevelacionfm.cl\/wp-content\/uploads\/2025\/08\/02-andesmeals-1-1_optimized.jpg\" alt='' title='02-andesmeals-(1)-(1)_optimized' height=\"600\" width=\"896\"  itemprop=\"thumbnailUrl\" srcset=\"https:\/\/radiorevelacionfm.cl\/wp-content\/uploads\/2025\/08\/02-andesmeals-1-1_optimized.jpg 896w, https:\/\/radiorevelacionfm.cl\/wp-content\/uploads\/2025\/08\/02-andesmeals-1-1_optimized-300x201.jpg 300w, https:\/\/radiorevelacionfm.cl\/wp-content\/uploads\/2025\/08\/02-andesmeals-1-1_optimized-768x514.jpg 768w, https:\/\/radiorevelacionfm.cl\/wp-content\/uploads\/2025\/08\/02-andesmeals-1-1_optimized-705x472.jpg 705w, https:\/\/radiorevelacionfm.cl\/wp-content\/uploads\/2025\/08\/02-andesmeals-1-1_optimized-450x301.jpg 450w, https:\/\/radiorevelacionfm.cl\/wp-content\/uploads\/2025\/08\/02-andesmeals-1-1_optimized-600x402.jpg 600w\" sizes=\"(max-width: 896px) 100vw, 896px\" \/><\/div><\/div><\/div><\/div><div class=\"flex_column av_one_full  flex_column_div av-zero-column-padding first  avia-builder-el-2  el_after_av_one_full  el_before_av_one_full  column-top-margin\" style='border-radius:0px; '><section class=\"av_textblock_section \"  itemscope=\"itemscope\" itemtype=\"https:\/\/schema.org\/BlogPosting\" itemprop=\"blogPost\" ><div class='avia_textblock  '   itemprop=\"text\" ><p style=\"text-align: center;\"><strong><span style=\"font-size: 18pt;\">Andesmeals impulsa un modelo de alimentaci\u00f3n sostenible con proyecci\u00f3n internacional con apoyo de Corfo Ays\u00e9n<\/span><\/strong><\/p>\n<div id=\"gtx-trans\" style=\"position: absolute; left: -50px; top: 4.31534px;\">\n<div class=\"gtx-trans-icon\"><\/div>\n<\/div>\n<\/div><\/section><\/div><div class=\"flex_column av_one_full  flex_column_div av-zero-column-padding first  avia-builder-el-4  el_after_av_one_full  el_before_av_hr  column-top-margin\" style='border-radius:0px; '><section class=\"av_textblock_section \"  itemscope=\"itemscope\" itemtype=\"https:\/\/schema.org\/BlogPosting\" itemprop=\"blogPost\" ><div class='avia_textblock  '   itemprop=\"text\" ><p style=\"font-weight: 400; text-align: justify;\"><em>Respaldado por el programa Semilla Inicia para Empresas Lideradas por Mujeres, el emprendimiento convierte excedentes agr\u00edcolas de la Regi\u00f3n de Ays\u00e9n en alimentos nutritivos, duraderos y de bajo impacto ambiental.<\/em><\/p>\n<p style=\"font-weight: 400; text-align: justify;\">Con apoyo de Corfo, a trav\u00e9s del programa Semilla Inicia para Empresas Lideradas por Mujeres, <a href=\"http:\/\/www.andesmeals.com\/\" data-saferedirecturl=\"https:\/\/www.google.com\/url?q=http:\/\/www.andesmeals.com\/&amp;source=gmail&amp;ust=1756304840984000&amp;usg=AOvVaw2it8Q3h0i88MC-AB15R6Nq\">Andesmeals<\/a>\u00a0est\u00e1 demostrando que la innovaci\u00f3n puede surgir desde territorios extremos como la Regi\u00f3n de Ays\u00e9n. Liderado por la ge\u00f3loga y gu\u00eda de monta\u00f1a Mar\u00eda Paz Quercia, este emprendimiento transforma excedentes agr\u00edcolas en alimentos deshidratados, saludables y de larga duraci\u00f3n. Lo que comenz\u00f3 como una soluci\u00f3n personal se ha convertido en un modelo de econom\u00eda circular con fuerte arraigo territorial y proyecci\u00f3n internacional.<\/p>\n<p style=\"font-weight: 400; text-align: justify;\">\u201cSoy ge\u00f3loga, gu\u00eda de monta\u00f1a y nac\u00ed en esta hermosa regi\u00f3n. Muchas veces, por razones laborales, necesitaba alimentarme de forma saludable en lugares remotos, sin sumar peso a la mochila y sin renunciar a comida real\u201d, relata Mar\u00eda Paz. A esa experiencia se sum\u00f3 una preocupaci\u00f3n que identific\u00f3 en su comunidad Chile Chico, en el que muchos peque\u00f1os productores no logran vender toda su cosecha. \u201c<a href=\"https:\/\/www.instagram.com\/andesmeals\/\" data-saferedirecturl=\"https:\/\/www.google.com\/url?q=https:\/\/www.instagram.com\/andesmeals\/&amp;source=gmail&amp;ust=1756304840984000&amp;usg=AOvVaw14ZyiN62oADHz4tOof4oZ-\">Andesmeals<\/a>\u00a0es la manera perfecta de alargar la vida \u00fatil de los alimentos y llegar a personas en cualquier parte del mundo que jam\u00e1s imaginaron comer algo hecho en la Patagonia\u201d, afirma.<\/p>\n<p style=\"font-weight: 400; text-align: justify;\">La propuesta se basa en la elaboraci\u00f3n de alimentos no perecibles que no requieren refrigeraci\u00f3n, ideales para quienes viven en zonas aisladas o realizan actividades al aire libre. \u201cCada plato est\u00e1 hecho con dedicaci\u00f3n, como si estuvieras comiendo en casa. Usamos ingredientes naturales y locales, y nuestra etiqueta informa de forma clara lo que est\u00e1s consumiendo, con respaldo de an\u00e1lisis nutricional certificado\u201d, explica.<\/p>\n<p style=\"font-weight: 400; text-align: justify;\">Desde Corfo valoran este tipo de iniciativas que combinan innovaci\u00f3n, sostenibilidad y liderazgo femenino. \u201cEstamos convencidos de que el talento y la innovaci\u00f3n pueden surgir desde cualquier rinc\u00f3n del pa\u00eds, incluso en los lugares m\u00e1s apartados\u201d, se\u00f1al\u00f3 Humberto Mar\u00edn Leiva, director de Corfo Ays\u00e9n. \u201cApoyar proyectos como Andesmeals es parte de nuestro compromiso con la descentralizaci\u00f3n y el desarrollo regional con perspectiva de g\u00e9nero\u201d, agreg\u00f3.<\/p>\n<p style=\"font-weight: 400; text-align: justify;\"><strong>INNOVACI\u00d3N CON IDENTIDAD LOCAL<\/strong><\/p>\n<p style=\"font-weight: 400; text-align: justify;\">Uno de los aspectos distintivos del emprendimiento es su compromiso con la producci\u00f3n regional. \u201cVi una oportunidad en esos productos que antes se perd\u00edan. Decid\u00ed transformarlos, darles valor y proyectarlos desde Ays\u00e9n\u201d, se\u00f1ala la fundadora.<\/p>\n<p style=\"font-weight: 400; text-align: justify;\">El proceso productivo utiliza envases reutilizables o reciclables, y genera empleos justos en la regi\u00f3n. Adem\u00e1s, Andesmeals promueve la soberan\u00eda alimentaria al fomentar el uso de insumos locales y reducir las p\u00e9rdidas de alimentos. \u201cNuestra idea no es solo ofrecer un buen producto, sino tambi\u00e9n contribuir a una cultura m\u00e1s consciente sobre c\u00f3mo y con qu\u00e9 nos alimentamos\u201d, agrega.<\/p>\n<p style=\"font-weight: 400; text-align: justify;\"><strong>EMPRENDER DESDE LOS EXTREMOS<\/strong><\/p>\n<p style=\"font-weight: 400; text-align: justify;\">Mar\u00eda Paz reconoce que emprender desde Ays\u00e9n ha implicado desaf\u00edos importantes: altos costos log\u00edsticos, escasa oferta de insumos y menor acceso a redes de apoyo t\u00e9cnico. \u201cMuchas veces me dijeron que me trasladara a una ciudad m\u00e1s competitiva, pero si no apoyamos nosotras y nosotros mismos a nuestra regi\u00f3n, \u00bfqui\u00e9n lo va a hacer?\u201d, plantea.<\/p>\n<p style=\"font-weight: 400; text-align: justify;\">En este camino, el respaldo de Corfo ha sido clave. \u201cGracias al programa Semilla Inicia, perfeccionamos nuestros productos, los adaptamos a lo que buscan nuestras y nuestros clientes, y pudimos proyectarnos a nuevos mercados fuera de la regi\u00f3n\u201d, destaca.<\/p>\n<p style=\"font-weight: 400; text-align: justify;\">Hoy, Andesmeals avanza con una visi\u00f3n clara: consolidar un modelo que impulse la producci\u00f3n local, genere empleos dignos y reduzca el desecho de alimentos. \u201cQueremos que, al preferir nuestras verduras deshidratadas, tambi\u00e9n se pierda menos comida en casa. Y so\u00f1amos con que alguien, en cualquier parte del mundo, pueda probar algo de la Patagonia y, al hacerlo, est\u00e9 apoyando a quienes cultivan en esta tierra\u201d, concluy\u00f3.<\/p>\n<\/div><\/section><\/div><div  style='height:50px' class='hr hr-invisible   avia-builder-el-6  el_after_av_one_full  el_before_av_social_share '><span class='hr-inner ' ><span class='hr-inner-style'><\/span><\/span><\/div><\/p>\n<div  class='av-social-sharing-box  avia-builder-el-7  el_after_av_hr  el_before_av_hr  '><div class='av-share-box'><h5 class='av-share-link-description av-no-toc '>Compartir esta noticia<\/h5><ul class='av-share-box-list noLightbox'><li class='av-share-link av-social-link-facebook' ><a target=\"_blank\" aria-label=\"Compartir en Facebook\" href='https:\/\/www.facebook.com\/sharer.php?u=https:\/\/radiorevelacionfm.cl\/?p=58284&#038;t=Andesmeals%20impulsa%20un%20modelo%20de%20alimentaci%C3%B3n%20sostenible%20con%20proyecci%C3%B3n%20internacional%20con%20apoyo%20de%20Corfo%20Ays%C3%A9n' aria-hidden='false' data-av_icon='\ue8f3' data-av_iconfont='entypo-fontello' title='' data-avia-related-tooltip='Compartir en Facebook' rel=\"noopener\"><span class='avia_hidden_link_text'>Compartir en Facebook<\/span><\/a><\/li><li class='av-share-link av-social-link-twitter' ><a target=\"_blank\" aria-label=\"Compartir en Twitter\" href='https:\/\/twitter.com\/share?text=Andesmeals%20impulsa%20un%20modelo%20de%20alimentaci%C3%B3n%20sostenible%20con%20proyecci%C3%B3n%20internacional%20con%20apoyo%20de%20Corfo%20Ays%C3%A9n&#038;url=https:\/\/radiorevelacionfm.cl\/?p=58284' aria-hidden='false' data-av_icon='\ue8f1' data-av_iconfont='entypo-fontello' title='' data-avia-related-tooltip='Compartir en Twitter' rel=\"noopener\"><span class='avia_hidden_link_text'>Compartir en Twitter<\/span><\/a><\/li><li class='av-share-link av-social-link-whatsapp' ><a target=\"_blank\" aria-label=\"Compartir en Whatsapp\" href='https:\/\/api.whatsapp.com\/send?text=https:\/\/radiorevelacionfm.cl\/?p=58284' aria-hidden='false' data-av_icon='\uf232' data-av_iconfont='entypo-fontello' title='' data-avia-related-tooltip='Compartir en Whatsapp' rel=\"noopener\"><span class='avia_hidden_link_text'>Compartir en Whatsapp<\/span><\/a><\/li><li class='av-share-link av-social-link-linkedin' ><a target=\"_blank\" aria-label=\"Compartir en LinkedIn\" href='https:\/\/linkedin.com\/shareArticle?mini=true&#038;title=Andesmeals%20impulsa%20un%20modelo%20de%20alimentaci%C3%B3n%20sostenible%20con%20proyecci%C3%B3n%20internacional%20con%20apoyo%20de%20Corfo%20Ays%C3%A9n&#038;url=https:\/\/radiorevelacionfm.cl\/?p=58284' aria-hidden='false' data-av_icon='\ue8fc' data-av_iconfont='entypo-fontello' title='' data-avia-related-tooltip='Compartir en LinkedIn' rel=\"noopener\"><span class='avia_hidden_link_text'>Compartir en LinkedIn<\/span><\/a><\/li><li class='av-share-link av-social-link-mail' ><a  aria-label=\"Compartir por correo\" href='mailto:?subject=Andesmeals%20impulsa%20un%20modelo%20de%20alimentaci%C3%B3n%20sostenible%20con%20proyecci%C3%B3n%20internacional%20con%20apoyo%20de%20Corfo%20Ays%C3%A9n&#038;body=https:\/\/radiorevelacionfm.cl\/?p=58284' aria-hidden='false' data-av_icon='\ue805' data-av_iconfont='entypo-fontello' title='' data-avia-related-tooltip='Compartir por correo'><span class='avia_hidden_link_text'>Compartir por correo<\/span><\/a><\/li><\/ul><\/div><\/div>\n<div  style='height:50px' class='hr hr-invisible   avia-builder-el-8  el_after_av_social_share  el_before_av_comments_list '><span class='hr-inner ' ><span class='hr-inner-style'><\/span><\/span><\/div>\n<div  class='av-buildercomment  av-blog-meta-html-info-disabled av-blog-meta-tag-disabled  '><\/div>\n","protected":false},"excerpt":{"rendered":"","protected":false},"author":1,"featured_media":58285,"comment_status":"closed","ping_status":"closed","sticky":false,"template":"","format":"standard","meta":{"footnotes":""},"categories":[38],"tags":[],"class_list":["post-58284","post","type-post","status-publish","format-standard","has-post-thumbnail","hentry","category-regional"],"jetpack_featured_media_url":"https:\/\/radiorevelacionfm.cl\/wp-content\/uploads\/2025\/08\/02-andesmeals-1-1_optimized.jpg","_links":{"self":[{"href":"https:\/\/radiorevelacionfm.cl\/index.php?rest_route=\/wp\/v2\/posts\/58284","targetHints":{"allow":["GET"]}}],"collection":[{"href":"https:\/\/radiorevelacionfm.cl\/index.php?rest_route=\/wp\/v2\/posts"}],"about":[{"href":"https:\/\/radiorevelacionfm.cl\/index.php?rest_route=\/wp\/v2\/types\/post"}],"author":[{"embeddable":true,"href":"https:\/\/radiorevelacionfm.cl\/index.php?rest_route=\/wp\/v2\/users\/1"}],"replies":[{"embeddable":true,"href":"https:\/\/radiorevelacionfm.cl\/index.php?rest_route=%2Fwp%2Fv2%2Fcomments&post=58284"}],"version-history":[{"count":2,"href":"https:\/\/radiorevelacionfm.cl\/index.php?rest_route=\/wp\/v2\/posts\/58284\/revisions"}],"predecessor-version":[{"id":58287,"href":"https:\/\/radiorevelacionfm.cl\/index.php?rest_route=\/wp\/v2\/posts\/58284\/revisions\/58287"}],"wp:featuredmedia":[{"embeddable":true,"href":"https:\/\/radiorevelacionfm.cl\/index.php?rest_route=\/wp\/v2\/media\/58285"}],"wp:attachment":[{"href":"https:\/\/radiorevelacionfm.cl\/index.php?rest_route=%2Fwp%2Fv2%2Fmedia&parent=58284"}],"wp:term":[{"taxonomy":"category","embeddable":true,"href":"https:\/\/radiorevelacionfm.cl\/index.php?rest_route=%2Fwp%2Fv2%2Fcategories&post=58284"},{"taxonomy":"post_tag","embeddable":true,"href":"https:\/\/radiorevelacionfm.cl\/index.php?rest_route=%2Fwp%2Fv2%2Ftags&post=58284"}],"curies":[{"name":"wp","href":"https:\/\/api.w.org\/{rel}","templated":true}]}}