{"id":58281,"date":"2025-08-26T14:50:42","date_gmt":"2025-08-26T17:50:42","guid":{"rendered":"https:\/\/radiorevelacionfm.cl\/?p=58281"},"modified":"2025-08-26T14:50:42","modified_gmt":"2025-08-26T17:50:42","slug":"nueva-seremi-de-energia-sandra-maldonado-garces-agradece-nombramiento-y-reafirma-compromiso-con-el-desarrollo-energetico-sostenible","status":"publish","type":"post","link":"https:\/\/radiorevelacionfm.cl\/?p=58281","title":{"rendered":"Nueva Seremi de Energ\u00eda Sandra Maldonado Garc\u00e9s, agradece nombramiento y reafirma compromiso con el desarrollo energ\u00e9tico sostenible"},"content":{"rendered":"<div class=\"flex_column av_one_full  flex_column_div av-zero-column-padding first  avia-builder-el-0  el_before_av_one_full  avia-builder-el-first  \" style='border-radius:0px; '><div  class='avia-image-container  av-styling-    avia-builder-el-1  avia-builder-el-no-sibling  avia-align-center '  itemprop=\"image\" itemscope=\"itemscope\" itemtype=\"https:\/\/schema.org\/ImageObject\"  ><div class='avia-image-container-inner'><div class='avia-image-overlay-wrap'><img decoding=\"async\" class='wp-image-58282 avia-img-lazy-loading-not-58282 avia_image' src=\"https:\/\/radiorevelacionfm.cl\/wp-content\/uploads\/2025\/08\/seremi-maldonado-1_optimized.jpeg\" alt='' title='seremi-maldonado-(1)_optimized' height=\"600\" width=\"800\"  itemprop=\"thumbnailUrl\" srcset=\"https:\/\/radiorevelacionfm.cl\/wp-content\/uploads\/2025\/08\/seremi-maldonado-1_optimized.jpeg 800w, https:\/\/radiorevelacionfm.cl\/wp-content\/uploads\/2025\/08\/seremi-maldonado-1_optimized-300x225.jpeg 300w, https:\/\/radiorevelacionfm.cl\/wp-content\/uploads\/2025\/08\/seremi-maldonado-1_optimized-768x576.jpeg 768w, https:\/\/radiorevelacionfm.cl\/wp-content\/uploads\/2025\/08\/seremi-maldonado-1_optimized-705x529.jpeg 705w, https:\/\/radiorevelacionfm.cl\/wp-content\/uploads\/2025\/08\/seremi-maldonado-1_optimized-450x338.jpeg 450w, https:\/\/radiorevelacionfm.cl\/wp-content\/uploads\/2025\/08\/seremi-maldonado-1_optimized-600x450.jpeg 600w\" sizes=\"(max-width: 800px) 100vw, 800px\" \/><\/div><\/div><\/div><\/div><div class=\"flex_column av_one_full  flex_column_div av-zero-column-padding first  avia-builder-el-2  el_after_av_one_full  el_before_av_one_full  column-top-margin\" style='border-radius:0px; '><section class=\"av_textblock_section \"  itemscope=\"itemscope\" itemtype=\"https:\/\/schema.org\/BlogPosting\" itemprop=\"blogPost\" ><div class='avia_textblock  '   itemprop=\"text\" ><p style=\"text-align: center;\"><strong><span style=\"font-size: 18pt;\">Nueva Seremi de Energ\u00eda Sandra Maldonado Garc\u00e9s, agradece nombramiento y reafirma compromiso con el desarrollo energ\u00e9tico sostenible<\/span><\/strong><\/p>\n<div id=\"gtx-trans\" style=\"position: absolute; left: -50px; top: 4.31534px;\">\n<div class=\"gtx-trans-icon\"><\/div>\n<\/div>\n<\/div><\/section><\/div><div class=\"flex_column av_one_full  flex_column_div av-zero-column-padding first  avia-builder-el-4  el_after_av_one_full  el_before_av_hr  column-top-margin\" style='border-radius:0px; '><section class=\"av_textblock_section \"  itemscope=\"itemscope\" itemtype=\"https:\/\/schema.org\/BlogPosting\" itemprop=\"blogPost\" ><div class='avia_textblock  '   itemprop=\"text\" ><p style=\"text-align: justify;\">El Ministerio de Energ\u00eda anunci\u00f3 oficialmente el nombramiento de Sandra Maldonado Garc\u00e9s como la nueva Secretaria Regional Ministerial de Energ\u00eda en la Regi\u00f3n de Ays\u00e9n. Con una amplia trayectoria en gesti\u00f3n p\u00fablica, planificaci\u00f3n territorial y desarrollo regional, Maldonado asume este desaf\u00edo con el compromiso de impulsar un desarrollo energ\u00e9tico sostenible, cercano y acorde a las necesidades de las comunidades.<\/p>\n<p style=\"text-align: justify;\">Maldonado es de la ciudad de Puerto Ays\u00e9n, de profesi\u00f3n Trabajadora Social y cuenta con estudios de Mag\u00edster en Planificaci\u00f3n Territorial, adem\u00e1s de diplomados en Gerencia y Administraci\u00f3n P\u00fablica y Formulaci\u00f3n de Proyectos Regionales. Durante su carrera, ha liderado diversos programas sociales y productivos, trabajando en la implementaci\u00f3n de pol\u00edticas p\u00fablicas en distintas comunas de la regi\u00f3n y generando iniciativas que fortalecen el desarrollo territorial.<\/p>\n<p style=\"text-align: justify;\">La nueva Seremi expres\u00f3 su profundo agradecimiento al Presidente de la Rep\u00fablica, Gabriel Boric Font, y al Ministro de Energ\u00eda, Diego Pardow, por la confianza depositada en su persona para liderar esta cartera en una regi\u00f3n clave para el desarrollo energ\u00e9tico del pa\u00eds. \u201cRecibo este nombramiento con humildad, responsabilidad y un firme compromiso con los desaf\u00edos que enfrenta nuestra regi\u00f3n en materia energ\u00e9tica. Agradezco sinceramente al Presidente por esta oportunidad de contribuir desde el territorio al avance de una matriz energ\u00e9tica m\u00e1s limpia, inclusiva y resiliente\u201d, se\u00f1al\u00f3 Maldonado.<\/p>\n<p style=\"text-align: justify;\">Desde su rol, destac\u00f3 que trabajar\u00e1 de manera colaborativa con comunidades, autoridades locales, el sector privado y organizaciones sociales para impulsar proyectos que promuevan el uso eficiente de la energ\u00eda, el desarrollo de energ\u00edas renovables y la equidad territorial en el acceso energ\u00e9tico.<\/p>\n<p style=\"text-align: justify;\">Cabe se\u00f1alar, que inicio sus funciones con una agenda centrada en el fortalecimiento de la transici\u00f3n energ\u00e9tica, el acompa\u00f1amiento a proyectos locales y el impulso de pol\u00edticas p\u00fablicas que respondan a las particularidades de la regi\u00f3n. De esta manera, ya se reuni\u00f3 con el Delegado Presidencial Regional de Ays\u00e9n, Jorge D\u00edaz Guzm\u00e1n, para coordinar y planificar el trabajo del pr\u00f3ximo per\u00edodo, con el objetivo de entregar soluciones que integren a las comunidades y aprovechen de manera responsable los recursos energ\u00e9ticos de la regi\u00f3n.<\/p>\n<p style=\"text-align: justify;\">Finalmente, destac\u00f3 que \u201cquiero expresar mi profundo agradecimiento al Partido Socialista de Chile por depositar su confianza en mis capacidades y competencias para asumir el desaf\u00edo de ser Seremi de Energ\u00eda en la Regi\u00f3n de Ays\u00e9n. Me honra poder contribuir desde este espacio al fortalecimiento de las pol\u00edticas p\u00fablicas que promueven equidad, participaci\u00f3n y sostenibilidad para todas y todos\u201d.<\/p>\n<\/div><\/section><\/div><div  style='height:50px' class='hr hr-invisible   avia-builder-el-6  el_after_av_one_full  el_before_av_social_share '><span class='hr-inner ' ><span class='hr-inner-style'><\/span><\/span><\/div><\/p>\n<div  class='av-social-sharing-box  avia-builder-el-7  el_after_av_hr  el_before_av_hr  '><div class='av-share-box'><h5 class='av-share-link-description av-no-toc '>Compartir esta noticia<\/h5><ul class='av-share-box-list noLightbox'><li class='av-share-link av-social-link-facebook' ><a target=\"_blank\" aria-label=\"Compartir en Facebook\" href='https:\/\/www.facebook.com\/sharer.php?u=https:\/\/radiorevelacionfm.cl\/?p=58281&#038;t=Nueva%20Seremi%20de%20Energ%C3%ADa%20Sandra%20Maldonado%20Garc%C3%A9s%2C%20agradece%20nombramiento%20y%20reafirma%20compromiso%20con%20el%20desarrollo%20energ%C3%A9tico%20sostenible' aria-hidden='false' data-av_icon='\ue8f3' data-av_iconfont='entypo-fontello' title='' data-avia-related-tooltip='Compartir en Facebook' rel=\"noopener\"><span class='avia_hidden_link_text'>Compartir en Facebook<\/span><\/a><\/li><li class='av-share-link av-social-link-twitter' ><a target=\"_blank\" aria-label=\"Compartir en Twitter\" href='https:\/\/twitter.com\/share?text=Nueva%20Seremi%20de%20Energ%C3%ADa%20Sandra%20Maldonado%20Garc%C3%A9s%2C%20agradece%20nombramiento%20y%20reafirma%20compromiso%20con%20el%20desarrollo%20energ%C3%A9tico%20sostenible&#038;url=https:\/\/radiorevelacionfm.cl\/?p=58281' aria-hidden='false' data-av_icon='\ue8f1' data-av_iconfont='entypo-fontello' title='' data-avia-related-tooltip='Compartir en Twitter' rel=\"noopener\"><span class='avia_hidden_link_text'>Compartir en Twitter<\/span><\/a><\/li><li class='av-share-link av-social-link-whatsapp' ><a target=\"_blank\" aria-label=\"Compartir en Whatsapp\" href='https:\/\/api.whatsapp.com\/send?text=https:\/\/radiorevelacionfm.cl\/?p=58281' aria-hidden='false' data-av_icon='\uf232' data-av_iconfont='entypo-fontello' title='' data-avia-related-tooltip='Compartir en Whatsapp' rel=\"noopener\"><span class='avia_hidden_link_text'>Compartir en Whatsapp<\/span><\/a><\/li><li class='av-share-link av-social-link-linkedin' ><a target=\"_blank\" aria-label=\"Compartir en LinkedIn\" href='https:\/\/linkedin.com\/shareArticle?mini=true&#038;title=Nueva%20Seremi%20de%20Energ%C3%ADa%20Sandra%20Maldonado%20Garc%C3%A9s%2C%20agradece%20nombramiento%20y%20reafirma%20compromiso%20con%20el%20desarrollo%20energ%C3%A9tico%20sostenible&#038;url=https:\/\/radiorevelacionfm.cl\/?p=58281' aria-hidden='false' data-av_icon='\ue8fc' data-av_iconfont='entypo-fontello' title='' data-avia-related-tooltip='Compartir en LinkedIn' rel=\"noopener\"><span class='avia_hidden_link_text'>Compartir en LinkedIn<\/span><\/a><\/li><li class='av-share-link av-social-link-mail' ><a  aria-label=\"Compartir por correo\" href='mailto:?subject=Nueva%20Seremi%20de%20Energ%C3%ADa%20Sandra%20Maldonado%20Garc%C3%A9s%2C%20agradece%20nombramiento%20y%20reafirma%20compromiso%20con%20el%20desarrollo%20energ%C3%A9tico%20sostenible&#038;body=https:\/\/radiorevelacionfm.cl\/?p=58281' aria-hidden='false' data-av_icon='\ue805' data-av_iconfont='entypo-fontello' title='' data-avia-related-tooltip='Compartir por correo'><span class='avia_hidden_link_text'>Compartir por correo<\/span><\/a><\/li><\/ul><\/div><\/div>\n<div  style='height:50px' class='hr hr-invisible   avia-builder-el-8  el_after_av_social_share  el_before_av_comments_list '><span class='hr-inner ' ><span class='hr-inner-style'><\/span><\/span><\/div>\n<div  class='av-buildercomment  av-blog-meta-html-info-disabled av-blog-meta-tag-disabled  '><\/div>\n","protected":false},"excerpt":{"rendered":"","protected":false},"author":1,"featured_media":58282,"comment_status":"closed","ping_status":"closed","sticky":false,"template":"","format":"standard","meta":{"footnotes":""},"categories":[38],"tags":[],"class_list":["post-58281","post","type-post","status-publish","format-standard","has-post-thumbnail","hentry","category-regional"],"jetpack_featured_media_url":"https:\/\/radiorevelacionfm.cl\/wp-content\/uploads\/2025\/08\/seremi-maldonado-1_optimized.jpeg","_links":{"self":[{"href":"https:\/\/radiorevelacionfm.cl\/index.php?rest_route=\/wp\/v2\/posts\/58281","targetHints":{"allow":["GET"]}}],"collection":[{"href":"https:\/\/radiorevelacionfm.cl\/index.php?rest_route=\/wp\/v2\/posts"}],"about":[{"href":"https:\/\/radiorevelacionfm.cl\/index.php?rest_route=\/wp\/v2\/types\/post"}],"author":[{"embeddable":true,"href":"https:\/\/radiorevelacionfm.cl\/index.php?rest_route=\/wp\/v2\/users\/1"}],"replies":[{"embeddable":true,"href":"https:\/\/radiorevelacionfm.cl\/index.php?rest_route=%2Fwp%2Fv2%2Fcomments&post=58281"}],"version-history":[{"count":2,"href":"https:\/\/radiorevelacionfm.cl\/index.php?rest_route=\/wp\/v2\/posts\/58281\/revisions"}],"predecessor-version":[{"id":58289,"href":"https:\/\/radiorevelacionfm.cl\/index.php?rest_route=\/wp\/v2\/posts\/58281\/revisions\/58289"}],"wp:featuredmedia":[{"embeddable":true,"href":"https:\/\/radiorevelacionfm.cl\/index.php?rest_route=\/wp\/v2\/media\/58282"}],"wp:attachment":[{"href":"https:\/\/radiorevelacionfm.cl\/index.php?rest_route=%2Fwp%2Fv2%2Fmedia&parent=58281"}],"wp:term":[{"taxonomy":"category","embeddable":true,"href":"https:\/\/radiorevelacionfm.cl\/index.php?rest_route=%2Fwp%2Fv2%2Fcategories&post=58281"},{"taxonomy":"post_tag","embeddable":true,"href":"https:\/\/radiorevelacionfm.cl\/index.php?rest_route=%2Fwp%2Fv2%2Ftags&post=58281"}],"curies":[{"name":"wp","href":"https:\/\/api.w.org\/{rel}","templated":true}]}}