{"id":58272,"date":"2025-08-26T10:46:47","date_gmt":"2025-08-26T13:46:47","guid":{"rendered":"https:\/\/radiorevelacionfm.cl\/?p=58272"},"modified":"2025-08-26T10:55:00","modified_gmt":"2025-08-26T13:55:00","slug":"municipalidad-de-ohiggins-celebra-el-segundo-lugar-nacional-en-reciclaje-y-revela-las-claves-de-su-exito","status":"publish","type":"post","link":"https:\/\/radiorevelacionfm.cl\/?p=58272","title":{"rendered":"Municipalidad de O&#8217;Higgins celebra el segundo lugar nacional en reciclaje y revela las claves de su \u00e9xito"},"content":{"rendered":"<div class=\"flex_column av_one_full  flex_column_div av-zero-column-padding first  avia-builder-el-0  el_before_av_one_full  avia-builder-el-first  \" style='border-radius:0px; '><div  class='avia-image-container  av-styling-    avia-builder-el-1  avia-builder-el-no-sibling  avia-align-center '  itemprop=\"image\" itemscope=\"itemscope\" itemtype=\"https:\/\/schema.org\/ImageObject\"  ><div class='avia-image-container-inner'><div class='avia-image-overlay-wrap'><img decoding=\"async\" class='wp-image-58273 avia-img-lazy-loading-not-58273 avia_image' src=\"https:\/\/radiorevelacionfm.cl\/wp-content\/uploads\/2025\/08\/img_6503-1_optimized-1.jpg\" alt='' title='img_6503-(1)_optimized (1)' height=\"600\" width=\"800\"  itemprop=\"thumbnailUrl\" srcset=\"https:\/\/radiorevelacionfm.cl\/wp-content\/uploads\/2025\/08\/img_6503-1_optimized-1.jpg 800w, https:\/\/radiorevelacionfm.cl\/wp-content\/uploads\/2025\/08\/img_6503-1_optimized-1-300x225.jpg 300w, https:\/\/radiorevelacionfm.cl\/wp-content\/uploads\/2025\/08\/img_6503-1_optimized-1-768x576.jpg 768w, https:\/\/radiorevelacionfm.cl\/wp-content\/uploads\/2025\/08\/img_6503-1_optimized-1-705x529.jpg 705w, https:\/\/radiorevelacionfm.cl\/wp-content\/uploads\/2025\/08\/img_6503-1_optimized-1-450x338.jpg 450w, https:\/\/radiorevelacionfm.cl\/wp-content\/uploads\/2025\/08\/img_6503-1_optimized-1-600x450.jpg 600w\" sizes=\"(max-width: 800px) 100vw, 800px\" \/><\/div><\/div><\/div><\/div>\n<div class=\"flex_column av_one_full  flex_column_div av-zero-column-padding first  avia-builder-el-2  el_after_av_one_full  el_before_av_one_full  column-top-margin\" style='border-radius:0px; '><section class=\"av_textblock_section \"  itemscope=\"itemscope\" itemtype=\"https:\/\/schema.org\/BlogPosting\" itemprop=\"blogPost\" ><div class='avia_textblock  '   itemprop=\"text\" ><p style=\"text-align: center;\"><strong><span style=\"font-size: 18pt;\">Municipalidad de O&#8217;Higgins celebra el segundo lugar nacional en reciclaje y revela las claves de su \u00e9xito<\/span><\/strong><\/p>\n<div id=\"gtx-trans\" style=\"position: absolute; left: -50px; top: 4.31534px;\">\n<div class=\"gtx-trans-icon\"><\/div>\n<\/div>\n<\/div><\/section><\/div>\n<div class=\"flex_column av_one_full  flex_column_div av-zero-column-padding first  avia-builder-el-4  el_after_av_one_full  el_before_av_hr  column-top-margin\" style='border-radius:0px; '><section class=\"av_textblock_section \"  itemscope=\"itemscope\" itemtype=\"https:\/\/schema.org\/BlogPosting\" itemprop=\"blogPost\" ><div class='avia_textblock  '   itemprop=\"text\" ><p style=\"text-align: justify;\">La comuna de O&#8217;Higgins se ha posicionado como l\u00edder nacional en gesti\u00f3n ambiental, alcanzando el segundo lugar en un reciente estudio de la empresa Kyklos, difundido por Emol.com. Este hito destaca a la Municipalidad y a sus habitantes como referentes en materia de reciclaje, con un promedio de 45,2 kg de material reciclado por persona al a\u00f1o, superando a la mayor\u00eda de las comunas del pa\u00eds.<\/p>\n<p style=\"text-align: justify;\">Jorge Flores, del Departamento de Medio Ambiente, Biodiversidad, Aseo y Ornato del municipio, explic\u00f3 que este logro no se debe a un \u00fanico programa, sino a un enfoque integral y constante que se ha fortalecido a lo largo del tiempo. \u00abM\u00e1s que un programa espec\u00edfico, un hito relevante ha sido la instalaci\u00f3n de 13 puntos limpios en distintos sectores de la comuna, que facilitan la separaci\u00f3n de residuos como vidrio, papel, cart\u00f3n, pl\u00e1sticos y aluminio\u00bb, se\u00f1al\u00f3.<\/p>\n<p style=\"text-align: justify;\"><strong>Un sistema de recolecci\u00f3n diferenciado y el compromiso ciudadano<\/strong><\/p>\n<p style=\"text-align: justify;\">Uno de los pilares de este \u00e9xito es el sistema de recolecci\u00f3n diferenciada, que opera dos veces por semana: los lunes y jueves se recogen los residuos inorg\u00e1nicos por la ma\u00f1ana y los org\u00e1nicos por la tarde. \u00abEsta diferenciaci\u00f3n ha contribuido significativamente a la adecuada preparaci\u00f3n de los residuos para su posterior reciclaje\u00bb, afirm\u00f3 el encargado, destacando el rol fundamental de los operadores del relleno sanitario.<\/p>\n<p style=\"text-align: justify;\">La clave del alto \u00edndice de participaci\u00f3n ciudadana reside en el compromiso de la comunidad, que ha asumido la protecci\u00f3n del medio ambiente como una responsabilidad colectiva. \u00abEl principal incentivo que impulsa a la comunidad es el deseo colectivo de mantener este territorio pr\u00edstino, libre de residuos\u00bb, indic\u00f3 el representante municipal.<\/p>\n<p style=\"text-align: justify;\"><strong><u>Desaf\u00edos \u00fanicos de la Regi\u00f3n de Ays\u00e9n<\/u><\/strong><\/p>\n<p style=\"text-align: justify;\">A pesar del \u00e9xito, la gesti\u00f3n de residuos en O&#8217;Higgins no est\u00e1 exenta de desaf\u00edos. La ubicaci\u00f3n geogr\u00e1fica en la Regi\u00f3n de Ays\u00e9n presenta obst\u00e1culos log\u00edsticos y presupuestarios, como el elevado costo de trasladar los residuos valorizables a centros de reciclaje, que asciende a unos 2,5 millones de pesos. Las bajas temperaturas del oto\u00f1o e invierno tambi\u00e9n complican las operaciones. No obstante, el encargado destac\u00f3 el compromiso del personal de terreno, \u00abquienes cumplen con sus funciones semana a semana de manera ejemplar; sin su esfuerzo, nada de esto ser\u00eda posible\u00bb.<\/p>\n<p style=\"text-align: justify;\"><strong><u>Proyectos futuros y una visi\u00f3n de sostenibilidad<\/u><\/strong><\/p>\n<p style=\"text-align: justify;\">El municipio no se detiene en este logro y ya trabaja en nuevas iniciativas para fortalecer su gesti\u00f3n ambiental. Entre ellas, se encuentra la Certificaci\u00f3n Ambiental Municipal (SCAM), un proceso que busca ordenar y fortalecer la gesti\u00f3n ambiental interna. Adem\u00e1s, se est\u00e1n desarrollando proyectos concretos de econom\u00eda circular, como la habilitaci\u00f3n de una escombrera municipal y una planta de valorizaci\u00f3n de residuos org\u00e1nicos, que durante el 2024 trat\u00f3 aproximadamente 9 toneladas de residuos org\u00e1nicos a trav\u00e9s de compostaje y vermicompostaje.<\/p>\n<p style=\"text-align: justify;\">Con estos proyectos, O&#8217;Higgins reafirma su compromiso de seguir siendo un referente en la protecci\u00f3n de su entorno natural, demostrando que la dedicaci\u00f3n y la conciencia ambiental pueden superar cualquier desaf\u00edo.<\/p>\n<p style=\"text-align: justify;\"><b>VIDEO<\/b>: Enlace de video para concientizaci\u00f3n\u00a0en la separaci\u00f3n de residuos desarrollado por el equipo municipal:<br \/>\n<a href=\"https:\/\/youtu.be\/8CRtj9VWG8w?si=iRG0UQNtp0qNTS8_\" target=\"_blank\" rel=\"noopener\" data-saferedirecturl=\"https:\/\/www.google.com\/url?q=https:\/\/youtu.be\/8CRtj9VWG8w?si%3DiRG0UQNtp0qNTS8_&amp;source=gmail&amp;ust=1756301846408000&amp;usg=AOvVaw1PMFH3hnVJlhc60UUO8hR6\">https:\/\/youtu.be\/8CRtj9VWG8w?<wbr \/>si=iRG0UQNtp0qNTS8_<\/a><\/p>\n<\/div><\/section><\/div><div  style='height:50px' class='hr hr-invisible   avia-builder-el-6  el_after_av_one_full  el_before_av_social_share '><span class='hr-inner ' ><span class='hr-inner-style'><\/span><\/span><\/div><\/p>\n<div  class='av-social-sharing-box  avia-builder-el-7  el_after_av_hr  el_before_av_hr  '><div class='av-share-box'><h5 class='av-share-link-description av-no-toc '>Compartir esta noticia<\/h5><ul class='av-share-box-list noLightbox'><li class='av-share-link av-social-link-facebook' ><a target=\"_blank\" aria-label=\"Compartir en Facebook\" href='https:\/\/www.facebook.com\/sharer.php?u=https:\/\/radiorevelacionfm.cl\/?p=58272&#038;t=Municipalidad%20de%20O%E2%80%99Higgins%20celebra%20el%20segundo%20lugar%20nacional%20en%20reciclaje%20y%20revela%20las%20claves%20de%20su%20%C3%A9xito' aria-hidden='false' data-av_icon='\ue8f3' data-av_iconfont='entypo-fontello' title='' data-avia-related-tooltip='Compartir en Facebook' rel=\"noopener\"><span class='avia_hidden_link_text'>Compartir en Facebook<\/span><\/a><\/li><li class='av-share-link av-social-link-twitter' ><a target=\"_blank\" aria-label=\"Compartir en Twitter\" href='https:\/\/twitter.com\/share?text=Municipalidad%20de%20O%E2%80%99Higgins%20celebra%20el%20segundo%20lugar%20nacional%20en%20reciclaje%20y%20revela%20las%20claves%20de%20su%20%C3%A9xito&#038;url=https:\/\/radiorevelacionfm.cl\/?p=58272' aria-hidden='false' data-av_icon='\ue8f1' data-av_iconfont='entypo-fontello' title='' data-avia-related-tooltip='Compartir en Twitter' rel=\"noopener\"><span class='avia_hidden_link_text'>Compartir en Twitter<\/span><\/a><\/li><li class='av-share-link av-social-link-whatsapp' ><a target=\"_blank\" aria-label=\"Compartir en Whatsapp\" href='https:\/\/api.whatsapp.com\/send?text=https:\/\/radiorevelacionfm.cl\/?p=58272' aria-hidden='false' data-av_icon='\uf232' data-av_iconfont='entypo-fontello' title='' data-avia-related-tooltip='Compartir en Whatsapp' rel=\"noopener\"><span class='avia_hidden_link_text'>Compartir en Whatsapp<\/span><\/a><\/li><li class='av-share-link av-social-link-linkedin' ><a target=\"_blank\" aria-label=\"Compartir en LinkedIn\" href='https:\/\/linkedin.com\/shareArticle?mini=true&#038;title=Municipalidad%20de%20O%E2%80%99Higgins%20celebra%20el%20segundo%20lugar%20nacional%20en%20reciclaje%20y%20revela%20las%20claves%20de%20su%20%C3%A9xito&#038;url=https:\/\/radiorevelacionfm.cl\/?p=58272' aria-hidden='false' data-av_icon='\ue8fc' data-av_iconfont='entypo-fontello' title='' data-avia-related-tooltip='Compartir en LinkedIn' rel=\"noopener\"><span class='avia_hidden_link_text'>Compartir en LinkedIn<\/span><\/a><\/li><li class='av-share-link av-social-link-mail' ><a  aria-label=\"Compartir por correo\" href='mailto:?subject=Municipalidad%20de%20O%E2%80%99Higgins%20celebra%20el%20segundo%20lugar%20nacional%20en%20reciclaje%20y%20revela%20las%20claves%20de%20su%20%C3%A9xito&#038;body=https:\/\/radiorevelacionfm.cl\/?p=58272' aria-hidden='false' data-av_icon='\ue805' data-av_iconfont='entypo-fontello' title='' data-avia-related-tooltip='Compartir por correo'><span class='avia_hidden_link_text'>Compartir por correo<\/span><\/a><\/li><\/ul><\/div><\/div>\n<div  style='height:50px' class='hr hr-invisible   avia-builder-el-8  el_after_av_social_share  el_before_av_comments_list '><span class='hr-inner ' ><span class='hr-inner-style'><\/span><\/span><\/div>\n<div  class='av-buildercomment  av-blog-meta-html-info-disabled av-blog-meta-tag-disabled  '><\/div>\n","protected":false},"excerpt":{"rendered":"","protected":false},"author":1,"featured_media":58273,"comment_status":"closed","ping_status":"closed","sticky":false,"template":"","format":"standard","meta":{"footnotes":""},"categories":[38],"tags":[],"class_list":["post-58272","post","type-post","status-publish","format-standard","has-post-thumbnail","hentry","category-regional"],"jetpack_featured_media_url":"https:\/\/radiorevelacionfm.cl\/wp-content\/uploads\/2025\/08\/img_6503-1_optimized-1.jpg","_links":{"self":[{"href":"https:\/\/radiorevelacionfm.cl\/index.php?rest_route=\/wp\/v2\/posts\/58272","targetHints":{"allow":["GET"]}}],"collection":[{"href":"https:\/\/radiorevelacionfm.cl\/index.php?rest_route=\/wp\/v2\/posts"}],"about":[{"href":"https:\/\/radiorevelacionfm.cl\/index.php?rest_route=\/wp\/v2\/types\/post"}],"author":[{"embeddable":true,"href":"https:\/\/radiorevelacionfm.cl\/index.php?rest_route=\/wp\/v2\/users\/1"}],"replies":[{"embeddable":true,"href":"https:\/\/radiorevelacionfm.cl\/index.php?rest_route=%2Fwp%2Fv2%2Fcomments&post=58272"}],"version-history":[{"count":3,"href":"https:\/\/radiorevelacionfm.cl\/index.php?rest_route=\/wp\/v2\/posts\/58272\/revisions"}],"predecessor-version":[{"id":58275,"href":"https:\/\/radiorevelacionfm.cl\/index.php?rest_route=\/wp\/v2\/posts\/58272\/revisions\/58275"}],"wp:featuredmedia":[{"embeddable":true,"href":"https:\/\/radiorevelacionfm.cl\/index.php?rest_route=\/wp\/v2\/media\/58273"}],"wp:attachment":[{"href":"https:\/\/radiorevelacionfm.cl\/index.php?rest_route=%2Fwp%2Fv2%2Fmedia&parent=58272"}],"wp:term":[{"taxonomy":"category","embeddable":true,"href":"https:\/\/radiorevelacionfm.cl\/index.php?rest_route=%2Fwp%2Fv2%2Fcategories&post=58272"},{"taxonomy":"post_tag","embeddable":true,"href":"https:\/\/radiorevelacionfm.cl\/index.php?rest_route=%2Fwp%2Fv2%2Ftags&post=58272"}],"curies":[{"name":"wp","href":"https:\/\/api.w.org\/{rel}","templated":true}]}}