{"id":58265,"date":"2025-08-26T10:20:33","date_gmt":"2025-08-26T13:20:33","guid":{"rendered":"https:\/\/radiorevelacionfm.cl\/?p=58265"},"modified":"2025-08-26T10:20:33","modified_gmt":"2025-08-26T13:20:33","slug":"hospital-regional-coyhaique-lleva-a-cabo-las-primeras-jornada-de-capacitacion-en-cardiologia","status":"publish","type":"post","link":"https:\/\/radiorevelacionfm.cl\/?p=58265","title":{"rendered":"Hospital Regional Coyhaique lleva a cabo las primeras \u201cJornada de Capacitaci\u00f3n en Cardiolog\u00eda\u201d"},"content":{"rendered":"<div class=\"flex_column av_one_full  flex_column_div av-zero-column-padding first  avia-builder-el-0  el_before_av_one_full  avia-builder-el-first  \" style='border-radius:0px; '><div  class='avia-image-container  av-styling-    avia-builder-el-1  avia-builder-el-no-sibling  avia-align-center '  itemprop=\"image\" itemscope=\"itemscope\" itemtype=\"https:\/\/schema.org\/ImageObject\"  ><div class='avia-image-container-inner'><div class='avia-image-overlay-wrap'><img decoding=\"async\" class='wp-image-58266 avia-img-lazy-loading-not-58266 avia_image' src=\"https:\/\/radiorevelacionfm.cl\/wp-content\/uploads\/2025\/08\/JORNADAS-CARDIOLGIA-4-1-1.jpg\" alt='' title='JORNADAS CARDIOLGIA (4) (1) (1)' height=\"600\" width=\"840\"  itemprop=\"thumbnailUrl\" srcset=\"https:\/\/radiorevelacionfm.cl\/wp-content\/uploads\/2025\/08\/JORNADAS-CARDIOLGIA-4-1-1.jpg 840w, https:\/\/radiorevelacionfm.cl\/wp-content\/uploads\/2025\/08\/JORNADAS-CARDIOLGIA-4-1-1-300x214.jpg 300w, https:\/\/radiorevelacionfm.cl\/wp-content\/uploads\/2025\/08\/JORNADAS-CARDIOLGIA-4-1-1-768x549.jpg 768w, https:\/\/radiorevelacionfm.cl\/wp-content\/uploads\/2025\/08\/JORNADAS-CARDIOLGIA-4-1-1-260x185.jpg 260w, https:\/\/radiorevelacionfm.cl\/wp-content\/uploads\/2025\/08\/JORNADAS-CARDIOLGIA-4-1-1-705x504.jpg 705w, https:\/\/radiorevelacionfm.cl\/wp-content\/uploads\/2025\/08\/JORNADAS-CARDIOLGIA-4-1-1-450x321.jpg 450w, https:\/\/radiorevelacionfm.cl\/wp-content\/uploads\/2025\/08\/JORNADAS-CARDIOLGIA-4-1-1-600x429.jpg 600w\" sizes=\"(max-width: 840px) 100vw, 840px\" \/><\/div><\/div><\/div><\/div><div class=\"flex_column av_one_full  flex_column_div av-zero-column-padding first  avia-builder-el-2  el_after_av_one_full  el_before_av_one_full  column-top-margin\" style='border-radius:0px; '><section class=\"av_textblock_section \"  itemscope=\"itemscope\" itemtype=\"https:\/\/schema.org\/BlogPosting\" itemprop=\"blogPost\" ><div class='avia_textblock  '   itemprop=\"text\" ><p style=\"text-align: center;\"><span style=\"font-size: 18pt;\"><strong>Hospital Regional Coyhaique lleva a cabo las primeras \u201cJornada de Capacitaci\u00f3n en Cardiolog\u00eda\u201d<\/strong><\/span><\/p>\n<div id=\"gtx-trans\" style=\"position: absolute; left: -50px; top: 4.31534px;\">\n<div class=\"gtx-trans-icon\"><\/div>\n<\/div>\n<\/div><\/section><\/div><div class=\"flex_column av_one_full  flex_column_div av-zero-column-padding first  avia-builder-el-4  el_after_av_one_full  el_before_av_hr  column-top-margin\" style='border-radius:0px; '><section class=\"av_textblock_section \"  itemscope=\"itemscope\" itemtype=\"https:\/\/schema.org\/BlogPosting\" itemprop=\"blogPost\" ><div class='avia_textblock  '   itemprop=\"text\" ><p style=\"text-align: justify;\"><em>La iniciativa, organizada por la Unidad de Cardiolog\u00eda del \u00fanico hospital de alta complejidad de la regi\u00f3n, se centr\u00f3 en actualizar conocimientos pr\u00e1cticos y te\u00f3ricos que permitan al personal cl\u00ednico apoyar de mejor manera a las y los pacientes con patolog\u00edas card\u00edacas.<\/em><\/p>\n<p style=\"text-align: justify;\">En el marco del Mes del Coraz\u00f3n, la Unidad de Cardiolog\u00eda del Hospital Regional Coyhaique organiz\u00f3 la primera \u201cJornada de Capacitaci\u00f3n en Cardiolog\u00eda\u201d, instancia destinada a diversos profesionales de la salud \u2013 enfermer\u00eda, kinesiolog\u00eda, TENS, entre otros- interesados en actualizar y profundizar sus conocimientos en torno a las funciones del coraz\u00f3n y las patolog\u00edas asociadas.<\/p>\n<p style=\"text-align: justify;\">M\u00e9todos diagn\u00f3sticos, dispositivos card\u00edacos, insuficiencia card\u00edaca, rehabilitaci\u00f3n y autocuidado del coraz\u00f3n, fueron parte de las tem\u00e1ticas expuestas en esta jornada, que cont\u00f3 con una amplia participaci\u00f3n de profesionales de la Red Asistencial de Ays\u00e9n.<\/p>\n<p style=\"text-align: justify;\">\u201cEsta idea surge porque agosto es el Mes del Coraz\u00f3n, y vemos todos los d\u00edas la necesidad del Policl\u00ednico de Cardiolog\u00eda, ya que todos los d\u00edas surgen nuevos pacientes, todos necesitamos cuidar nuestro coraz\u00f3n y tambi\u00e9n las y los funcionarios necesitamos capacitaci\u00f3n tanto en Cardiolog\u00eda como en otras habilidades, demostrando tambi\u00e9n el trabajo que hacemos en esta unidad\u201d precis\u00f3 Sonia Soto, enfermera jefa del Policl\u00ednico de Cardiolog\u00eda del HRC.<\/p>\n<p style=\"text-align: justify;\">En ese sentido, el Dr. Alejandro Fleming, cardi\u00f3logo que se incorpor\u00f3 al staff de especialistas del HRC en marzo de este a\u00f1o, hizo hincapi\u00e9 en la importancia de contar con un equipo de apoyo cl\u00ednico -enfermeras, TENS, entre otros- capaz de brindar una atenci\u00f3n oportuna y actualizada para los pacientes, sobre todo considerando que las enfermedades cardiovasculares son la primera causa de muerte en Chile.<\/p>\n<p style=\"text-align: justify;\">\u201cEs de vital importancia, sobre todo en regiones, contar con un equipo tanto m\u00e9dico como de apoyo que tenga una alta capacidad de trabajo y de ayuda en el diagn\u00f3stico, cubriendo las enfermedades cardiovasculares. El conocimiento no debe ser solamente del m\u00e9dico, sino tambi\u00e9n debe ser transferido a todo el equipo, ya que es una patolog\u00eda muy prevalente, tiene altas complicaciones y nadie esta exento de alguna enfermedad de tipo cardiol\u00f3gica, ya sea por factores de riesgo u otros\u201d, sostuvo el cardi\u00f3logo del Hospital Regional Coyhaique.<\/p>\n<p style=\"text-align: justify;\"><strong>CUIDEMOS NUESTRO CORAZ\u00d3N<\/strong><\/p>\n<p style=\"text-align: justify;\">Una de las expositoras de esta jornada fue la Dra. Cecilia V\u00e1squez, m\u00e9dico internista quien se ha especializado en medicina del estilo de vida, que busca empoderar a las personas en el cuidado de su propia salud.<\/p>\n<p style=\"text-align: justify;\">\u201cEn la medicina del estilo de vida, se enfatiza en aquellas cosas que han demostrado con evidencia que pueden ayudar a disminuir el desarrollo de enfermedades. Dentro de las medidas principales est\u00e1n los cambios alimenticios, la realizaci\u00f3n de actividad f\u00edsica de forma regular, el cese de sustancias t\u00f3xicas, buen h\u00e1bito de sue\u00f1o, mantener relaciones sociales que sean saludables y aprender a controlar el estr\u00e9s de la vida cotidiana\u201d, indica la Dra. V\u00e1squez.<\/p>\n<p style=\"text-align: justify;\">La especialista agreg\u00f3 que, en el caso de la regi\u00f3n de Ays\u00e9n, donde existen factores externos que afectan la salud de sus habitantes, como los altos \u00edndices de contaminaci\u00f3n o la escasa oferta de frutas y verduras, el autocuidado del coraz\u00f3n es de alta importancia en materia de prevenci\u00f3n.<\/p>\n<p style=\"text-align: justify;\">\u201cCada uno de nosotros tiene la responsabilidad de, por ejemplo, en una zona donde hay inseguridad alimentaria sobre todo de alimentos altos en fibra como frutas y verduras, tenemos que intentar hacer las mejores elecciones dentro de lo que est\u00e1 disponible y fortalecer al mismo tiempo todas las medidas que s\u00ed dependen de uno, como evitar la ingesta de sustancias t\u00f3xicas o mejorar nuestros h\u00e1bitos de sue\u00f1o\u201d, sostuvo la profesional.<\/p>\n<\/div><\/section><\/div><div  style='height:50px' class='hr hr-invisible   avia-builder-el-6  el_after_av_one_full  el_before_av_social_share '><span class='hr-inner ' ><span class='hr-inner-style'><\/span><\/span><\/div><\/p>\n<div  class='av-social-sharing-box  avia-builder-el-7  el_after_av_hr  el_before_av_hr  '><div class='av-share-box'><h5 class='av-share-link-description av-no-toc '>Compartir esta noticia<\/h5><ul class='av-share-box-list noLightbox'><li class='av-share-link av-social-link-facebook' ><a target=\"_blank\" aria-label=\"Compartir en Facebook\" href='https:\/\/www.facebook.com\/sharer.php?u=https:\/\/radiorevelacionfm.cl\/?p=58265&#038;t=Hospital%20Regional%20Coyhaique%20lleva%20a%20cabo%20las%20primeras%20%E2%80%9CJornada%20de%20Capacitaci%C3%B3n%20en%20Cardiolog%C3%ADa%E2%80%9D' aria-hidden='false' data-av_icon='\ue8f3' data-av_iconfont='entypo-fontello' title='' data-avia-related-tooltip='Compartir en Facebook' rel=\"noopener\"><span class='avia_hidden_link_text'>Compartir en Facebook<\/span><\/a><\/li><li class='av-share-link av-social-link-twitter' ><a target=\"_blank\" aria-label=\"Compartir en Twitter\" href='https:\/\/twitter.com\/share?text=Hospital%20Regional%20Coyhaique%20lleva%20a%20cabo%20las%20primeras%20%E2%80%9CJornada%20de%20Capacitaci%C3%B3n%20en%20Cardiolog%C3%ADa%E2%80%9D&#038;url=https:\/\/radiorevelacionfm.cl\/?p=58265' aria-hidden='false' data-av_icon='\ue8f1' data-av_iconfont='entypo-fontello' title='' data-avia-related-tooltip='Compartir en Twitter' rel=\"noopener\"><span class='avia_hidden_link_text'>Compartir en Twitter<\/span><\/a><\/li><li class='av-share-link av-social-link-whatsapp' ><a target=\"_blank\" aria-label=\"Compartir en Whatsapp\" href='https:\/\/api.whatsapp.com\/send?text=https:\/\/radiorevelacionfm.cl\/?p=58265' aria-hidden='false' data-av_icon='\uf232' data-av_iconfont='entypo-fontello' title='' data-avia-related-tooltip='Compartir en Whatsapp' rel=\"noopener\"><span class='avia_hidden_link_text'>Compartir en Whatsapp<\/span><\/a><\/li><li class='av-share-link av-social-link-linkedin' ><a target=\"_blank\" aria-label=\"Compartir en LinkedIn\" href='https:\/\/linkedin.com\/shareArticle?mini=true&#038;title=Hospital%20Regional%20Coyhaique%20lleva%20a%20cabo%20las%20primeras%20%E2%80%9CJornada%20de%20Capacitaci%C3%B3n%20en%20Cardiolog%C3%ADa%E2%80%9D&#038;url=https:\/\/radiorevelacionfm.cl\/?p=58265' aria-hidden='false' data-av_icon='\ue8fc' data-av_iconfont='entypo-fontello' title='' data-avia-related-tooltip='Compartir en LinkedIn' rel=\"noopener\"><span class='avia_hidden_link_text'>Compartir en LinkedIn<\/span><\/a><\/li><li class='av-share-link av-social-link-mail' ><a  aria-label=\"Compartir por correo\" href='mailto:?subject=Hospital%20Regional%20Coyhaique%20lleva%20a%20cabo%20las%20primeras%20%E2%80%9CJornada%20de%20Capacitaci%C3%B3n%20en%20Cardiolog%C3%ADa%E2%80%9D&#038;body=https:\/\/radiorevelacionfm.cl\/?p=58265' aria-hidden='false' data-av_icon='\ue805' data-av_iconfont='entypo-fontello' title='' data-avia-related-tooltip='Compartir por correo'><span class='avia_hidden_link_text'>Compartir por correo<\/span><\/a><\/li><\/ul><\/div><\/div>\n<div  style='height:50px' class='hr hr-invisible   avia-builder-el-8  el_after_av_social_share  el_before_av_comments_list '><span class='hr-inner ' ><span class='hr-inner-style'><\/span><\/span><\/div>\n<div  class='av-buildercomment  av-blog-meta-html-info-disabled av-blog-meta-tag-disabled  '><\/div>\n","protected":false},"excerpt":{"rendered":"","protected":false},"author":1,"featured_media":58266,"comment_status":"closed","ping_status":"closed","sticky":false,"template":"","format":"standard","meta":{"footnotes":""},"categories":[46],"tags":[],"class_list":["post-58265","post","type-post","status-publish","format-standard","has-post-thumbnail","hentry","category-salud"],"jetpack_featured_media_url":"https:\/\/radiorevelacionfm.cl\/wp-content\/uploads\/2025\/08\/JORNADAS-CARDIOLGIA-4-1-1.jpg","_links":{"self":[{"href":"https:\/\/radiorevelacionfm.cl\/index.php?rest_route=\/wp\/v2\/posts\/58265","targetHints":{"allow":["GET"]}}],"collection":[{"href":"https:\/\/radiorevelacionfm.cl\/index.php?rest_route=\/wp\/v2\/posts"}],"about":[{"href":"https:\/\/radiorevelacionfm.cl\/index.php?rest_route=\/wp\/v2\/types\/post"}],"author":[{"embeddable":true,"href":"https:\/\/radiorevelacionfm.cl\/index.php?rest_route=\/wp\/v2\/users\/1"}],"replies":[{"embeddable":true,"href":"https:\/\/radiorevelacionfm.cl\/index.php?rest_route=%2Fwp%2Fv2%2Fcomments&post=58265"}],"version-history":[{"count":2,"href":"https:\/\/radiorevelacionfm.cl\/index.php?rest_route=\/wp\/v2\/posts\/58265\/revisions"}],"predecessor-version":[{"id":58269,"href":"https:\/\/radiorevelacionfm.cl\/index.php?rest_route=\/wp\/v2\/posts\/58265\/revisions\/58269"}],"wp:featuredmedia":[{"embeddable":true,"href":"https:\/\/radiorevelacionfm.cl\/index.php?rest_route=\/wp\/v2\/media\/58266"}],"wp:attachment":[{"href":"https:\/\/radiorevelacionfm.cl\/index.php?rest_route=%2Fwp%2Fv2%2Fmedia&parent=58265"}],"wp:term":[{"taxonomy":"category","embeddable":true,"href":"https:\/\/radiorevelacionfm.cl\/index.php?rest_route=%2Fwp%2Fv2%2Fcategories&post=58265"},{"taxonomy":"post_tag","embeddable":true,"href":"https:\/\/radiorevelacionfm.cl\/index.php?rest_route=%2Fwp%2Fv2%2Ftags&post=58265"}],"curies":[{"name":"wp","href":"https:\/\/api.w.org\/{rel}","templated":true}]}}