{"id":5824,"date":"2021-07-01T16:10:25","date_gmt":"2021-07-01T19:10:25","guid":{"rendered":"https:\/\/radiorevelacionfm.cl\/?p=5824"},"modified":"2021-07-01T16:56:09","modified_gmt":"2021-07-01T19:56:09","slug":"inician-pago-de-ampliacion-del-subsidio-de-calefaccion-a-mas-de-2-270-familias-en-la-region","status":"publish","type":"post","link":"https:\/\/radiorevelacionfm.cl\/?p=5824","title":{"rendered":"Inician pago de ampliaci\u00f3n del Subsidio de Calefacci\u00f3n a m\u00e1s de 2.270 familias en la regi\u00f3n"},"content":{"rendered":"<div class=\"flex_column av_one_full  flex_column_div av-zero-column-padding first  avia-builder-el-0  el_before_av_one_full  avia-builder-el-first  \" style='border-radius:0px; '><div  class='avia-image-container  av-styling-    avia-builder-el-1  avia-builder-el-no-sibling  avia-align-center '  itemprop=\"image\" itemscope=\"itemscope\" itemtype=\"https:\/\/schema.org\/ImageObject\"  ><div class='avia-image-container-inner'><div class='avia-image-overlay-wrap'><img decoding=\"async\" class='wp-image-0 avia-img-lazy-loading-not-0 avia_image' src=\"https:\/\/radiorevelacionfm.cl\/wp-content\/uploads\/2021\/07\/Calendario-ampliacion-SC_TW-1.png\" alt='' title=''   itemprop=\"thumbnailUrl\"  \/><\/div><\/div><\/div><\/div><div class=\"flex_column av_one_full  flex_column_div av-zero-column-padding first  avia-builder-el-2  el_after_av_one_full  el_before_av_one_full  column-top-margin\" style='border-radius:0px; '><section class=\"av_textblock_section \"  itemscope=\"itemscope\" itemtype=\"https:\/\/schema.org\/BlogPosting\" itemprop=\"blogPost\" ><div class='avia_textblock  '   itemprop=\"text\" ><p style=\"text-align: center;\"><span style=\"font-size: 18pt;\"><strong>Inician pago de ampliaci\u00f3n del Subsidio de Calefacci\u00f3n a m\u00e1s de 2.270 familias en la regi\u00f3n<\/strong><\/span><\/p>\n<div id=\"gtx-trans\" style=\"position: absolute; left: -50px; top: 4.31534px;\">\n<div class=\"gtx-trans-icon\"><\/div>\n<\/div>\n<\/div><\/section><\/div><\/p>\n<div class=\"flex_column av_one_full  flex_column_div av-zero-column-padding first  avia-builder-el-4  el_after_av_one_full  el_before_av_hr  column-top-margin\" style='border-radius:0px; '><section class=\"av_textblock_section \"  itemscope=\"itemscope\" itemtype=\"https:\/\/schema.org\/BlogPosting\" itemprop=\"blogPost\" ><div class='avia_textblock  '   itemprop=\"text\" ><p style=\"text-align: justify;\">El proceso se inici\u00f3 hoy jueves 1 de julio con el dep\u00f3sito del beneficio a trav\u00e9s de las cuentas RUT activas sin PAC y a partir del 5 de julio de manera presencial seg\u00fan calendario por abecedario en sucursales de Banco Estado presentes en la regi\u00f3n de Ays\u00e9n.<\/p>\n<p style=\"text-align: justify;\">El Subsidio de Calefacci\u00f3n es un aporte de 100 mil pesos que entrega el Gobierno de Chile a trav\u00e9s del Fondo de Solidaridad e Inversi\u00f3n Social, FOSIS, del Ministerio de Desarrollo Social y Familia. Este bono es exclusivo para familias de la regi\u00f3n de Ays\u00e9n y busca apoyar gastos asociados a la calefacci\u00f3n en la \u00e9poca invernal. El beneficio no es postulable y lo reciben quienes se encuentran en los tramos m\u00e1s vulnerables seg\u00fan su calificaci\u00f3n socio econ\u00f3mica del Registro Social de Hogares (RSH) al 1 de marzo.<\/p>\n<p style=\"text-align: justify;\">Dominique Br\u00e4utigam, Directora Regional del FOSIS en Ays\u00e9n, asegur\u00f3 que \u201ca partir del 1 de julio comenzamos con el pago en las cuentas RUT de Banco Estado de las familias beneficiarias del Subsidio de Calefacci\u00f3n correspondientes al proceso de ampliaci\u00f3n, que se concret\u00f3 debido al incremento de recursos que pudimos gestionar. Esto significa que se incorporaron 2.277 nuevas familias que van a poder recibir este aporte, logrando cubrir a todas las familias del tramo del 50% seg\u00fan RSH y a 1.174 familias que se encuentran en el tramo del 60% seg\u00fan RSH. Cabe mencionar que los dep\u00f3sitos se realizaran en las cuentas que no tiene el Pago Autom\u00e1tico de Cuentas (PAC) activo, para evitar que este mecanismo se lleven los recursos sin la autorizaci\u00f3n de los titulares.\u201d<\/p>\n<p style=\"text-align: justify;\">La autoridad, del servicio asociado al Ministerio de Desarrollo Social y Familia, adem\u00e1s destac\u00f3 que \u201cdesde el lunes 5 de julio comienza a regir el cobro de manera presencial seg\u00fan el orden alfab\u00e9tico, es decir, de acuerdo con el apellido vamos a comenzar con la letra A y B a partir del lunes 5. El martes 6 de julio podr\u00e1n cobrar las familias que tengan iniciales C y D y as\u00ed sucesivamente se va a desarrollar este proceso en sucursales de Banco Estado o Banco Estado Express. Es importante contar con la c\u00e9dula de identidad vigente de los titulares de la familia que pueden cobrar este beneficio, seg\u00fan lo informado en el sitio web de FOSIS, en el banner del Subsidio de Calefacci\u00f3n que est\u00e1n en la parte inferior de la p\u00e1gina, donde ingresando el RUT podr\u00e1n saber qui\u00e9nes son las familias que reciben este importante aporte.\u201d<\/p>\n<p style=\"text-align: justify;\">Cabe mencionar que Banco Estado cuenta con sucursales en Coyhaique, Puerto Ays\u00e9n, Puerto Cisnes, Chile Chico y Cochrane; donde estar\u00e1n dispuestas todas las medidas sanitarias requeridas para poder realizar los cobros presenciales asociados a este proceso de ampliaci\u00f3n del beneficio.<\/p>\n<p style=\"text-align: justify;\">Para obtener autorizaci\u00f3n del cambio de quien cobra el beneficio se han dispuesto formularios en el sitio web del FOSIS, www.fosis.cl, que permitir\u00e1n facilitar esta y otras acciones referentes al bono a trav\u00e9s de la Clave \u00danica. Quienes tengas consultas sobre este proceso de ampliaci\u00f3n pueden contactarse al +56934301234 o +56934301233 en horario de oficina.<\/p>\n<\/div><\/section><\/div>\n<div  style='height:50px' class='hr hr-invisible   avia-builder-el-6  el_after_av_one_full  el_before_av_social_share '><span class='hr-inner ' ><span class='hr-inner-style'><\/span><\/span><\/div>\n<div  class='av-social-sharing-box  avia-builder-el-7  el_after_av_hr  el_before_av_hr  '><div class='av-share-box'><h5 class='av-share-link-description av-no-toc '>Compartir esta noticia<\/h5><ul class='av-share-box-list noLightbox'><li class='av-share-link av-social-link-facebook' ><a target=\"_blank\" aria-label=\"Compartir en Facebook\" href='https:\/\/www.facebook.com\/sharer.php?u=https:\/\/radiorevelacionfm.cl\/?p=5824&#038;t=Inician%20pago%20de%20ampliaci%C3%B3n%20del%20Subsidio%20de%20Calefacci%C3%B3n%20a%20m%C3%A1s%20de%202.270%20familias%20en%20la%20regi%C3%B3n' aria-hidden='false' data-av_icon='\ue8f3' data-av_iconfont='entypo-fontello' title='' data-avia-related-tooltip='Compartir en Facebook' rel=\"noopener\"><span class='avia_hidden_link_text'>Compartir en Facebook<\/span><\/a><\/li><li class='av-share-link av-social-link-twitter' ><a target=\"_blank\" aria-label=\"Compartir en Twitter\" href='https:\/\/twitter.com\/share?text=Inician%20pago%20de%20ampliaci%C3%B3n%20del%20Subsidio%20de%20Calefacci%C3%B3n%20a%20m%C3%A1s%20de%202.270%20familias%20en%20la%20regi%C3%B3n&#038;url=https:\/\/radiorevelacionfm.cl\/?p=5824' aria-hidden='false' data-av_icon='\ue8f1' data-av_iconfont='entypo-fontello' title='' data-avia-related-tooltip='Compartir en Twitter' rel=\"noopener\"><span class='avia_hidden_link_text'>Compartir en Twitter<\/span><\/a><\/li><li class='av-share-link av-social-link-whatsapp' ><a target=\"_blank\" aria-label=\"Compartir en Whatsapp\" href='https:\/\/api.whatsapp.com\/send?text=https:\/\/radiorevelacionfm.cl\/?p=5824' aria-hidden='false' data-av_icon='\uf232' data-av_iconfont='entypo-fontello' title='' data-avia-related-tooltip='Compartir en Whatsapp' rel=\"noopener\"><span class='avia_hidden_link_text'>Compartir en Whatsapp<\/span><\/a><\/li><li class='av-share-link av-social-link-linkedin' ><a target=\"_blank\" aria-label=\"Compartir en LinkedIn\" href='https:\/\/linkedin.com\/shareArticle?mini=true&#038;title=Inician%20pago%20de%20ampliaci%C3%B3n%20del%20Subsidio%20de%20Calefacci%C3%B3n%20a%20m%C3%A1s%20de%202.270%20familias%20en%20la%20regi%C3%B3n&#038;url=https:\/\/radiorevelacionfm.cl\/?p=5824' aria-hidden='false' data-av_icon='\ue8fc' data-av_iconfont='entypo-fontello' title='' data-avia-related-tooltip='Compartir en LinkedIn' rel=\"noopener\"><span class='avia_hidden_link_text'>Compartir en LinkedIn<\/span><\/a><\/li><li class='av-share-link av-social-link-mail' ><a  aria-label=\"Compartir por correo\" href='mailto:?subject=Inician%20pago%20de%20ampliaci%C3%B3n%20del%20Subsidio%20de%20Calefacci%C3%B3n%20a%20m%C3%A1s%20de%202.270%20familias%20en%20la%20regi%C3%B3n&#038;body=https:\/\/radiorevelacionfm.cl\/?p=5824' aria-hidden='false' data-av_icon='\ue805' data-av_iconfont='entypo-fontello' title='' data-avia-related-tooltip='Compartir por correo'><span class='avia_hidden_link_text'>Compartir por correo<\/span><\/a><\/li><\/ul><\/div><\/div>\n<div  style='height:50px' class='hr hr-invisible   avia-builder-el-8  el_after_av_social_share  el_before_av_comments_list '><span class='hr-inner ' ><span class='hr-inner-style'><\/span><\/span><\/div>\n<div  class='av-buildercomment  av-blog-meta-html-info-disabled av-blog-meta-tag-disabled  '><\/div>\n","protected":false},"excerpt":{"rendered":"","protected":false},"author":1,"featured_media":0,"comment_status":"open","ping_status":"open","sticky":false,"template":"","format":"standard","meta":{"footnotes":""},"categories":[38],"tags":[],"class_list":["post-5824","post","type-post","status-publish","format-standard","hentry","category-regional"],"jetpack_featured_media_url":"","_links":{"self":[{"href":"https:\/\/radiorevelacionfm.cl\/index.php?rest_route=\/wp\/v2\/posts\/5824","targetHints":{"allow":["GET"]}}],"collection":[{"href":"https:\/\/radiorevelacionfm.cl\/index.php?rest_route=\/wp\/v2\/posts"}],"about":[{"href":"https:\/\/radiorevelacionfm.cl\/index.php?rest_route=\/wp\/v2\/types\/post"}],"author":[{"embeddable":true,"href":"https:\/\/radiorevelacionfm.cl\/index.php?rest_route=\/wp\/v2\/users\/1"}],"replies":[{"embeddable":true,"href":"https:\/\/radiorevelacionfm.cl\/index.php?rest_route=%2Fwp%2Fv2%2Fcomments&post=5824"}],"version-history":[{"count":4,"href":"https:\/\/radiorevelacionfm.cl\/index.php?rest_route=\/wp\/v2\/posts\/5824\/revisions"}],"predecessor-version":[{"id":5832,"href":"https:\/\/radiorevelacionfm.cl\/index.php?rest_route=\/wp\/v2\/posts\/5824\/revisions\/5832"}],"wp:attachment":[{"href":"https:\/\/radiorevelacionfm.cl\/index.php?rest_route=%2Fwp%2Fv2%2Fmedia&parent=5824"}],"wp:term":[{"taxonomy":"category","embeddable":true,"href":"https:\/\/radiorevelacionfm.cl\/index.php?rest_route=%2Fwp%2Fv2%2Fcategories&post=5824"},{"taxonomy":"post_tag","embeddable":true,"href":"https:\/\/radiorevelacionfm.cl\/index.php?rest_route=%2Fwp%2Fv2%2Ftags&post=5824"}],"curies":[{"name":"wp","href":"https:\/\/api.w.org\/{rel}","templated":true}]}}