{"id":58239,"date":"2025-08-26T20:51:55","date_gmt":"2025-08-26T23:51:55","guid":{"rendered":"https:\/\/radiorevelacionfm.cl\/?p=58239"},"modified":"2025-08-26T20:51:55","modified_gmt":"2025-08-26T23:51:55","slug":"congreso-regional-explora-un-espacio-para-descubrir-la-ciencia-escolar-de-aysen","status":"publish","type":"post","link":"https:\/\/radiorevelacionfm.cl\/?p=58239","title":{"rendered":"Congreso Regional Explora: un espacio para descubrir la ciencia escolar de Ays\u00e9n"},"content":{"rendered":"<div class=\"flex_column av_one_full  flex_column_div av-zero-column-padding first  avia-builder-el-0  el_before_av_one_full  avia-builder-el-first  \" style='border-radius:0px; '><div  class='avia-image-container  av-styling-    avia-builder-el-1  avia-builder-el-no-sibling  avia-align-center '  itemprop=\"image\" itemscope=\"itemscope\" itemtype=\"https:\/\/schema.org\/ImageObject\"  ><div class='avia-image-container-inner'><div class='avia-image-overlay-wrap'><img decoding=\"async\" class='wp-image-9723 avia-img-lazy-loading-not-9723 avia_image' src=\"https:\/\/radiorevelacionfm.cl\/wp-content\/uploads\/2021\/10\/Microbosque-con-lupa-1-1.jpg\" alt='' title='Microbosque con lupa (1) (1)' height=\"600\" width=\"899\"  itemprop=\"thumbnailUrl\" srcset=\"https:\/\/radiorevelacionfm.cl\/wp-content\/uploads\/2021\/10\/Microbosque-con-lupa-1-1.jpg 899w, https:\/\/radiorevelacionfm.cl\/wp-content\/uploads\/2021\/10\/Microbosque-con-lupa-1-1-300x200.jpg 300w, https:\/\/radiorevelacionfm.cl\/wp-content\/uploads\/2021\/10\/Microbosque-con-lupa-1-1-768x513.jpg 768w, https:\/\/radiorevelacionfm.cl\/wp-content\/uploads\/2021\/10\/Microbosque-con-lupa-1-1-705x471.jpg 705w, https:\/\/radiorevelacionfm.cl\/wp-content\/uploads\/2021\/10\/Microbosque-con-lupa-1-1-600x400.jpg 600w\" sizes=\"(max-width: 899px) 100vw, 899px\" \/><\/div><\/div><\/div><\/div><div class=\"flex_column av_one_full  flex_column_div av-zero-column-padding first  avia-builder-el-2  el_after_av_one_full  el_before_av_one_full  column-top-margin\" style='border-radius:0px; '><section class=\"av_textblock_section \"  itemscope=\"itemscope\" itemtype=\"https:\/\/schema.org\/BlogPosting\" itemprop=\"blogPost\" ><div class='avia_textblock  '   itemprop=\"text\" ><p style=\"text-align: center;\"><span style=\"font-size: 18pt;\"><strong>Congreso Regional Explora: un espacio para descubrir la ciencia escolar de Ays\u00e9n<\/strong><\/span><\/p>\n<div id=\"gtx-trans\" style=\"position: absolute; left: -50px; top: 4.31534px;\">\n<div class=\"gtx-trans-icon\"><\/div>\n<\/div>\n<\/div><\/section><\/div><div class=\"flex_column av_one_full  flex_column_div av-zero-column-padding first  avia-builder-el-4  el_after_av_one_full  el_before_av_hr  column-top-margin\" style='border-radius:0px; '><section class=\"av_textblock_section \"  itemscope=\"itemscope\" itemtype=\"https:\/\/schema.org\/BlogPosting\" itemprop=\"blogPost\" ><div class='avia_textblock  '   itemprop=\"text\" ><p style=\"text-align: justify;\"><em>28 equipos escolares de cinco comunas de la regi\u00f3n compartir\u00e1n con la comunidad los avances de sus proyectos de investigaci\u00f3n e innovaci\u00f3n en el pr\u00f3ximo Congreso Regional Explora los d\u00edas 27, 28 y 29 de agosto en el Centro Cultural Coyhaique. <\/em><\/p>\n<p style=\"text-align: justify;\">Un dispositivo para medir contaminantes en interiores, un estudio sobre el impacto del horario de verano permanente en j\u00f3venes de Ays\u00e9n y un fertilizante en base a algas marinas son parte de los 28 proyectos que se presentar\u00e1n en el <strong>Congreso Regional de Investigaci\u00f3n e Innovaci\u00f3n Explora Ays\u00e9n<\/strong>, instancia que reunir\u00e1 a comunidades escolares, cient\u00edficos\/as, y a la ciudadan\u00eda en torno a la creatividad y b\u00fasqueda de soluciones a desaf\u00edos locales.<\/p>\n<p style=\"text-align: justify;\">Los proyectos presentados son desarrollados por ni\u00f1as, ni\u00f1os y j\u00f3venes, junto a sus docentes, en el marco del Programa de Investigaci\u00f3n e Innovaci\u00f3n Escolar (IIE), una iniciativa del Proyecto Explora Ays\u00e9n del Ministerio de Ciencia, Tecnolog\u00eda, Conocimiento e Innovaci\u00f3n y el Campus Patagonia de la Universidad Austral de Chile, que busca fomentar el desarrollo de competencias para la investigaci\u00f3n e innovaci\u00f3n en la comunidad educativa.<\/p>\n<p style=\"text-align: justify;\">Durante las tres jornadas, las y los estudiantes presentar\u00e1n los avances y resultados de sus trabajos, realizados durante el a\u00f1o con apoyo de sus docentes y asesores cient\u00edficos\/as, adem\u00e1s de recibir retroalimentaci\u00f3n de pares y expertos, y participar en diversos talleres y espacios de socializaci\u00f3n internos. Al cierre, dos equipos ser\u00e1n seleccionados para participar del Congreso Nacional Explora.<\/p>\n<p style=\"text-align: justify;\">En su edici\u00f3n 2025, el Congreso Regional Explora se llevar\u00e1 a cabo en el marco de la conmemoraci\u00f3n de los 30 a\u00f1os del Programa Explora, un hito que consolida su rol clave en la formaci\u00f3n de una ciudadan\u00eda cr\u00edtica, curiosa e informada, y en la democratizaci\u00f3n y socializaci\u00f3n del conocimiento.<\/p>\n<p style=\"text-align: justify;\"><strong>Actividades abiertas al p\u00fablico: ciencia, paleontolog\u00eda y j\u00f3venes de Ays\u00e9n <\/strong><\/p>\n<p style=\"text-align: justify;\">Como parte de la programaci\u00f3n del Congreso Regional Ays\u00e9n, se realizar\u00e1n actividades abiertas a la comunidad, entre ellas la visita a los <em>stands<\/em> de los equipos y la charla inaugural <em>El Chilesaurus y sus compa\u00f1eros \u2013 famosos dinosaurios de Ays\u00e9n<\/em>, que se realizar\u00e1 el 27 de agosto a las 9:00 horas, a cargo del destacado ge\u00f3logo nacional Manuel Su\u00e1rez.<\/p>\n<p style=\"text-align: justify;\">Como cierre, el 29 de agosto se sumar\u00e1 la participaci\u00f3n de los equipos escolares IIE en el Congreso J\u00f3venes Futuro, iniciativa nacional que por primera vez se realizar\u00e1 en la regi\u00f3n de Ays\u00e9n. Este hito busca vincular ambas instancias, tendiendo puentes no s\u00f3lo entre generaciones, sino entre territorios y conocimientos, potenciando as\u00ed el protagonismo de las y los j\u00f3venes en la construcci\u00f3n del presente y del futuro.<\/p>\n<p style=\"text-align: justify;\"><strong>* Todas las actividades ser\u00e1n realizadas en el Centro Cultural Coyhaique<\/strong> y los horarios de visitas a los <em>stands <\/em>para al p\u00fablico general ser\u00e1n los d\u00edas: mi\u00e9rcoles 27 de 10:00 a 11:30 horas y 14:30 a 16:45 horas, y jueves 28 de 11:00 a 13:00 horas y 14:30 a 15:30 horas.<\/p>\n<\/div><\/section><\/div><div  style='height:50px' class='hr hr-invisible   avia-builder-el-6  el_after_av_one_full  el_before_av_social_share '><span class='hr-inner ' ><span class='hr-inner-style'><\/span><\/span><\/div><\/p>\n<div  class='av-social-sharing-box  avia-builder-el-7  el_after_av_hr  el_before_av_hr  '><div class='av-share-box'><h5 class='av-share-link-description av-no-toc '>Compartir esta noticia<\/h5><ul class='av-share-box-list noLightbox'><li class='av-share-link av-social-link-facebook' ><a target=\"_blank\" aria-label=\"Compartir en Facebook\" href='https:\/\/www.facebook.com\/sharer.php?u=https:\/\/radiorevelacionfm.cl\/?p=58239&#038;t=Congreso%20Regional%20Explora%3A%20un%20espacio%20para%20descubrir%20la%20ciencia%20escolar%20de%20Ays%C3%A9n' aria-hidden='false' data-av_icon='\ue8f3' data-av_iconfont='entypo-fontello' title='' data-avia-related-tooltip='Compartir en Facebook' rel=\"noopener\"><span class='avia_hidden_link_text'>Compartir en Facebook<\/span><\/a><\/li><li class='av-share-link av-social-link-twitter' ><a target=\"_blank\" aria-label=\"Compartir en Twitter\" href='https:\/\/twitter.com\/share?text=Congreso%20Regional%20Explora%3A%20un%20espacio%20para%20descubrir%20la%20ciencia%20escolar%20de%20Ays%C3%A9n&#038;url=https:\/\/radiorevelacionfm.cl\/?p=58239' aria-hidden='false' data-av_icon='\ue8f1' data-av_iconfont='entypo-fontello' title='' data-avia-related-tooltip='Compartir en Twitter' rel=\"noopener\"><span class='avia_hidden_link_text'>Compartir en Twitter<\/span><\/a><\/li><li class='av-share-link av-social-link-whatsapp' ><a target=\"_blank\" aria-label=\"Compartir en Whatsapp\" href='https:\/\/api.whatsapp.com\/send?text=https:\/\/radiorevelacionfm.cl\/?p=58239' aria-hidden='false' data-av_icon='\uf232' data-av_iconfont='entypo-fontello' title='' data-avia-related-tooltip='Compartir en Whatsapp' rel=\"noopener\"><span class='avia_hidden_link_text'>Compartir en Whatsapp<\/span><\/a><\/li><li class='av-share-link av-social-link-linkedin' ><a target=\"_blank\" aria-label=\"Compartir en LinkedIn\" href='https:\/\/linkedin.com\/shareArticle?mini=true&#038;title=Congreso%20Regional%20Explora%3A%20un%20espacio%20para%20descubrir%20la%20ciencia%20escolar%20de%20Ays%C3%A9n&#038;url=https:\/\/radiorevelacionfm.cl\/?p=58239' aria-hidden='false' data-av_icon='\ue8fc' data-av_iconfont='entypo-fontello' title='' data-avia-related-tooltip='Compartir en LinkedIn' rel=\"noopener\"><span class='avia_hidden_link_text'>Compartir en LinkedIn<\/span><\/a><\/li><li class='av-share-link av-social-link-mail' ><a  aria-label=\"Compartir por correo\" href='mailto:?subject=Congreso%20Regional%20Explora%3A%20un%20espacio%20para%20descubrir%20la%20ciencia%20escolar%20de%20Ays%C3%A9n&#038;body=https:\/\/radiorevelacionfm.cl\/?p=58239' aria-hidden='false' data-av_icon='\ue805' data-av_iconfont='entypo-fontello' title='' data-avia-related-tooltip='Compartir por correo'><span class='avia_hidden_link_text'>Compartir por correo<\/span><\/a><\/li><\/ul><\/div><\/div>\n<div  style='height:50px' class='hr hr-invisible   avia-builder-el-8  el_after_av_social_share  el_before_av_comments_list '><span class='hr-inner ' ><span class='hr-inner-style'><\/span><\/span><\/div>\n<div  class='av-buildercomment  av-blog-meta-html-info-disabled av-blog-meta-tag-disabled  '><\/div>\n","protected":false},"excerpt":{"rendered":"","protected":false},"author":1,"featured_media":9723,"comment_status":"closed","ping_status":"closed","sticky":false,"template":"","format":"standard","meta":{"footnotes":""},"categories":[49],"tags":[],"class_list":["post-58239","post","type-post","status-publish","format-standard","has-post-thumbnail","hentry","category-educacion"],"jetpack_featured_media_url":"https:\/\/radiorevelacionfm.cl\/wp-content\/uploads\/2021\/10\/Microbosque-con-lupa-1-1.jpg","_links":{"self":[{"href":"https:\/\/radiorevelacionfm.cl\/index.php?rest_route=\/wp\/v2\/posts\/58239","targetHints":{"allow":["GET"]}}],"collection":[{"href":"https:\/\/radiorevelacionfm.cl\/index.php?rest_route=\/wp\/v2\/posts"}],"about":[{"href":"https:\/\/radiorevelacionfm.cl\/index.php?rest_route=\/wp\/v2\/types\/post"}],"author":[{"embeddable":true,"href":"https:\/\/radiorevelacionfm.cl\/index.php?rest_route=\/wp\/v2\/users\/1"}],"replies":[{"embeddable":true,"href":"https:\/\/radiorevelacionfm.cl\/index.php?rest_route=%2Fwp%2Fv2%2Fcomments&post=58239"}],"version-history":[{"count":2,"href":"https:\/\/radiorevelacionfm.cl\/index.php?rest_route=\/wp\/v2\/posts\/58239\/revisions"}],"predecessor-version":[{"id":58319,"href":"https:\/\/radiorevelacionfm.cl\/index.php?rest_route=\/wp\/v2\/posts\/58239\/revisions\/58319"}],"wp:featuredmedia":[{"embeddable":true,"href":"https:\/\/radiorevelacionfm.cl\/index.php?rest_route=\/wp\/v2\/media\/9723"}],"wp:attachment":[{"href":"https:\/\/radiorevelacionfm.cl\/index.php?rest_route=%2Fwp%2Fv2%2Fmedia&parent=58239"}],"wp:term":[{"taxonomy":"category","embeddable":true,"href":"https:\/\/radiorevelacionfm.cl\/index.php?rest_route=%2Fwp%2Fv2%2Fcategories&post=58239"},{"taxonomy":"post_tag","embeddable":true,"href":"https:\/\/radiorevelacionfm.cl\/index.php?rest_route=%2Fwp%2Fv2%2Ftags&post=58239"}],"curies":[{"name":"wp","href":"https:\/\/api.w.org\/{rel}","templated":true}]}}