{"id":58235,"date":"2025-08-25T15:36:06","date_gmt":"2025-08-25T18:36:06","guid":{"rendered":"https:\/\/radiorevelacionfm.cl\/?p=58235"},"modified":"2025-08-25T15:36:06","modified_gmt":"2025-08-25T18:36:06","slug":"150-personas-de-islas-huichas-fortalecen-su-labor-en-la-pesca-artesanal","status":"publish","type":"post","link":"https:\/\/radiorevelacionfm.cl\/?p=58235","title":{"rendered":"150 personas de Islas Huichas fortalecen su labor en la pesca artesanal"},"content":{"rendered":"<div class=\"flex_column av_one_full  flex_column_div av-zero-column-padding first  avia-builder-el-0  el_before_av_one_full  avia-builder-el-first  \" style='border-radius:0px; '><div  class='avia-image-container  av-styling-    avia-builder-el-1  avia-builder-el-no-sibling  avia-align-center '  itemprop=\"image\" itemscope=\"itemscope\" itemtype=\"https:\/\/schema.org\/ImageObject\"  ><div class='avia-image-container-inner'><div class='avia-image-overlay-wrap'><img decoding=\"async\" class='wp-image-58236 avia-img-lazy-loading-not-58236 avia_image' src=\"https:\/\/radiorevelacionfm.cl\/wp-content\/uploads\/2025\/08\/1-pescadores-artesanales-1_optimized.jpg\" alt='' title='1-pescadores-artesanales-(1)_optimized' height=\"600\" width=\"900\"  itemprop=\"thumbnailUrl\" srcset=\"https:\/\/radiorevelacionfm.cl\/wp-content\/uploads\/2025\/08\/1-pescadores-artesanales-1_optimized.jpg 900w, https:\/\/radiorevelacionfm.cl\/wp-content\/uploads\/2025\/08\/1-pescadores-artesanales-1_optimized-300x200.jpg 300w, https:\/\/radiorevelacionfm.cl\/wp-content\/uploads\/2025\/08\/1-pescadores-artesanales-1_optimized-768x512.jpg 768w, https:\/\/radiorevelacionfm.cl\/wp-content\/uploads\/2025\/08\/1-pescadores-artesanales-1_optimized-705x470.jpg 705w, https:\/\/radiorevelacionfm.cl\/wp-content\/uploads\/2025\/08\/1-pescadores-artesanales-1_optimized-450x300.jpg 450w, https:\/\/radiorevelacionfm.cl\/wp-content\/uploads\/2025\/08\/1-pescadores-artesanales-1_optimized-600x400.jpg 600w\" sizes=\"(max-width: 900px) 100vw, 900px\" \/><\/div><\/div><\/div><\/div><div class=\"flex_column av_one_full  flex_column_div av-zero-column-padding first  avia-builder-el-2  el_after_av_one_full  el_before_av_one_full  column-top-margin\" style='border-radius:0px; '><section class=\"av_textblock_section \"  itemscope=\"itemscope\" itemtype=\"https:\/\/schema.org\/BlogPosting\" itemprop=\"blogPost\" ><div class='avia_textblock  '   itemprop=\"text\" ><p style=\"text-align: center;\"><strong><span style=\"font-size: 18pt;\">150 personas de Islas Huichas fortalecen su labor en la pesca artesanal<\/span><\/strong><\/p>\n<div id=\"gtx-trans\" style=\"position: absolute; left: -50px; top: 4.31534px;\">\n<div class=\"gtx-trans-icon\"><\/div>\n<\/div>\n<\/div><\/section><\/div><div class=\"flex_column av_one_full  flex_column_div av-zero-column-padding first  avia-builder-el-4  el_after_av_one_full  el_before_av_hr  column-top-margin\" style='border-radius:0px; '><section class=\"av_textblock_section \"  itemscope=\"itemscope\" itemtype=\"https:\/\/schema.org\/BlogPosting\" itemprop=\"blogPost\" ><div class='avia_textblock  '   itemprop=\"text\" ><p style=\"text-align: justify;\"><em>El programa permiti\u00f3 entregar capacitaci\u00f3n, asesor\u00eda y financiamiento a quienes se dedican a la pesca artesanal en Puerto Aguirre, Caleta Andrade y Estero Copa; gracias a recursos aprobados por el Gobierno Regional de Ays\u00e9n y su Consejo y la ejecuci\u00f3n del FOSIS.<\/em><\/p>\n<p style=\"text-align: justify;\">Hasta Puerto Aguirre lleg\u00f3 la directora regional del FOSIS, Fernanda Leiva, acompa\u00f1ada del jefe de divisi\u00f3n de fomento e Industria del Gobierno regional de Ays\u00e9n, Fernando Guzm\u00e1n, para participar de la ceremonia de certificaci\u00f3n de las 150 personas que participaron del programa de Fortalecimiento a la Pesca Artesanal, ejecutado en Islas Huichas por el FOSIS, gracias a recursos aprobados por el Gobierno Regional de Ays\u00e9n y su Consejo.<\/p>\n<p style=\"text-align: justify;\">La iniciativa que permiti\u00f3 entregar capacitaci\u00f3n, asesor\u00eda y recursos para que trabajadores y trabajadoras del mar pueda aumentar su generaci\u00f3n de ingresos y que estos sean m\u00e1s estables en el tiempo, fruto de la pesca artesanal u otras instancias vinculadas a esta actividad productiva.<\/p>\n<p style=\"text-align: justify;\">Blanca Huenten, pescadora artesanal y usuaria del programa destac\u00f3 la intervenci\u00f3n: \u201cFue un largo proceso que tuvimos ac\u00e1 nosotros como dirigentes y tanto los vecinos de la isla para lograr este beneficio que vino en ayuda de los 150. Contentos, felices hoy d\u00eda ya con el t\u00e9rmino de un programa excelente. Esperamos que esto se siga gestando m\u00e1s adelante tambi\u00e9n con otras iniciativas\u201d. Huenten agradeci\u00f3 el apoyo del FOSIS, del Gobierno Regional de Ays\u00e9n y la consultora Imagina Ays\u00e9n, ya que con los recursos pudo fortalecer su negocio con una sala de procesos con c\u00e1maras y sellador al vac\u00edo, adem\u00e1s de renovar la matr\u00edcula de su embarcaci\u00f3n.<\/p>\n<p style=\"text-align: justify;\">El jefe de la Divisi\u00f3n de Fomento e Industria del Gobierno Regional de Ays\u00e9n, Fernando Guzm\u00e1n, relev\u00f3 el apoyo a este sector productivo. \u201cMuy contentos de estar representando al Gobernador Marcelo Santana ac\u00e1 en Islas Huichas en este programa que finaliza su apoyo a 150 pescadores y pescadoras que hoy fortalecen sus aparejos y sus equipamientos para realizar la actividad de mejor manera. La pesca artesanal es muy importante dentro de la econom\u00eda local, no solo para las islas, sino que para la econom\u00eda regional. Contentos de fortalecer una actividad tan importante para el desarrollo de Ays\u00e9n\u201d.<\/p>\n<p style=\"text-align: justify;\">La directora regional del FOSIS en Ays\u00e9n, Fernanda Leiva, destac\u00f3 la importante labor que se llev\u00f3 a cabo en la isla. \u201cEstamos contentos porque fue un arduo trabajo que se realiz\u00f3 entregando capacitaci\u00f3n, herramientas, conocimientos, asesor\u00edas y adem\u00e1s recursos econ\u00f3micos para que los pescadores y pescadoras pudieran adquirir herramientas, maquinarias e insumos para desarrollar su labor. Estamos comprometidos con el desarrollo econ\u00f3mico de las localidades y muy contentos de haber finalizado exitosamente la ejecuci\u00f3n de este programa\u201d.<\/p>\n<p style=\"text-align: justify;\">Fabi\u00e1n Teca, pescador artesanal, fue otro de los beneficiarios del programa: \u201cLo que se realiz\u00f3, en mi caso, fue el mejoramiento de la embarcaci\u00f3n para optimizar la captura de recursos crust\u00e1ceos, en este caso centollas. Hicimos mejoras en la obra muerta, cambiando de madera a met\u00e1lico, que tiene mejor resistencia al agua y mayor firmeza. Instalamos una pasteca hidr\u00e1ulica que nos permite virar material de pesca, trampas de centolla para mejorar nuestras capturas y, por lo mismo, nuestros ingresos\u201d.<\/p>\n<p style=\"text-align: justify;\">El programa de fortalecimiento a la pesca artesanal ejecutado en Puerto Aguirre, Caleta Andrade y Estero Copa consider\u00f3 una inversi\u00f3n de cerca de 600 millones de pesos para potenciar la actividad y mejorar la calidad de vida de 150 mujeres y hombres de mar.<\/p>\n<\/div><\/section><\/div><div  style='height:50px' class='hr hr-invisible   avia-builder-el-6  el_after_av_one_full  el_before_av_social_share '><span class='hr-inner ' ><span class='hr-inner-style'><\/span><\/span><\/div><\/p>\n<div  class='av-social-sharing-box  avia-builder-el-7  el_after_av_hr  el_before_av_hr  '><div class='av-share-box'><h5 class='av-share-link-description av-no-toc '>Compartir esta noticia<\/h5><ul class='av-share-box-list noLightbox'><li class='av-share-link av-social-link-facebook' ><a target=\"_blank\" aria-label=\"Compartir en Facebook\" href='https:\/\/www.facebook.com\/sharer.php?u=https:\/\/radiorevelacionfm.cl\/?p=58235&#038;t=150%20personas%20de%20Islas%20Huichas%20fortalecen%20su%20labor%20en%20la%20pesca%20artesanal' aria-hidden='false' data-av_icon='\ue8f3' data-av_iconfont='entypo-fontello' title='' data-avia-related-tooltip='Compartir en Facebook' rel=\"noopener\"><span class='avia_hidden_link_text'>Compartir en Facebook<\/span><\/a><\/li><li class='av-share-link av-social-link-twitter' ><a target=\"_blank\" aria-label=\"Compartir en Twitter\" href='https:\/\/twitter.com\/share?text=150%20personas%20de%20Islas%20Huichas%20fortalecen%20su%20labor%20en%20la%20pesca%20artesanal&#038;url=https:\/\/radiorevelacionfm.cl\/?p=58235' aria-hidden='false' data-av_icon='\ue8f1' data-av_iconfont='entypo-fontello' title='' data-avia-related-tooltip='Compartir en Twitter' rel=\"noopener\"><span class='avia_hidden_link_text'>Compartir en Twitter<\/span><\/a><\/li><li class='av-share-link av-social-link-whatsapp' ><a target=\"_blank\" aria-label=\"Compartir en Whatsapp\" href='https:\/\/api.whatsapp.com\/send?text=https:\/\/radiorevelacionfm.cl\/?p=58235' aria-hidden='false' data-av_icon='\uf232' data-av_iconfont='entypo-fontello' title='' data-avia-related-tooltip='Compartir en Whatsapp' rel=\"noopener\"><span class='avia_hidden_link_text'>Compartir en Whatsapp<\/span><\/a><\/li><li class='av-share-link av-social-link-linkedin' ><a target=\"_blank\" aria-label=\"Compartir en LinkedIn\" href='https:\/\/linkedin.com\/shareArticle?mini=true&#038;title=150%20personas%20de%20Islas%20Huichas%20fortalecen%20su%20labor%20en%20la%20pesca%20artesanal&#038;url=https:\/\/radiorevelacionfm.cl\/?p=58235' aria-hidden='false' data-av_icon='\ue8fc' data-av_iconfont='entypo-fontello' title='' data-avia-related-tooltip='Compartir en LinkedIn' rel=\"noopener\"><span class='avia_hidden_link_text'>Compartir en LinkedIn<\/span><\/a><\/li><li class='av-share-link av-social-link-mail' ><a  aria-label=\"Compartir por correo\" href='mailto:?subject=150%20personas%20de%20Islas%20Huichas%20fortalecen%20su%20labor%20en%20la%20pesca%20artesanal&#038;body=https:\/\/radiorevelacionfm.cl\/?p=58235' aria-hidden='false' data-av_icon='\ue805' data-av_iconfont='entypo-fontello' title='' data-avia-related-tooltip='Compartir por correo'><span class='avia_hidden_link_text'>Compartir por correo<\/span><\/a><\/li><\/ul><\/div><\/div>\n<div  style='height:50px' class='hr hr-invisible   avia-builder-el-8  el_after_av_social_share  el_before_av_comments_list '><span class='hr-inner ' ><span class='hr-inner-style'><\/span><\/span><\/div>\n<div  class='av-buildercomment  av-blog-meta-html-info-disabled av-blog-meta-tag-disabled  '><\/div>\n","protected":false},"excerpt":{"rendered":"","protected":false},"author":1,"featured_media":58236,"comment_status":"closed","ping_status":"closed","sticky":false,"template":"","format":"standard","meta":{"footnotes":""},"categories":[60],"tags":[],"class_list":["post-58235","post","type-post","status-publish","format-standard","has-post-thumbnail","hentry","category-pesca"],"jetpack_featured_media_url":"https:\/\/radiorevelacionfm.cl\/wp-content\/uploads\/2025\/08\/1-pescadores-artesanales-1_optimized.jpg","_links":{"self":[{"href":"https:\/\/radiorevelacionfm.cl\/index.php?rest_route=\/wp\/v2\/posts\/58235","targetHints":{"allow":["GET"]}}],"collection":[{"href":"https:\/\/radiorevelacionfm.cl\/index.php?rest_route=\/wp\/v2\/posts"}],"about":[{"href":"https:\/\/radiorevelacionfm.cl\/index.php?rest_route=\/wp\/v2\/types\/post"}],"author":[{"embeddable":true,"href":"https:\/\/radiorevelacionfm.cl\/index.php?rest_route=\/wp\/v2\/users\/1"}],"replies":[{"embeddable":true,"href":"https:\/\/radiorevelacionfm.cl\/index.php?rest_route=%2Fwp%2Fv2%2Fcomments&post=58235"}],"version-history":[{"count":2,"href":"https:\/\/radiorevelacionfm.cl\/index.php?rest_route=\/wp\/v2\/posts\/58235\/revisions"}],"predecessor-version":[{"id":58241,"href":"https:\/\/radiorevelacionfm.cl\/index.php?rest_route=\/wp\/v2\/posts\/58235\/revisions\/58241"}],"wp:featuredmedia":[{"embeddable":true,"href":"https:\/\/radiorevelacionfm.cl\/index.php?rest_route=\/wp\/v2\/media\/58236"}],"wp:attachment":[{"href":"https:\/\/radiorevelacionfm.cl\/index.php?rest_route=%2Fwp%2Fv2%2Fmedia&parent=58235"}],"wp:term":[{"taxonomy":"category","embeddable":true,"href":"https:\/\/radiorevelacionfm.cl\/index.php?rest_route=%2Fwp%2Fv2%2Fcategories&post=58235"},{"taxonomy":"post_tag","embeddable":true,"href":"https:\/\/radiorevelacionfm.cl\/index.php?rest_route=%2Fwp%2Fv2%2Ftags&post=58235"}],"curies":[{"name":"wp","href":"https:\/\/api.w.org\/{rel}","templated":true}]}}