{"id":58232,"date":"2025-08-26T10:31:39","date_gmt":"2025-08-26T13:31:39","guid":{"rendered":"https:\/\/radiorevelacionfm.cl\/?p=58232"},"modified":"2025-08-26T10:31:39","modified_gmt":"2025-08-26T13:31:39","slug":"sence-lanza-inedito-curso-de-gestion-de-cooperativas-en-la-region-de-aysen","status":"publish","type":"post","link":"https:\/\/radiorevelacionfm.cl\/?p=58232","title":{"rendered":"Sence lanza in\u00e9dito Curso de Gesti\u00f3n de Cooperativas en la regi\u00f3n de Ays\u00e9n"},"content":{"rendered":"<div class=\"flex_column av_one_full  flex_column_div av-zero-column-padding first  avia-builder-el-0  el_before_av_one_full  avia-builder-el-first  \" style='border-radius:0px; '><div  class='avia-image-container  av-styling-    avia-builder-el-1  avia-builder-el-no-sibling  avia-align-center '  itemprop=\"image\" itemscope=\"itemscope\" itemtype=\"https:\/\/schema.org\/ImageObject\"  ><div class='avia-image-container-inner'><div class='avia-image-overlay-wrap'><img decoding=\"async\" class='wp-image-58233 avia-img-lazy-loading-not-58233 avia_image' src=\"https:\/\/radiorevelacionfm.cl\/wp-content\/uploads\/2025\/08\/COOPERATIVAS-SENCE-1-1.jpg\" alt='' title='COOPERATIVAS SENCE (1) (1)' height=\"600\" width=\"1067\"  itemprop=\"thumbnailUrl\" srcset=\"https:\/\/radiorevelacionfm.cl\/wp-content\/uploads\/2025\/08\/COOPERATIVAS-SENCE-1-1.jpg 1067w, https:\/\/radiorevelacionfm.cl\/wp-content\/uploads\/2025\/08\/COOPERATIVAS-SENCE-1-1-300x169.jpg 300w, https:\/\/radiorevelacionfm.cl\/wp-content\/uploads\/2025\/08\/COOPERATIVAS-SENCE-1-1-1030x579.jpg 1030w, https:\/\/radiorevelacionfm.cl\/wp-content\/uploads\/2025\/08\/COOPERATIVAS-SENCE-1-1-768x432.jpg 768w, https:\/\/radiorevelacionfm.cl\/wp-content\/uploads\/2025\/08\/COOPERATIVAS-SENCE-1-1-705x396.jpg 705w, https:\/\/radiorevelacionfm.cl\/wp-content\/uploads\/2025\/08\/COOPERATIVAS-SENCE-1-1-450x253.jpg 450w, https:\/\/radiorevelacionfm.cl\/wp-content\/uploads\/2025\/08\/COOPERATIVAS-SENCE-1-1-600x337.jpg 600w\" sizes=\"(max-width: 1067px) 100vw, 1067px\" \/><\/div><\/div><\/div><\/div>\n<div class=\"flex_column av_one_full  flex_column_div av-zero-column-padding first  avia-builder-el-2  el_after_av_one_full  el_before_av_one_full  column-top-margin\" style='border-radius:0px; '><section class=\"av_textblock_section \"  itemscope=\"itemscope\" itemtype=\"https:\/\/schema.org\/BlogPosting\" itemprop=\"blogPost\" ><div class='avia_textblock  '   itemprop=\"text\" ><p style=\"text-align: center;\"><strong><span style=\"font-size: 18pt;\">Sence lanza in\u00e9dito Curso de Gesti\u00f3n de Cooperativas en la regi\u00f3n de Ays\u00e9n<\/span><\/strong><\/p>\n<div id=\"gtx-trans\" style=\"position: absolute; left: -50px; top: 4.31534px;\">\n<div class=\"gtx-trans-icon\"><\/div>\n<\/div>\n<\/div><\/section><\/div><div class=\"flex_column av_one_full  flex_column_div av-zero-column-padding first  avia-builder-el-4  el_after_av_one_full  el_before_av_hr  column-top-margin\" style='border-radius:0px; '><section class=\"av_textblock_section \"  itemscope=\"itemscope\" itemtype=\"https:\/\/schema.org\/BlogPosting\" itemprop=\"blogPost\" ><div class='avia_textblock  '   itemprop=\"text\" ><p style=\"text-align: justify;\"><em>La formaci\u00f3n de 112 horas es financiada a trav\u00e9s del programa Becas Laborales y fue definida por el Consejo Regional de Capacitaci\u00f3n.<\/em><\/p>\n<p style=\"text-align: justify;\">El curso de Gesti\u00f3n de Cooperativas, est\u00e1 orientado a personas interesadas en comprender y aplicar los principios fundamentales de la econom\u00eda social y solidaria a trav\u00e9s de la gesti\u00f3n eficiente de cooperativas. A lo largo del programa los y las participantes conocer\u00e1n el marco legal de las cooperativas, sus estructuras organizativas, mecanismos de participaci\u00f3n democr\u00e1tica, administraci\u00f3n financiera y planificaci\u00f3n estrat\u00e9gica. El curso entregar\u00e1 herramientas pr\u00e1cticas para fortalecer la sostenibilidad econ\u00f3mica y social de proyectos cooperativos, fomentando la autogesti\u00f3n, el trabajo colaborativo y el desarrollo territorial con enfoque comunitario.<\/p>\n<p style=\"text-align: justify;\">El Seremi de Econom\u00eda, Fomento y Turismo; Felipe Rojas puso sobre relieve la tremenda importancia de esta iniciativa, que adem\u00e1s es pionera a nivel nacional: \u201cEstamos muy felices de anunciar que ya est\u00e1 disponible este curso de cooperativas, que se convierte en la primera instancia a nivel nacional referida a la capacitaci\u00f3n para este modelo asociativo y altamente democr\u00e1tico. Como lo ha mencionado el Presidente Gabriel Boric, somos el Gobierno de las cooperativas y es en este contexto que hemos desarrollado un trabajo intenso y cercano con estas organizaciones, las que en su conjunto impulsan fuertemente el desarrollo econ\u00f3mico regional. Invitamos a todas y todos a informarse y postular\u201d.<\/p>\n<p style=\"text-align: justify;\">El objetivo de este curso es comprender profundamente el concepto de cooperativismo y su diferenciaci\u00f3n al respecto de otras formas de organizaci\u00f3n empresarial. Conocer principios y valores del cooperativismo, identificar los tipos de cooperativas y sus \u00e1reas de acci\u00f3n. Constituci\u00f3n y organizaci\u00f3n, profundizar en el proceso de constituci\u00f3n legal, administraci\u00f3n, aplicaci\u00f3n de t\u00e9cnicas de gesti\u00f3n, implementaci\u00f3n de planes operativos, aspectos legales relevantes, conocer la norma fiscal y laboral aplicable al modelo asociativo, herramientas contables y adem\u00e1s la relevancia de incorporar la perspectiva de g\u00e9nero en este \u00e1mbito, entre otros importantes temas cooperativos.<\/p>\n<p style=\"text-align: justify;\">Al respecto, el Director Regional de Sence Nelson Garrido Morales manifest\u00f3 \u201cComo regi\u00f3n, hemos damos un paso hist\u00f3rico dando inicio en Coyhaique a las postulaciones del primer curso de gesti\u00f3n de Cooperativas, una instancia in\u00e9dita en Chile. Desde nuestro Gobierno hemos puesto a las cooperativas como una prioridad porque creemos en su fuerza para generar desarrollo local, empleo digno y econom\u00eda solidaria. Este curso permitir\u00e1 entregar herramientas concretas para fortalecer la asociatividad en nuestra regi\u00f3n y sentar un precedente para todo el pa\u00eds. Invitamos a toda la comunidad a ser parte de esta oportunidad \u00fanica para aprender crecer y fortalecer juntos el cooperativismo en nuestra regi\u00f3n\u201d.<\/p>\n<p style=\"text-align: justify;\">Por su parte, Carolina G\u00f3mez quien junto a OTEC Ays\u00e9n Consultores, ser\u00e1n ejecutoras de esta iniciativa, coment\u00f3; \u201cNos sentimos orgullosas de llevar adelante este curso pionero de Gesti\u00f3n de Cooperativas, una instancia\u00a0 formativa\u00a0 dirigida a hombres y mujeres que actualmente sean parte de una Cooperativa\u00a0 y tambi\u00e9n a quienes participan como socios o socias de otros modelos asociativos que quieran conocer este modelo Cooperativo. El prop\u00f3sito de esta capacitaci\u00f3n es entregar herramientas concretas de administraci\u00f3n, gesti\u00f3n y organizaci\u00f3n que fortalezcan la autogesti\u00f3n, el trabajo colaborativo y la sostenibilidad de los proyectos asociativos en nuestra regi\u00f3n, contribuyendo al desarrollo econ\u00f3mico y comunitario. Invitamos a todas y todos quienes quieran fortalecer sus conocimientos en cooperativismo a aprovechar esta valiosa oportunidad gratuita, que sin duda ser\u00e1 un aporte para el desarrollo local y regional.\u201d<\/p>\n<p style=\"text-align: justify;\">El curso de Gesti\u00f3n de Cooperativas, se realizar\u00e1 de modo presencial con un total de 112 horas las que se distribuyen de lunes a viernes, desde las 17:30 hasta las 22:30 PM, las clases comienzan el d\u00eda 6 de Octubre 2025, los cupos disponibles son 15 y la postulaci\u00f3n se realiza con clave \u00fanica en www.sence.cl<\/p>\n<\/div><\/section><\/div><\/p>\n<div  style='height:50px' class='hr hr-invisible   avia-builder-el-6  el_after_av_one_full  el_before_av_social_share '><span class='hr-inner ' ><span class='hr-inner-style'><\/span><\/span><\/div>\n<div  class='av-social-sharing-box  avia-builder-el-7  el_after_av_hr  el_before_av_hr  '><div class='av-share-box'><h5 class='av-share-link-description av-no-toc '>Compartir esta noticia<\/h5><ul class='av-share-box-list noLightbox'><li class='av-share-link av-social-link-facebook' ><a target=\"_blank\" aria-label=\"Compartir en Facebook\" href='https:\/\/www.facebook.com\/sharer.php?u=https:\/\/radiorevelacionfm.cl\/?p=58232&#038;t=Sence%20lanza%20in%C3%A9dito%20Curso%20de%20Gesti%C3%B3n%20de%20Cooperativas%20en%20la%20regi%C3%B3n%20de%20Ays%C3%A9n' aria-hidden='false' data-av_icon='\ue8f3' data-av_iconfont='entypo-fontello' title='' data-avia-related-tooltip='Compartir en Facebook' rel=\"noopener\"><span class='avia_hidden_link_text'>Compartir en Facebook<\/span><\/a><\/li><li class='av-share-link av-social-link-twitter' ><a target=\"_blank\" aria-label=\"Compartir en Twitter\" href='https:\/\/twitter.com\/share?text=Sence%20lanza%20in%C3%A9dito%20Curso%20de%20Gesti%C3%B3n%20de%20Cooperativas%20en%20la%20regi%C3%B3n%20de%20Ays%C3%A9n&#038;url=https:\/\/radiorevelacionfm.cl\/?p=58232' aria-hidden='false' data-av_icon='\ue8f1' data-av_iconfont='entypo-fontello' title='' data-avia-related-tooltip='Compartir en Twitter' rel=\"noopener\"><span class='avia_hidden_link_text'>Compartir en Twitter<\/span><\/a><\/li><li class='av-share-link av-social-link-whatsapp' ><a target=\"_blank\" aria-label=\"Compartir en Whatsapp\" href='https:\/\/api.whatsapp.com\/send?text=https:\/\/radiorevelacionfm.cl\/?p=58232' aria-hidden='false' data-av_icon='\uf232' data-av_iconfont='entypo-fontello' title='' data-avia-related-tooltip='Compartir en Whatsapp' rel=\"noopener\"><span class='avia_hidden_link_text'>Compartir en Whatsapp<\/span><\/a><\/li><li class='av-share-link av-social-link-linkedin' ><a target=\"_blank\" aria-label=\"Compartir en LinkedIn\" href='https:\/\/linkedin.com\/shareArticle?mini=true&#038;title=Sence%20lanza%20in%C3%A9dito%20Curso%20de%20Gesti%C3%B3n%20de%20Cooperativas%20en%20la%20regi%C3%B3n%20de%20Ays%C3%A9n&#038;url=https:\/\/radiorevelacionfm.cl\/?p=58232' aria-hidden='false' data-av_icon='\ue8fc' data-av_iconfont='entypo-fontello' title='' data-avia-related-tooltip='Compartir en LinkedIn' rel=\"noopener\"><span class='avia_hidden_link_text'>Compartir en LinkedIn<\/span><\/a><\/li><li class='av-share-link av-social-link-mail' ><a  aria-label=\"Compartir por correo\" href='mailto:?subject=Sence%20lanza%20in%C3%A9dito%20Curso%20de%20Gesti%C3%B3n%20de%20Cooperativas%20en%20la%20regi%C3%B3n%20de%20Ays%C3%A9n&#038;body=https:\/\/radiorevelacionfm.cl\/?p=58232' aria-hidden='false' data-av_icon='\ue805' data-av_iconfont='entypo-fontello' title='' data-avia-related-tooltip='Compartir por correo'><span class='avia_hidden_link_text'>Compartir por correo<\/span><\/a><\/li><\/ul><\/div><\/div>\n<div  style='height:50px' class='hr hr-invisible   avia-builder-el-8  el_after_av_social_share  el_before_av_comments_list '><span class='hr-inner ' ><span class='hr-inner-style'><\/span><\/span><\/div>\n<div  class='av-buildercomment  av-blog-meta-html-info-disabled av-blog-meta-tag-disabled  '><\/div>\n","protected":false},"excerpt":{"rendered":"","protected":false},"author":1,"featured_media":58233,"comment_status":"closed","ping_status":"closed","sticky":false,"template":"","format":"standard","meta":{"footnotes":""},"categories":[56],"tags":[],"class_list":["post-58232","post","type-post","status-publish","format-standard","has-post-thumbnail","hentry","category-trabajo"],"jetpack_featured_media_url":"https:\/\/radiorevelacionfm.cl\/wp-content\/uploads\/2025\/08\/COOPERATIVAS-SENCE-1-1.jpg","_links":{"self":[{"href":"https:\/\/radiorevelacionfm.cl\/index.php?rest_route=\/wp\/v2\/posts\/58232","targetHints":{"allow":["GET"]}}],"collection":[{"href":"https:\/\/radiorevelacionfm.cl\/index.php?rest_route=\/wp\/v2\/posts"}],"about":[{"href":"https:\/\/radiorevelacionfm.cl\/index.php?rest_route=\/wp\/v2\/types\/post"}],"author":[{"embeddable":true,"href":"https:\/\/radiorevelacionfm.cl\/index.php?rest_route=\/wp\/v2\/users\/1"}],"replies":[{"embeddable":true,"href":"https:\/\/radiorevelacionfm.cl\/index.php?rest_route=%2Fwp%2Fv2%2Fcomments&post=58232"}],"version-history":[{"count":3,"href":"https:\/\/radiorevelacionfm.cl\/index.php?rest_route=\/wp\/v2\/posts\/58232\/revisions"}],"predecessor-version":[{"id":58271,"href":"https:\/\/radiorevelacionfm.cl\/index.php?rest_route=\/wp\/v2\/posts\/58232\/revisions\/58271"}],"wp:featuredmedia":[{"embeddable":true,"href":"https:\/\/radiorevelacionfm.cl\/index.php?rest_route=\/wp\/v2\/media\/58233"}],"wp:attachment":[{"href":"https:\/\/radiorevelacionfm.cl\/index.php?rest_route=%2Fwp%2Fv2%2Fmedia&parent=58232"}],"wp:term":[{"taxonomy":"category","embeddable":true,"href":"https:\/\/radiorevelacionfm.cl\/index.php?rest_route=%2Fwp%2Fv2%2Fcategories&post=58232"},{"taxonomy":"post_tag","embeddable":true,"href":"https:\/\/radiorevelacionfm.cl\/index.php?rest_route=%2Fwp%2Fv2%2Ftags&post=58232"}],"curies":[{"name":"wp","href":"https:\/\/api.w.org\/{rel}","templated":true}]}}