{"id":58229,"date":"2025-08-25T14:27:18","date_gmt":"2025-08-25T17:27:18","guid":{"rendered":"https:\/\/radiorevelacionfm.cl\/?p=58229"},"modified":"2025-08-25T14:27:18","modified_gmt":"2025-08-25T17:27:18","slug":"corte-de-coyhaique-rechaza-recurso-de-proteccion-por-traslado-de-cuerpos-en-cementerio-municipal-de-puerto-aysen","status":"publish","type":"post","link":"https:\/\/radiorevelacionfm.cl\/?p=58229","title":{"rendered":"Corte de Coyhaique rechaza recurso de protecci\u00f3n por traslado de cuerpos en cementerio municipal de Puerto Ays\u00e9n"},"content":{"rendered":"<div class=\"flex_column av_one_full  flex_column_div av-zero-column-padding first  avia-builder-el-0  el_before_av_one_full  avia-builder-el-first  \" style='border-radius:0px; '><div  class='avia-image-container  av-styling-    avia-builder-el-1  avia-builder-el-no-sibling  avia-align-center '  itemprop=\"image\" itemscope=\"itemscope\" itemtype=\"https:\/\/schema.org\/ImageObject\"  ><div class='avia-image-container-inner'><div class='avia-image-overlay-wrap'><img decoding=\"async\" class='wp-image-54105 avia-img-lazy-loading-not-54105 avia_image' src=\"https:\/\/radiorevelacionfm.cl\/wp-content\/uploads\/2025\/05\/corte-dji_0133-1-1_optimized-1_optimized-1.jpg\" alt='' title='corte-dji_0133-(1)-(1)_optimized-(1)_optimized (1)' height=\"600\" width=\"1067\"  itemprop=\"thumbnailUrl\" srcset=\"https:\/\/radiorevelacionfm.cl\/wp-content\/uploads\/2025\/05\/corte-dji_0133-1-1_optimized-1_optimized-1.jpg 1067w, https:\/\/radiorevelacionfm.cl\/wp-content\/uploads\/2025\/05\/corte-dji_0133-1-1_optimized-1_optimized-1-300x169.jpg 300w, https:\/\/radiorevelacionfm.cl\/wp-content\/uploads\/2025\/05\/corte-dji_0133-1-1_optimized-1_optimized-1-1030x579.jpg 1030w, https:\/\/radiorevelacionfm.cl\/wp-content\/uploads\/2025\/05\/corte-dji_0133-1-1_optimized-1_optimized-1-768x432.jpg 768w, https:\/\/radiorevelacionfm.cl\/wp-content\/uploads\/2025\/05\/corte-dji_0133-1-1_optimized-1_optimized-1-705x396.jpg 705w, https:\/\/radiorevelacionfm.cl\/wp-content\/uploads\/2025\/05\/corte-dji_0133-1-1_optimized-1_optimized-1-450x253.jpg 450w, https:\/\/radiorevelacionfm.cl\/wp-content\/uploads\/2025\/05\/corte-dji_0133-1-1_optimized-1_optimized-1-600x337.jpg 600w\" sizes=\"(max-width: 1067px) 100vw, 1067px\" \/><\/div><\/div><\/div><\/div><div class=\"flex_column av_one_full  flex_column_div av-zero-column-padding first  avia-builder-el-2  el_after_av_one_full  el_before_av_one_full  column-top-margin\" style='border-radius:0px; '><section class=\"av_textblock_section \"  itemscope=\"itemscope\" itemtype=\"https:\/\/schema.org\/BlogPosting\" itemprop=\"blogPost\" ><div class='avia_textblock  '   itemprop=\"text\" ><p style=\"text-align: center;\"><span style=\"font-size: 18pt;\"><b>Corte de Coyhaique rechaza recurso de protecci\u00f3n por traslado de cuerpos en cementerio municipal de Puerto Ays\u00e9n<\/b><\/span><\/p>\n<div id=\"gtx-trans\" style=\"position: absolute; left: -50px; top: 4.31534px;\">\n<div class=\"gtx-trans-icon\"><\/div>\n<\/div>\n<\/div><\/section><\/div><div class=\"flex_column av_one_full  flex_column_div av-zero-column-padding first  avia-builder-el-4  el_after_av_one_full  el_before_av_hr  column-top-margin\" style='border-radius:0px; '><section class=\"av_textblock_section \"  itemscope=\"itemscope\" itemtype=\"https:\/\/schema.org\/BlogPosting\" itemprop=\"blogPost\" ><div class='avia_textblock  '   itemprop=\"text\" ><p class=\"v1MsoNormal\" style=\"text-align: justify;\">La Corte de Apelaciones de Coyhaique rechaz\u00f3 el recurso de protecci\u00f3n interpuesto por un grupo de vecinos en contra de la Municipalidad de Ays\u00e9n, por la supuesta existencia de un plan para trasladar los restos de sus familiares inhumados en el cementerio municipal, sin el consentimiento de los deudos.<\/p>\n<p class=\"v1MsoNormal\" style=\"text-align: justify;\">En fallo un\u00e1nime (causa rol 178-2025), la Primera Sala del tribunal de alzada \u2013integrada por los ministros Pedro Castro Espinoza, Jos\u00e9 Ignacio Mora Trujillo y Natalia Rencoret Oliva\u2013 desestim\u00f3 la acci\u00f3n constitucional, al no haberse acreditado la existencia de un acto ilegal o arbitrario atribuible a la municipalidad que vulnerara derechos fundamentales.<\/p>\n<p class=\"v1MsoNormal\" style=\"text-align: justify;\">\u00abQue, los recurrentes han hecho consistir el acto arbitrario o ilegal, en s\u00edntesis, en un plan de la recurrida para trasladar los cuerpos de los familiares inhumados en el cementerio municipal, sin el consentimiento de los recurrentes y sin que exista seguridad, certeza ni claridad respecto de si los restos \u00f3seos ser\u00e1n depositados en un lugar adecuado y reglamentario para tales fines, adem\u00e1s si se cuenta con las autorizaciones competentes o si se contar\u00e1 con alg\u00fan servicio religioso al efecto, lo que vulnera las garant\u00edas de la integridad ps\u00edquica, igualdad ante la ley y el derecho de propiedad, contenidos en el art\u00edculo 19 N\u00b0 1, 2 y 24 de la Constituci\u00f3n Pol\u00edtica de la Rep\u00fablica\u00bb, expone el fallo.<\/p>\n<p class=\"v1MsoNormal\" style=\"text-align: justify;\">Sin embargo, la resoluci\u00f3n agrega que \u00ab(&#8230;) la recurrente no ha encartado antecedente alguno a efectos de acreditar los hechos que se denuncian, en relaci\u00f3n a la existencia de un plan que implique el traslado de los restos \u00f3seos de los deudos sin el respectivo consentimiento, lo que resulta totalmente controvertido por la recurrida, quien de plano descarta dicha situaci\u00f3n, manifestando que los \u00fanicos procedimientos de exhumaci\u00f3n realizados han sido a solicitud de los familiares directos, con la respectiva autorizaci\u00f3n sanitaria, lo que se condice con el Manual de Procedimiento de Inhumaciones y Exhumaciones de la Ilustre Municipalidad de Ays\u00e9n\u00bb.<\/p>\n<p class=\"v1MsoNormal\" style=\"text-align: justify;\">El tribunal precis\u00f3 que: \u00ab(&#8230;) a mayor abundamiento, tampoco se precisa por los recurrentes la identidad de los deudos cuyos restos se ven presuntamente amenazados con ser trasladados sin su consentimiento, ni el v\u00ednculo que mantienen con \u00e9stos o el lugar dentro del cementerio donde yacen, transformando la pretensi\u00f3n cautelar, pr\u00e1cticamente en una acci\u00f3n popular, desprovista de los elementos m\u00ednimos necesarios como para advertir y compelir a este Iltmo. Tribunal a tomar las decisiones y medidas tendientes a reponer el estado de derecho que se dice vulnerado\u00bb.<\/p>\n<p class=\"v1MsoNormal\" style=\"text-align: justify;\">Por tanto, se resuelve: \u00abQue\u00a0<b>se rechaza<\/b>, sin costas, el recurso de protecci\u00f3n presentado por el abogado Antoine Laurent Pe\u00f1aloza Carrillo, en representaci\u00f3n de los recurrentes individualizados (64 personas), en contra de la Municipalidad de Ays\u00e9n\u00bb.<\/p>\n<\/div><\/section><\/div><div  style='height:50px' class='hr hr-invisible   avia-builder-el-6  el_after_av_one_full  el_before_av_social_share '><span class='hr-inner ' ><span class='hr-inner-style'><\/span><\/span><\/div><\/p>\n<div  class='av-social-sharing-box  avia-builder-el-7  el_after_av_hr  el_before_av_hr  '><div class='av-share-box'><h5 class='av-share-link-description av-no-toc '>Compartir esta noticia<\/h5><ul class='av-share-box-list noLightbox'><li class='av-share-link av-social-link-facebook' ><a target=\"_blank\" aria-label=\"Compartir en Facebook\" href='https:\/\/www.facebook.com\/sharer.php?u=https:\/\/radiorevelacionfm.cl\/?p=58229&#038;t=Corte%20de%20Coyhaique%20rechaza%20recurso%20de%20protecci%C3%B3n%20por%20traslado%20de%20cuerpos%20en%20cementerio%20municipal%20de%20Puerto%20Ays%C3%A9n' aria-hidden='false' data-av_icon='\ue8f3' data-av_iconfont='entypo-fontello' title='' data-avia-related-tooltip='Compartir en Facebook' rel=\"noopener\"><span class='avia_hidden_link_text'>Compartir en Facebook<\/span><\/a><\/li><li class='av-share-link av-social-link-twitter' ><a target=\"_blank\" aria-label=\"Compartir en Twitter\" href='https:\/\/twitter.com\/share?text=Corte%20de%20Coyhaique%20rechaza%20recurso%20de%20protecci%C3%B3n%20por%20traslado%20de%20cuerpos%20en%20cementerio%20municipal%20de%20Puerto%20Ays%C3%A9n&#038;url=https:\/\/radiorevelacionfm.cl\/?p=58229' aria-hidden='false' data-av_icon='\ue8f1' data-av_iconfont='entypo-fontello' title='' data-avia-related-tooltip='Compartir en Twitter' rel=\"noopener\"><span class='avia_hidden_link_text'>Compartir en Twitter<\/span><\/a><\/li><li class='av-share-link av-social-link-whatsapp' ><a target=\"_blank\" aria-label=\"Compartir en Whatsapp\" href='https:\/\/api.whatsapp.com\/send?text=https:\/\/radiorevelacionfm.cl\/?p=58229' aria-hidden='false' data-av_icon='\uf232' data-av_iconfont='entypo-fontello' title='' data-avia-related-tooltip='Compartir en Whatsapp' rel=\"noopener\"><span class='avia_hidden_link_text'>Compartir en Whatsapp<\/span><\/a><\/li><li class='av-share-link av-social-link-linkedin' ><a target=\"_blank\" aria-label=\"Compartir en LinkedIn\" href='https:\/\/linkedin.com\/shareArticle?mini=true&#038;title=Corte%20de%20Coyhaique%20rechaza%20recurso%20de%20protecci%C3%B3n%20por%20traslado%20de%20cuerpos%20en%20cementerio%20municipal%20de%20Puerto%20Ays%C3%A9n&#038;url=https:\/\/radiorevelacionfm.cl\/?p=58229' aria-hidden='false' data-av_icon='\ue8fc' data-av_iconfont='entypo-fontello' title='' data-avia-related-tooltip='Compartir en LinkedIn' rel=\"noopener\"><span class='avia_hidden_link_text'>Compartir en LinkedIn<\/span><\/a><\/li><li class='av-share-link av-social-link-mail' ><a  aria-label=\"Compartir por correo\" href='mailto:?subject=Corte%20de%20Coyhaique%20rechaza%20recurso%20de%20protecci%C3%B3n%20por%20traslado%20de%20cuerpos%20en%20cementerio%20municipal%20de%20Puerto%20Ays%C3%A9n&#038;body=https:\/\/radiorevelacionfm.cl\/?p=58229' aria-hidden='false' data-av_icon='\ue805' data-av_iconfont='entypo-fontello' title='' data-avia-related-tooltip='Compartir por correo'><span class='avia_hidden_link_text'>Compartir por correo<\/span><\/a><\/li><\/ul><\/div><\/div>\n<div  style='height:50px' class='hr hr-invisible   avia-builder-el-8  el_after_av_social_share  el_before_av_comments_list '><span class='hr-inner ' ><span class='hr-inner-style'><\/span><\/span><\/div>\n<div  class='av-buildercomment  av-blog-meta-html-info-disabled av-blog-meta-tag-disabled  '><\/div>\n","protected":false},"excerpt":{"rendered":"","protected":false},"author":1,"featured_media":54105,"comment_status":"closed","ping_status":"closed","sticky":false,"template":"","format":"standard","meta":{"footnotes":""},"categories":[55],"tags":[],"class_list":["post-58229","post","type-post","status-publish","format-standard","has-post-thumbnail","hentry","category-justicia"],"jetpack_featured_media_url":"https:\/\/radiorevelacionfm.cl\/wp-content\/uploads\/2025\/05\/corte-dji_0133-1-1_optimized-1_optimized-1.jpg","_links":{"self":[{"href":"https:\/\/radiorevelacionfm.cl\/index.php?rest_route=\/wp\/v2\/posts\/58229","targetHints":{"allow":["GET"]}}],"collection":[{"href":"https:\/\/radiorevelacionfm.cl\/index.php?rest_route=\/wp\/v2\/posts"}],"about":[{"href":"https:\/\/radiorevelacionfm.cl\/index.php?rest_route=\/wp\/v2\/types\/post"}],"author":[{"embeddable":true,"href":"https:\/\/radiorevelacionfm.cl\/index.php?rest_route=\/wp\/v2\/users\/1"}],"replies":[{"embeddable":true,"href":"https:\/\/radiorevelacionfm.cl\/index.php?rest_route=%2Fwp%2Fv2%2Fcomments&post=58229"}],"version-history":[{"count":2,"href":"https:\/\/radiorevelacionfm.cl\/index.php?rest_route=\/wp\/v2\/posts\/58229\/revisions"}],"predecessor-version":[{"id":58231,"href":"https:\/\/radiorevelacionfm.cl\/index.php?rest_route=\/wp\/v2\/posts\/58229\/revisions\/58231"}],"wp:featuredmedia":[{"embeddable":true,"href":"https:\/\/radiorevelacionfm.cl\/index.php?rest_route=\/wp\/v2\/media\/54105"}],"wp:attachment":[{"href":"https:\/\/radiorevelacionfm.cl\/index.php?rest_route=%2Fwp%2Fv2%2Fmedia&parent=58229"}],"wp:term":[{"taxonomy":"category","embeddable":true,"href":"https:\/\/radiorevelacionfm.cl\/index.php?rest_route=%2Fwp%2Fv2%2Fcategories&post=58229"},{"taxonomy":"post_tag","embeddable":true,"href":"https:\/\/radiorevelacionfm.cl\/index.php?rest_route=%2Fwp%2Fv2%2Ftags&post=58229"}],"curies":[{"name":"wp","href":"https:\/\/api.w.org\/{rel}","templated":true}]}}