{"id":58225,"date":"2025-08-25T12:24:12","date_gmt":"2025-08-25T15:24:12","guid":{"rendered":"https:\/\/radiorevelacionfm.cl\/?p=58225"},"modified":"2025-08-25T12:24:12","modified_gmt":"2025-08-25T15:24:12","slug":"seremis-de-salud-y-desarrollo-social-promueven-importancia-del-consumo-de-agua-en-establecimientos-educacionales","status":"publish","type":"post","link":"https:\/\/radiorevelacionfm.cl\/?p=58225","title":{"rendered":"Seremis de Salud y Desarrollo Social promueven importancia del consumo de agua en establecimientos educacionales"},"content":{"rendered":"<div class=\"flex_column av_one_full  flex_column_div av-zero-column-padding first  avia-builder-el-0  el_before_av_one_full  avia-builder-el-first  \" style='border-radius:0px; '><div  class='avia-image-container  av-styling-    avia-builder-el-1  avia-builder-el-no-sibling  avia-align-center '  itemprop=\"image\" itemscope=\"itemscope\" itemtype=\"https:\/\/schema.org\/ImageObject\"  ><div class='avia-image-container-inner'><div class='avia-image-overlay-wrap'><img decoding=\"async\" class='wp-image-58226 avia-img-lazy-loading-not-58226 avia_image' src=\"https:\/\/radiorevelacionfm.cl\/wp-content\/uploads\/2025\/08\/ceremonia-vds-1_optimized.jpeg\" alt='' title='ceremonia-vds-(1)_optimized' height=\"600\" width=\"800\"  itemprop=\"thumbnailUrl\" srcset=\"https:\/\/radiorevelacionfm.cl\/wp-content\/uploads\/2025\/08\/ceremonia-vds-1_optimized.jpeg 800w, https:\/\/radiorevelacionfm.cl\/wp-content\/uploads\/2025\/08\/ceremonia-vds-1_optimized-300x225.jpeg 300w, https:\/\/radiorevelacionfm.cl\/wp-content\/uploads\/2025\/08\/ceremonia-vds-1_optimized-768x576.jpeg 768w, https:\/\/radiorevelacionfm.cl\/wp-content\/uploads\/2025\/08\/ceremonia-vds-1_optimized-705x529.jpeg 705w, https:\/\/radiorevelacionfm.cl\/wp-content\/uploads\/2025\/08\/ceremonia-vds-1_optimized-450x338.jpeg 450w, https:\/\/radiorevelacionfm.cl\/wp-content\/uploads\/2025\/08\/ceremonia-vds-1_optimized-600x450.jpeg 600w\" sizes=\"(max-width: 800px) 100vw, 800px\" \/><\/div><\/div><\/div><\/div><div class=\"flex_column av_one_full  flex_column_div av-zero-column-padding first  avia-builder-el-2  el_after_av_one_full  el_before_av_one_full  column-top-margin\" style='border-radius:0px; '><section class=\"av_textblock_section \"  itemscope=\"itemscope\" itemtype=\"https:\/\/schema.org\/BlogPosting\" itemprop=\"blogPost\" ><div class='avia_textblock  '   itemprop=\"text\" ><p style=\"text-align: center;\"><strong><span style=\"font-size: 18pt;\">Seremis de Salud y Desarrollo Social promueven importancia del consumo de agua en establecimientos educacionales<\/span><\/strong><\/p>\n<div id=\"gtx-trans\" style=\"position: absolute; left: -50px; top: 4.31534px;\">\n<div class=\"gtx-trans-icon\"><\/div>\n<\/div>\n<\/div><\/section><\/div><div class=\"flex_column av_one_full  flex_column_div av-zero-column-padding first  avia-builder-el-4  el_after_av_one_full  el_before_av_hr  column-top-margin\" style='border-radius:0px; '><section class=\"av_textblock_section \"  itemscope=\"itemscope\" itemtype=\"https:\/\/schema.org\/BlogPosting\" itemprop=\"blogPost\" ><div class='avia_textblock  '   itemprop=\"text\" ><p style=\"text-align: justify;\"><em>Cuatro establecimientos de Coyhaique y dos de Puerto Ays\u00e9n, recibir\u00e1n dispensadores de agua gratuitos, para fomentar el consumo de agua entre sus estudiantes, la iniciativa se concretar\u00e1 gracias al programa Elige Vivir Sano y la colaboraci\u00f3n de Aguas Patagonia.<\/em><\/p>\n<p style=\"text-align: justify;\">Junto a la comunidad educativa de la escuela V\u00edctor Domingo Silva, autoridades de las secretar\u00edas ministeriales de Salud y de Desarrollo Social \u2013 con el apoyo de la empresa Aguas Patagonia- , dieron el punto de partida a una iniciativa que permitir\u00e1 fomentar el consumo de agua potable como principal opci\u00f3n de hidrataci\u00f3n en el entorno escolar, a trav\u00e9s de la entrega de dispensadores de agua en espacios estrat\u00e9gicos como patios, gimnasios y comedores escolares, facilitando su acceso y promoviendo su consumo diario.<\/p>\n<p style=\"text-align: justify;\">Dispensadores de agua que en la ciudad de Coyhaique fueron entregados no solo a la escuela V\u00edctor Domingo Silva, sino que tambi\u00e9n a representantes escolares de los establecimientos: Nieves del Sur, Pedro Quintana Mansilla y Baquedano. Un hecho que fue destacado por el director de la Escuela V\u00edctor Domingo Silva, Marcos Navarro Ojeda. \u201cEstamos felices de poder ser parte de esta iniciativa, una iniciativa del Ministerio de Desarrollo Social, de la Seremi de Salud, a trav\u00e9s de su programa Elige Vivir Sano. Cuando nos invitaron a participar de esta iniciativa inmediatamente dijimos que s\u00ed, creemos que va de la mano con lo que hace nuestro establecimiento que promueve la vida y alimentaci\u00f3n saludable, y ahora lo reforzamos con el consumo de agua diaria. Vamos a tener dos dispensadores, uno en el gimnasio para la actividad f\u00edsica y uno en el hall principal, de tal manera que nuestros ni\u00f1os van a poder recibir del agua constantemente\u201d.<\/p>\n<p style=\"text-align: justify;\">En este contexto, la Seremi de Salud, Gloria \u00c1guila Schmesser, reforz\u00f3 la importancia de promover el consumo de agua para mejorar la salud de nuestras comunidades. \u201cEstamos promocionando la importancia del consumo de agua entre los ni\u00f1os porque es vital para su salud, m\u00e1s que cualquier otro l\u00edquido con az\u00facares que le hace muy mal a los ni\u00f1os, especialmente por la obesidad que hay en la regi\u00f3n de los ni\u00f1os menores de 5 a\u00f1os. Entonces estamos en esta actividad promoviendo con los bebedores de agua potable de la regi\u00f3n, que es la m\u00e1s pura de todo Chile. Estamos incentivando a los ni\u00f1os a consumir agua por lo menos 8 vasos al d\u00eda\u201d.<\/p>\n<p style=\"text-align: justify;\">Al respecto la Seremi de Desarrollo Social y Familia Karina Acevedo Auad relev\u00f3 el trabajo conjunto desde Elige Vivir Sano \u201cSomos la Secretar\u00eda T\u00e9cnica de Elige Vivir Sano, pero somos varios ministerios los que aportamos a que baje la pol\u00edtica p\u00fablica con distintas iniciativas como esta campa\u00f1a del agua. Estamos muy contentos de poder entregar este beneficio para favorecer el consumo del agua en ni\u00f1as y ni\u00f1os, en una primera etapa son 6 los establecimientos p\u00fablicos y esperamos poder seguir creciendo\u201d, indic\u00f3 la autoridad.<\/p>\n<p style=\"text-align: justify;\">Finalmente, es importante mencionar que la comunidad educativa de los establecimientos educacionales que forman parte de esta iniciativa, manifestaron sus agradecimientos por la puesta en marcha de estas acciones.<\/p>\n<p style=\"text-align: justify;\">Esta iniciativa, que se enmarca en el trabajo de la Subcomisi\u00f3n de Entornos Saludables y Calidad de Vida, y es ejecutada por medio del programa Elige Vivir Sano y el aporte privado de Aguas Patagonia, tambi\u00e9n se ejecutar\u00e1 en la ciudad de Puerto Ays\u00e9n, en los establecimientos Litoral Austral y la Escuela Poetisa Gabriela Mistral, donde se busca promover el consumo de agua como la opci\u00f3n principal y preferida en los establecimientos educativo, lo que no solo empodera a los estudiantes para tomar decisiones saludables, sino que tambi\u00e9n les ense\u00f1a, desde una edad temprana, la importancia de mantenerse hidratados a trav\u00e9s de una alternativa natural y libre de az\u00facares a\u00f1adidos destacando sus beneficios e incorpor\u00e1ndola como parte de sus h\u00e1bitos cotidianos.<\/p>\n<\/div><\/section><\/div><div  style='height:50px' class='hr hr-invisible   avia-builder-el-6  el_after_av_one_full  el_before_av_social_share '><span class='hr-inner ' ><span class='hr-inner-style'><\/span><\/span><\/div><\/p>\n<div  class='av-social-sharing-box  avia-builder-el-7  el_after_av_hr  el_before_av_hr  '><div class='av-share-box'><h5 class='av-share-link-description av-no-toc '>Compartir esta noticia<\/h5><ul class='av-share-box-list noLightbox'><li class='av-share-link av-social-link-facebook' ><a target=\"_blank\" aria-label=\"Compartir en Facebook\" href='https:\/\/www.facebook.com\/sharer.php?u=https:\/\/radiorevelacionfm.cl\/?p=58225&#038;t=Seremis%20de%20Salud%20y%20Desarrollo%20Social%20promueven%20importancia%20del%20consumo%20de%20agua%20en%20establecimientos%20educacionales' aria-hidden='false' data-av_icon='\ue8f3' data-av_iconfont='entypo-fontello' title='' data-avia-related-tooltip='Compartir en Facebook' rel=\"noopener\"><span class='avia_hidden_link_text'>Compartir en Facebook<\/span><\/a><\/li><li class='av-share-link av-social-link-twitter' ><a target=\"_blank\" aria-label=\"Compartir en Twitter\" href='https:\/\/twitter.com\/share?text=Seremis%20de%20Salud%20y%20Desarrollo%20Social%20promueven%20importancia%20del%20consumo%20de%20agua%20en%20establecimientos%20educacionales&#038;url=https:\/\/radiorevelacionfm.cl\/?p=58225' aria-hidden='false' data-av_icon='\ue8f1' data-av_iconfont='entypo-fontello' title='' data-avia-related-tooltip='Compartir en Twitter' rel=\"noopener\"><span class='avia_hidden_link_text'>Compartir en Twitter<\/span><\/a><\/li><li class='av-share-link av-social-link-whatsapp' ><a target=\"_blank\" aria-label=\"Compartir en Whatsapp\" href='https:\/\/api.whatsapp.com\/send?text=https:\/\/radiorevelacionfm.cl\/?p=58225' aria-hidden='false' data-av_icon='\uf232' data-av_iconfont='entypo-fontello' title='' data-avia-related-tooltip='Compartir en Whatsapp' rel=\"noopener\"><span class='avia_hidden_link_text'>Compartir en Whatsapp<\/span><\/a><\/li><li class='av-share-link av-social-link-linkedin' ><a target=\"_blank\" aria-label=\"Compartir en LinkedIn\" href='https:\/\/linkedin.com\/shareArticle?mini=true&#038;title=Seremis%20de%20Salud%20y%20Desarrollo%20Social%20promueven%20importancia%20del%20consumo%20de%20agua%20en%20establecimientos%20educacionales&#038;url=https:\/\/radiorevelacionfm.cl\/?p=58225' aria-hidden='false' data-av_icon='\ue8fc' data-av_iconfont='entypo-fontello' title='' data-avia-related-tooltip='Compartir en LinkedIn' rel=\"noopener\"><span class='avia_hidden_link_text'>Compartir en LinkedIn<\/span><\/a><\/li><li class='av-share-link av-social-link-mail' ><a  aria-label=\"Compartir por correo\" href='mailto:?subject=Seremis%20de%20Salud%20y%20Desarrollo%20Social%20promueven%20importancia%20del%20consumo%20de%20agua%20en%20establecimientos%20educacionales&#038;body=https:\/\/radiorevelacionfm.cl\/?p=58225' aria-hidden='false' data-av_icon='\ue805' data-av_iconfont='entypo-fontello' title='' data-avia-related-tooltip='Compartir por correo'><span class='avia_hidden_link_text'>Compartir por correo<\/span><\/a><\/li><\/ul><\/div><\/div>\n<div  style='height:50px' class='hr hr-invisible   avia-builder-el-8  el_after_av_social_share  el_before_av_comments_list '><span class='hr-inner ' ><span class='hr-inner-style'><\/span><\/span><\/div>\n<div  class='av-buildercomment  av-blog-meta-html-info-disabled av-blog-meta-tag-disabled  '><\/div>\n","protected":false},"excerpt":{"rendered":"","protected":false},"author":1,"featured_media":58226,"comment_status":"closed","ping_status":"closed","sticky":false,"template":"","format":"standard","meta":{"footnotes":""},"categories":[46],"tags":[],"class_list":["post-58225","post","type-post","status-publish","format-standard","has-post-thumbnail","hentry","category-salud"],"jetpack_featured_media_url":"https:\/\/radiorevelacionfm.cl\/wp-content\/uploads\/2025\/08\/ceremonia-vds-1_optimized.jpeg","_links":{"self":[{"href":"https:\/\/radiorevelacionfm.cl\/index.php?rest_route=\/wp\/v2\/posts\/58225","targetHints":{"allow":["GET"]}}],"collection":[{"href":"https:\/\/radiorevelacionfm.cl\/index.php?rest_route=\/wp\/v2\/posts"}],"about":[{"href":"https:\/\/radiorevelacionfm.cl\/index.php?rest_route=\/wp\/v2\/types\/post"}],"author":[{"embeddable":true,"href":"https:\/\/radiorevelacionfm.cl\/index.php?rest_route=\/wp\/v2\/users\/1"}],"replies":[{"embeddable":true,"href":"https:\/\/radiorevelacionfm.cl\/index.php?rest_route=%2Fwp%2Fv2%2Fcomments&post=58225"}],"version-history":[{"count":2,"href":"https:\/\/radiorevelacionfm.cl\/index.php?rest_route=\/wp\/v2\/posts\/58225\/revisions"}],"predecessor-version":[{"id":58228,"href":"https:\/\/radiorevelacionfm.cl\/index.php?rest_route=\/wp\/v2\/posts\/58225\/revisions\/58228"}],"wp:featuredmedia":[{"embeddable":true,"href":"https:\/\/radiorevelacionfm.cl\/index.php?rest_route=\/wp\/v2\/media\/58226"}],"wp:attachment":[{"href":"https:\/\/radiorevelacionfm.cl\/index.php?rest_route=%2Fwp%2Fv2%2Fmedia&parent=58225"}],"wp:term":[{"taxonomy":"category","embeddable":true,"href":"https:\/\/radiorevelacionfm.cl\/index.php?rest_route=%2Fwp%2Fv2%2Fcategories&post=58225"},{"taxonomy":"post_tag","embeddable":true,"href":"https:\/\/radiorevelacionfm.cl\/index.php?rest_route=%2Fwp%2Fv2%2Ftags&post=58225"}],"curies":[{"name":"wp","href":"https:\/\/api.w.org\/{rel}","templated":true}]}}