{"id":58221,"date":"2025-08-25T10:34:32","date_gmt":"2025-08-25T13:34:32","guid":{"rendered":"https:\/\/radiorevelacionfm.cl\/?p=58221"},"modified":"2025-08-25T10:34:32","modified_gmt":"2025-08-25T13:34:32","slug":"coyhaique-condenan-a-imputado-de-43-anos-por-el-delito-de-abuso-sexual-de-una-nina","status":"publish","type":"post","link":"https:\/\/radiorevelacionfm.cl\/?p=58221","title":{"rendered":"Coyhaique: Condenan a imputado de 43 a\u00f1os por el delito de abuso sexual de una ni\u00f1a"},"content":{"rendered":"<div class=\"flex_column av_one_full  flex_column_div av-zero-column-padding first  avia-builder-el-0  el_before_av_one_full  avia-builder-el-first  \" style='border-radius:0px; '><div  class='avia-image-container  av-styling-    avia-builder-el-1  avia-builder-el-no-sibling  avia-align-center '  itemprop=\"image\" itemscope=\"itemscope\" itemtype=\"https:\/\/schema.org\/ImageObject\"  ><div class='avia-image-container-inner'><div class='avia-image-overlay-wrap'><img decoding=\"async\" class='wp-image-38612 avia-img-lazy-loading-not-38612 avia_image' src=\"https:\/\/radiorevelacionfm.cl\/wp-content\/uploads\/2024\/01\/fiscalia_7-1_optimized.jpeg\" alt='' title='fiscalia_7-(1)_optimized' height=\"600\" width=\"859\"  itemprop=\"thumbnailUrl\" srcset=\"https:\/\/radiorevelacionfm.cl\/wp-content\/uploads\/2024\/01\/fiscalia_7-1_optimized.jpeg 859w, https:\/\/radiorevelacionfm.cl\/wp-content\/uploads\/2024\/01\/fiscalia_7-1_optimized-300x210.jpeg 300w, https:\/\/radiorevelacionfm.cl\/wp-content\/uploads\/2024\/01\/fiscalia_7-1_optimized-768x536.jpeg 768w, https:\/\/radiorevelacionfm.cl\/wp-content\/uploads\/2024\/01\/fiscalia_7-1_optimized-705x492.jpeg 705w, https:\/\/radiorevelacionfm.cl\/wp-content\/uploads\/2024\/01\/fiscalia_7-1_optimized-450x314.jpeg 450w, https:\/\/radiorevelacionfm.cl\/wp-content\/uploads\/2024\/01\/fiscalia_7-1_optimized-600x419.jpeg 600w\" sizes=\"(max-width: 859px) 100vw, 859px\" \/><\/div><\/div><\/div><\/div><div class=\"flex_column av_one_full  flex_column_div av-zero-column-padding first  avia-builder-el-2  el_after_av_one_full  el_before_av_one_full  column-top-margin\" style='border-radius:0px; '><section class=\"av_textblock_section \"  itemscope=\"itemscope\" itemtype=\"https:\/\/schema.org\/BlogPosting\" itemprop=\"blogPost\" ><div class='avia_textblock  '   itemprop=\"text\" ><p style=\"text-align: center;\"><span style=\"font-size: 18pt;\"><b>Coyhaique: Condenan a imputado de 43 a\u00f1os por el delito de abuso sexual de una ni\u00f1a<\/b><\/span><\/p>\n<div id=\"gtx-trans\" style=\"position: absolute; left: -50px; top: 4.31534px;\">\n<div class=\"gtx-trans-icon\"><\/div>\n<\/div>\n<\/div><\/section><\/div><div class=\"flex_column av_one_full  flex_column_div av-zero-column-padding first  avia-builder-el-4  el_after_av_one_full  el_before_av_hr  column-top-margin\" style='border-radius:0px; '><section class=\"av_textblock_section \"  itemscope=\"itemscope\" itemtype=\"https:\/\/schema.org\/BlogPosting\" itemprop=\"blogPost\" ><div class='avia_textblock  '   itemprop=\"text\" ><p style=\"font-weight: 400; text-align: justify;\">El Tribunal de Juicio Oral en Lo Penal de Coyhaique conden\u00f3 a la pena de tres a\u00f1os y un d\u00eda de presidio sin beneficios, a un imputado de 43 a\u00f1os, como autor del delito de abuso sexual infantil el cual afect\u00f3 a una ni\u00f1a en la capital regional.<\/p>\n<p style=\"font-weight: 400; text-align: justify;\">En este caso, la Fiscal\u00eda Local de Coyhaique solicit\u00f3 diligencias a la Brigada de Delitos Sexuales de la PDI y pericias al Centro de Atenci\u00f3n Integral a V\u00edctimas de Delitos Violentos CAVI.<\/p>\n<p style=\"font-weight: 400; text-align: justify;\">El relato de la v\u00edctima de este hecho se obtuvo previamente a trav\u00e9s de una entrevista videograbada coordinada por funcionarios de la Fiscal\u00eda Local de Coyhaique y la Unidad de Atenci\u00f3n a V\u00edctimas y Testigos, quienes tambi\u00e9n tomaron contacto con la afectada para prestarle apoyo y orientaci\u00f3n.<\/p>\n<p style=\"font-weight: 400; text-align: justify;\">INVESTIGACI\u00d3N<\/p>\n<p style=\"font-weight: 400; text-align: justify;\">De acuerdo a lo expuesto en el juicio oral por el fiscal Luis Contreras, este delito de abuso sexual de una persona menor de 14 a\u00f1os, ocurri\u00f3 en Coyhaique en una fecha no precisada del a\u00f1o 2021.<\/p>\n<p style=\"font-weight: 400; text-align: justify;\">Los hechos de significaci\u00f3n y relevancia sexual por los que fue condenado el sujeto, ocurrieron en una vivienda del sector alto de Coyhaique, en circunstancias en que la ni\u00f1a se encontraba durmiendo. La develaci\u00f3n de este hecho fue realizada posteriormente por la v\u00edctima a una funcionaria del colegio donde estudia.<\/p>\n<p style=\"font-weight: 400; text-align: justify;\">Al no cumplir con los requisitos de la ley 18.216, el sentenciado deber\u00e1 cumplir la pena impuesta de manera efectiva, es decir en la c\u00e1rcel.<\/p>\n<p style=\"font-weight: 400; text-align: justify;\">En el juicio oral declar\u00f3 la v\u00edctima de este delito, una profesional del colegio y funcionarios de la Brigada de Delitos Sexuales de la PDI y profesionales del Centro de Atenci\u00f3n Integral a V\u00edctimas de Delitos Violentos CAVI, cuyo trabajo tambi\u00e9n result\u00f3 relevante para probar este delito ante el Tribunal de Juicio Oral en Lo Penal.<\/p>\n<\/div><\/section><\/div><div  style='height:50px' class='hr hr-invisible   avia-builder-el-6  el_after_av_one_full  el_before_av_social_share '><span class='hr-inner ' ><span class='hr-inner-style'><\/span><\/span><\/div><\/p>\n<div  class='av-social-sharing-box  avia-builder-el-7  el_after_av_hr  el_before_av_hr  '><div class='av-share-box'><h5 class='av-share-link-description av-no-toc '>Compartir esta noticia<\/h5><ul class='av-share-box-list noLightbox'><li class='av-share-link av-social-link-facebook' ><a target=\"_blank\" aria-label=\"Compartir en Facebook\" href='https:\/\/www.facebook.com\/sharer.php?u=https:\/\/radiorevelacionfm.cl\/?p=58221&#038;t=Coyhaique%3A%20Condenan%20a%20imputado%20de%2043%20a%C3%B1os%20por%20el%20delito%20de%20abuso%20sexual%20de%20una%20ni%C3%B1a' aria-hidden='false' data-av_icon='\ue8f3' data-av_iconfont='entypo-fontello' title='' data-avia-related-tooltip='Compartir en Facebook' rel=\"noopener\"><span class='avia_hidden_link_text'>Compartir en Facebook<\/span><\/a><\/li><li class='av-share-link av-social-link-twitter' ><a target=\"_blank\" aria-label=\"Compartir en Twitter\" href='https:\/\/twitter.com\/share?text=Coyhaique%3A%20Condenan%20a%20imputado%20de%2043%20a%C3%B1os%20por%20el%20delito%20de%20abuso%20sexual%20de%20una%20ni%C3%B1a&#038;url=https:\/\/radiorevelacionfm.cl\/?p=58221' aria-hidden='false' data-av_icon='\ue8f1' data-av_iconfont='entypo-fontello' title='' data-avia-related-tooltip='Compartir en Twitter' rel=\"noopener\"><span class='avia_hidden_link_text'>Compartir en Twitter<\/span><\/a><\/li><li class='av-share-link av-social-link-whatsapp' ><a target=\"_blank\" aria-label=\"Compartir en Whatsapp\" href='https:\/\/api.whatsapp.com\/send?text=https:\/\/radiorevelacionfm.cl\/?p=58221' aria-hidden='false' data-av_icon='\uf232' data-av_iconfont='entypo-fontello' title='' data-avia-related-tooltip='Compartir en Whatsapp' rel=\"noopener\"><span class='avia_hidden_link_text'>Compartir en Whatsapp<\/span><\/a><\/li><li class='av-share-link av-social-link-linkedin' ><a target=\"_blank\" aria-label=\"Compartir en LinkedIn\" href='https:\/\/linkedin.com\/shareArticle?mini=true&#038;title=Coyhaique%3A%20Condenan%20a%20imputado%20de%2043%20a%C3%B1os%20por%20el%20delito%20de%20abuso%20sexual%20de%20una%20ni%C3%B1a&#038;url=https:\/\/radiorevelacionfm.cl\/?p=58221' aria-hidden='false' data-av_icon='\ue8fc' data-av_iconfont='entypo-fontello' title='' data-avia-related-tooltip='Compartir en LinkedIn' rel=\"noopener\"><span class='avia_hidden_link_text'>Compartir en LinkedIn<\/span><\/a><\/li><li class='av-share-link av-social-link-mail' ><a  aria-label=\"Compartir por correo\" href='mailto:?subject=Coyhaique%3A%20Condenan%20a%20imputado%20de%2043%20a%C3%B1os%20por%20el%20delito%20de%20abuso%20sexual%20de%20una%20ni%C3%B1a&#038;body=https:\/\/radiorevelacionfm.cl\/?p=58221' aria-hidden='false' data-av_icon='\ue805' data-av_iconfont='entypo-fontello' title='' data-avia-related-tooltip='Compartir por correo'><span class='avia_hidden_link_text'>Compartir por correo<\/span><\/a><\/li><\/ul><\/div><\/div>\n<div  style='height:50px' class='hr hr-invisible   avia-builder-el-8  el_after_av_social_share  el_before_av_comments_list '><span class='hr-inner ' ><span class='hr-inner-style'><\/span><\/span><\/div>\n<div  class='av-buildercomment  av-blog-meta-html-info-disabled av-blog-meta-tag-disabled  '><\/div>\n","protected":false},"excerpt":{"rendered":"","protected":false},"author":1,"featured_media":38612,"comment_status":"closed","ping_status":"closed","sticky":false,"template":"","format":"standard","meta":{"footnotes":""},"categories":[55],"tags":[],"class_list":["post-58221","post","type-post","status-publish","format-standard","has-post-thumbnail","hentry","category-justicia"],"jetpack_featured_media_url":"https:\/\/radiorevelacionfm.cl\/wp-content\/uploads\/2024\/01\/fiscalia_7-1_optimized.jpeg","_links":{"self":[{"href":"https:\/\/radiorevelacionfm.cl\/index.php?rest_route=\/wp\/v2\/posts\/58221","targetHints":{"allow":["GET"]}}],"collection":[{"href":"https:\/\/radiorevelacionfm.cl\/index.php?rest_route=\/wp\/v2\/posts"}],"about":[{"href":"https:\/\/radiorevelacionfm.cl\/index.php?rest_route=\/wp\/v2\/types\/post"}],"author":[{"embeddable":true,"href":"https:\/\/radiorevelacionfm.cl\/index.php?rest_route=\/wp\/v2\/users\/1"}],"replies":[{"embeddable":true,"href":"https:\/\/radiorevelacionfm.cl\/index.php?rest_route=%2Fwp%2Fv2%2Fcomments&post=58221"}],"version-history":[{"count":2,"href":"https:\/\/radiorevelacionfm.cl\/index.php?rest_route=\/wp\/v2\/posts\/58221\/revisions"}],"predecessor-version":[{"id":58223,"href":"https:\/\/radiorevelacionfm.cl\/index.php?rest_route=\/wp\/v2\/posts\/58221\/revisions\/58223"}],"wp:featuredmedia":[{"embeddable":true,"href":"https:\/\/radiorevelacionfm.cl\/index.php?rest_route=\/wp\/v2\/media\/38612"}],"wp:attachment":[{"href":"https:\/\/radiorevelacionfm.cl\/index.php?rest_route=%2Fwp%2Fv2%2Fmedia&parent=58221"}],"wp:term":[{"taxonomy":"category","embeddable":true,"href":"https:\/\/radiorevelacionfm.cl\/index.php?rest_route=%2Fwp%2Fv2%2Fcategories&post=58221"},{"taxonomy":"post_tag","embeddable":true,"href":"https:\/\/radiorevelacionfm.cl\/index.php?rest_route=%2Fwp%2Fv2%2Ftags&post=58221"}],"curies":[{"name":"wp","href":"https:\/\/api.w.org\/{rel}","templated":true}]}}