{"id":58211,"date":"2025-08-25T10:43:40","date_gmt":"2025-08-25T13:43:40","guid":{"rendered":"https:\/\/radiorevelacionfm.cl\/?p=58211"},"modified":"2025-08-25T10:43:40","modified_gmt":"2025-08-25T13:43:40","slug":"opinion-comision-verdad-y-ninez-transformando-el-dolor-en-reparacion","status":"publish","type":"post","link":"https:\/\/radiorevelacionfm.cl\/?p=58211","title":{"rendered":"Opini\u00f3n: Comisi\u00f3n Verdad y Ni\u00f1ez, transformando el dolor en reparaci\u00f3n"},"content":{"rendered":"<div class=\"flex_column av_one_full  flex_column_div av-zero-column-padding first  avia-builder-el-0  el_before_av_one_full  avia-builder-el-first  \" style='border-radius:0px; '><div  class='avia-image-container  av-styling-    avia-builder-el-1  avia-builder-el-no-sibling  avia-align-center '  itemprop=\"image\" itemscope=\"itemscope\" itemtype=\"https:\/\/schema.org\/ImageObject\"  ><div class='avia-image-container-inner'><div class='avia-image-overlay-wrap'><img decoding=\"async\" class='wp-image-57893 avia-img-lazy-loading-not-57893 avia_image' src=\"https:\/\/radiorevelacionfm.cl\/wp-content\/uploads\/2025\/08\/verdad-y-ninez-1-1.jpg\" alt='' title='verdad y ni\u00f1ez (1) (1)' height=\"600\" width=\"1065\"  itemprop=\"thumbnailUrl\" srcset=\"https:\/\/radiorevelacionfm.cl\/wp-content\/uploads\/2025\/08\/verdad-y-ninez-1-1.jpg 1065w, https:\/\/radiorevelacionfm.cl\/wp-content\/uploads\/2025\/08\/verdad-y-ninez-1-1-300x169.jpg 300w, https:\/\/radiorevelacionfm.cl\/wp-content\/uploads\/2025\/08\/verdad-y-ninez-1-1-1030x580.jpg 1030w, https:\/\/radiorevelacionfm.cl\/wp-content\/uploads\/2025\/08\/verdad-y-ninez-1-1-768x433.jpg 768w, https:\/\/radiorevelacionfm.cl\/wp-content\/uploads\/2025\/08\/verdad-y-ninez-1-1-705x397.jpg 705w, https:\/\/radiorevelacionfm.cl\/wp-content\/uploads\/2025\/08\/verdad-y-ninez-1-1-450x254.jpg 450w, https:\/\/radiorevelacionfm.cl\/wp-content\/uploads\/2025\/08\/verdad-y-ninez-1-1-600x338.jpg 600w\" sizes=\"(max-width: 1065px) 100vw, 1065px\" \/><\/div><\/div><\/div><\/div><div class=\"flex_column av_one_full  flex_column_div av-zero-column-padding first  avia-builder-el-2  el_after_av_one_full  el_before_av_one_full  column-top-margin\" style='border-radius:0px; '><section class=\"av_textblock_section \"  itemscope=\"itemscope\" itemtype=\"https:\/\/schema.org\/BlogPosting\" itemprop=\"blogPost\" ><div class='avia_textblock  '   itemprop=\"text\" ><p style=\"text-align: center;\"><strong><span style=\"font-size: 18pt;\">Opini\u00f3n: Comisi\u00f3n Verdad y Ni\u00f1ez, transformando el dolor en reparaci\u00f3n<\/span><\/strong><\/p>\n<div id=\"gtx-trans\" style=\"position: absolute; left: -50px; top: 4.31534px;\">\n<div class=\"gtx-trans-icon\"><\/div>\n<\/div>\n<\/div><\/section><\/div><div class=\"flex_column av_one_full  flex_column_div av-zero-column-padding first  avia-builder-el-4  el_after_av_one_full  el_before_av_hr  column-top-margin\" style='border-radius:0px; '><section class=\"av_textblock_section \"  itemscope=\"itemscope\" itemtype=\"https:\/\/schema.org\/BlogPosting\" itemprop=\"blogPost\" ><div class='avia_textblock  '   itemprop=\"text\" ><p style=\"text-align: justify;\"><em>Por: \u00darsula Mix Jim\u00e9nez, Seremi de Gobierno de la Regi\u00f3n de Ays\u00e9n<\/em><\/p>\n<p style=\"text-align: justify;\">El Gobierno del Presidente Gabriel Boric se ha caracterizado por ser una administraci\u00f3n social y enfocada en la b\u00fasqueda de reparaci\u00f3n de personas que han sido v\u00edctima de violaciones a los derechos humanos.<\/p>\n<p style=\"text-align: justify;\">Una de las iniciativas m\u00e1s recientes, es la creaci\u00f3n de la \u201cComisi\u00f3n Asesora Presidencial para el esclarecimiento de la verdad sobre violaciones a los Derechos Humanos de ni\u00f1os, ni\u00f1as y adolescentes bajo la custodia del Sename o en Sistemas de Cuidados Alternativos Privados\u201d, tambi\u00e9n conocida como \u201cComisi\u00f3n Verdad y Ni\u00f1ez\u201d.<\/p>\n<p style=\"text-align: justify;\">El establecimiento de esta Comisi\u00f3n responde, en parte, a las conclusiones de una investigaci\u00f3n realizada entre los a\u00f1os 2016 y 2018 por el Comit\u00e9 de Derechos del Ni\u00f1o de Naciones Unidas, este concluy\u00f3 en el informe entregado el 2020, que el Estado de Chile es responsable de vulnerar grave y sistem\u00e1ticamente, los derechos de los ni\u00f1os, ni\u00f1as y adolescentes que se encontraban en centros de protecci\u00f3n administrados por el Servicio Nacional de Menores.<\/p>\n<p style=\"text-align: justify;\">En este contexto, y como parte del trabajo de la Comisi\u00f3n Verdad y Ni\u00f1ez, el 1 de agosto de 2025 comenz\u00f3 el proceso de escucha de testimonios de v\u00edctimas y sobrevivientes de violaciones a sus derechos humanos entre los a\u00f1os 1979 y 2021, que estuvieron bajo el cuidado del Estado por parte del Sename.<\/p>\n<p style=\"text-align: justify;\">Esto permitir\u00e1 reconocer el da\u00f1o de las v\u00edctimas para buscar reparaci\u00f3n. Si no somos capaces de identificar el dolor y perjuicio, entonces \u00bfC\u00f3mo podemos repararlo? Estas herramientas nos permitir\u00e1n generar un informe de recomendaciones al Presidente que contenga propuestas de reparaci\u00f3n para que podamos decir \u00a1Nunca M\u00e1s!<\/p>\n<p style=\"text-align: justify;\">Hablar de violaciones a los derechos humanos en el pa\u00eds es complejo, doloroso e injusto. Hay heridas que a\u00fan no sanan y que d\u00eda a d\u00eda nos recuerdan lo vulnerables que somos y como el da\u00f1o a la democracia puede afectar y transformar nuestras vidas. Por eso, es crucial proteger a las ni\u00f1eces en su desarrollo integral, generando entornos seguros, que permitan garantizar su bienestar hoy y ma\u00f1ana.<\/p>\n<p style=\"text-align: justify;\">Hoy, queremos saldar la deuda con nuestras ni\u00f1eces y adolescencias, no s\u00f3lo reconociendo la importancia de la infancia, sino haciendo un llamado a quienes les fallamos para que con sus testimonios podamos como Estado dar la cara y responder con medidas reparatorias.<\/p>\n<p style=\"text-align: justify;\">Es necesario aprender de nuestros errores, para proteger y cuidar a nuestros ni\u00f1os, ni\u00f1as y adolescentes y darles una vida plena y segura que permita garantizar su bienestar.<\/p>\n<p style=\"text-align: justify;\">Tu historia tiene valor y como Gobierno lo sabemos. Por eso, invitamos a las personas a revisar el sitio web <a href=\"https:\/\/www.gob.cl\/comisionverdadyninez\/\">https:\/\/www.gob.cl\/comisionverdadyninez\/<\/a> y compartir sus testimonios ingresando al sitio web <a href=\"https:\/\/agenda.comisionverdadninez.gob.cl\/m\/registro\/\">https:\/\/agenda.comisionverdadninez.gob.cl\/m\/registro\/<\/a>.<\/p>\n<\/div><\/section><\/div><div  style='height:50px' class='hr hr-invisible   avia-builder-el-6  el_after_av_one_full  el_before_av_social_share '><span class='hr-inner ' ><span class='hr-inner-style'><\/span><\/span><\/div><\/p>\n<div  class='av-social-sharing-box  avia-builder-el-7  el_after_av_hr  el_before_av_hr  '><div class='av-share-box'><h5 class='av-share-link-description av-no-toc '>Compartir esta noticia<\/h5><ul class='av-share-box-list noLightbox'><li class='av-share-link av-social-link-facebook' ><a target=\"_blank\" aria-label=\"Compartir en Facebook\" href='https:\/\/www.facebook.com\/sharer.php?u=https:\/\/radiorevelacionfm.cl\/?p=58211&#038;t=Opini%C3%B3n%3A%20Comisi%C3%B3n%20Verdad%20y%20Ni%C3%B1ez%2C%20transformando%20el%20dolor%20en%20reparaci%C3%B3n' aria-hidden='false' data-av_icon='\ue8f3' data-av_iconfont='entypo-fontello' title='' data-avia-related-tooltip='Compartir en Facebook' rel=\"noopener\"><span class='avia_hidden_link_text'>Compartir en Facebook<\/span><\/a><\/li><li class='av-share-link av-social-link-twitter' ><a target=\"_blank\" aria-label=\"Compartir en Twitter\" href='https:\/\/twitter.com\/share?text=Opini%C3%B3n%3A%20Comisi%C3%B3n%20Verdad%20y%20Ni%C3%B1ez%2C%20transformando%20el%20dolor%20en%20reparaci%C3%B3n&#038;url=https:\/\/radiorevelacionfm.cl\/?p=58211' aria-hidden='false' data-av_icon='\ue8f1' data-av_iconfont='entypo-fontello' title='' data-avia-related-tooltip='Compartir en Twitter' rel=\"noopener\"><span class='avia_hidden_link_text'>Compartir en Twitter<\/span><\/a><\/li><li class='av-share-link av-social-link-whatsapp' ><a target=\"_blank\" aria-label=\"Compartir en Whatsapp\" href='https:\/\/api.whatsapp.com\/send?text=https:\/\/radiorevelacionfm.cl\/?p=58211' aria-hidden='false' data-av_icon='\uf232' data-av_iconfont='entypo-fontello' title='' data-avia-related-tooltip='Compartir en Whatsapp' rel=\"noopener\"><span class='avia_hidden_link_text'>Compartir en Whatsapp<\/span><\/a><\/li><li class='av-share-link av-social-link-linkedin' ><a target=\"_blank\" aria-label=\"Compartir en LinkedIn\" href='https:\/\/linkedin.com\/shareArticle?mini=true&#038;title=Opini%C3%B3n%3A%20Comisi%C3%B3n%20Verdad%20y%20Ni%C3%B1ez%2C%20transformando%20el%20dolor%20en%20reparaci%C3%B3n&#038;url=https:\/\/radiorevelacionfm.cl\/?p=58211' aria-hidden='false' data-av_icon='\ue8fc' data-av_iconfont='entypo-fontello' title='' data-avia-related-tooltip='Compartir en LinkedIn' rel=\"noopener\"><span class='avia_hidden_link_text'>Compartir en LinkedIn<\/span><\/a><\/li><li class='av-share-link av-social-link-mail' ><a  aria-label=\"Compartir por correo\" href='mailto:?subject=Opini%C3%B3n%3A%20Comisi%C3%B3n%20Verdad%20y%20Ni%C3%B1ez%2C%20transformando%20el%20dolor%20en%20reparaci%C3%B3n&#038;body=https:\/\/radiorevelacionfm.cl\/?p=58211' aria-hidden='false' data-av_icon='\ue805' data-av_iconfont='entypo-fontello' title='' data-avia-related-tooltip='Compartir por correo'><span class='avia_hidden_link_text'>Compartir por correo<\/span><\/a><\/li><\/ul><\/div><\/div>\n<div  style='height:50px' class='hr hr-invisible   avia-builder-el-8  el_after_av_social_share  el_before_av_comments_list '><span class='hr-inner ' ><span class='hr-inner-style'><\/span><\/span><\/div>\n<div  class='av-buildercomment  av-blog-meta-html-info-disabled av-blog-meta-tag-disabled  '><\/div>\n","protected":false},"excerpt":{"rendered":"","protected":false},"author":1,"featured_media":57893,"comment_status":"closed","ping_status":"closed","sticky":false,"template":"","format":"standard","meta":{"footnotes":""},"categories":[50],"tags":[],"class_list":["post-58211","post","type-post","status-publish","format-standard","has-post-thumbnail","hentry","category-cartas-y-opinion"],"jetpack_featured_media_url":"https:\/\/radiorevelacionfm.cl\/wp-content\/uploads\/2025\/08\/verdad-y-ninez-1-1.jpg","_links":{"self":[{"href":"https:\/\/radiorevelacionfm.cl\/index.php?rest_route=\/wp\/v2\/posts\/58211","targetHints":{"allow":["GET"]}}],"collection":[{"href":"https:\/\/radiorevelacionfm.cl\/index.php?rest_route=\/wp\/v2\/posts"}],"about":[{"href":"https:\/\/radiorevelacionfm.cl\/index.php?rest_route=\/wp\/v2\/types\/post"}],"author":[{"embeddable":true,"href":"https:\/\/radiorevelacionfm.cl\/index.php?rest_route=\/wp\/v2\/users\/1"}],"replies":[{"embeddable":true,"href":"https:\/\/radiorevelacionfm.cl\/index.php?rest_route=%2Fwp%2Fv2%2Fcomments&post=58211"}],"version-history":[{"count":2,"href":"https:\/\/radiorevelacionfm.cl\/index.php?rest_route=\/wp\/v2\/posts\/58211\/revisions"}],"predecessor-version":[{"id":58224,"href":"https:\/\/radiorevelacionfm.cl\/index.php?rest_route=\/wp\/v2\/posts\/58211\/revisions\/58224"}],"wp:featuredmedia":[{"embeddable":true,"href":"https:\/\/radiorevelacionfm.cl\/index.php?rest_route=\/wp\/v2\/media\/57893"}],"wp:attachment":[{"href":"https:\/\/radiorevelacionfm.cl\/index.php?rest_route=%2Fwp%2Fv2%2Fmedia&parent=58211"}],"wp:term":[{"taxonomy":"category","embeddable":true,"href":"https:\/\/radiorevelacionfm.cl\/index.php?rest_route=%2Fwp%2Fv2%2Fcategories&post=58211"},{"taxonomy":"post_tag","embeddable":true,"href":"https:\/\/radiorevelacionfm.cl\/index.php?rest_route=%2Fwp%2Fv2%2Ftags&post=58211"}],"curies":[{"name":"wp","href":"https:\/\/api.w.org\/{rel}","templated":true}]}}