{"id":58207,"date":"2025-08-24T16:02:41","date_gmt":"2025-08-24T19:02:41","guid":{"rendered":"https:\/\/radiorevelacionfm.cl\/?p=58207"},"modified":"2025-08-24T16:02:41","modified_gmt":"2025-08-24T19:02:41","slug":"pdi-dicta-charla-sobre-nuevas-amenazas-de-la-era-digital-a-personas-mayores","status":"publish","type":"post","link":"https:\/\/radiorevelacionfm.cl\/?p=58207","title":{"rendered":"PDI dicta charla sobre nuevas amenazas de la era digital a personas mayores"},"content":{"rendered":"<div class=\"flex_column av_one_full  flex_column_div av-zero-column-padding first  avia-builder-el-0  el_before_av_one_full  avia-builder-el-first  \" style='border-radius:0px; '><div  class='avia-image-container  av-styling-    avia-builder-el-1  avia-builder-el-no-sibling  avia-align-center '  itemprop=\"image\" itemscope=\"itemscope\" itemtype=\"https:\/\/schema.org\/ImageObject\"  ><div class='avia-image-container-inner'><div class='avia-image-overlay-wrap'><img decoding=\"async\" class='wp-image-58208 avia-img-lazy-loading-not-58208 avia_image' src=\"https:\/\/radiorevelacionfm.cl\/wp-content\/uploads\/2025\/08\/IMG_0157-1-1.jpg\" alt='' title='IMG_0157 (1) (1)' height=\"600\" width=\"800\"  itemprop=\"thumbnailUrl\" srcset=\"https:\/\/radiorevelacionfm.cl\/wp-content\/uploads\/2025\/08\/IMG_0157-1-1.jpg 800w, https:\/\/radiorevelacionfm.cl\/wp-content\/uploads\/2025\/08\/IMG_0157-1-1-300x225.jpg 300w, https:\/\/radiorevelacionfm.cl\/wp-content\/uploads\/2025\/08\/IMG_0157-1-1-768x576.jpg 768w, https:\/\/radiorevelacionfm.cl\/wp-content\/uploads\/2025\/08\/IMG_0157-1-1-705x529.jpg 705w, https:\/\/radiorevelacionfm.cl\/wp-content\/uploads\/2025\/08\/IMG_0157-1-1-450x338.jpg 450w, https:\/\/radiorevelacionfm.cl\/wp-content\/uploads\/2025\/08\/IMG_0157-1-1-600x450.jpg 600w\" sizes=\"(max-width: 800px) 100vw, 800px\" \/><\/div><\/div><\/div><\/div><div class=\"flex_column av_one_full  flex_column_div av-zero-column-padding first  avia-builder-el-2  el_after_av_one_full  el_before_av_one_full  column-top-margin\" style='border-radius:0px; '><section class=\"av_textblock_section \"  itemscope=\"itemscope\" itemtype=\"https:\/\/schema.org\/BlogPosting\" itemprop=\"blogPost\" ><div class='avia_textblock  '   itemprop=\"text\" ><p style=\"text-align: center;\"><span style=\"font-size: 18pt;\"><strong>PDI dicta charla sobre nuevas amenazas de la era digital a personas mayores<\/strong><\/span><\/p>\n<div id=\"gtx-trans\" style=\"position: absolute; left: -50px; top: 4.31534px;\">\n<div class=\"gtx-trans-icon\"><\/div>\n<\/div>\n<\/div><\/section><\/div><div class=\"flex_column av_one_full  flex_column_div av-zero-column-padding first  avia-builder-el-4  el_after_av_one_full  el_before_av_hr  column-top-margin\" style='border-radius:0px; '><section class=\"av_textblock_section \"  itemscope=\"itemscope\" itemtype=\"https:\/\/schema.org\/BlogPosting\" itemprop=\"blogPost\" ><div class='avia_textblock  '   itemprop=\"text\" ><p style=\"text-align: justify;\">Este mi\u00e9rcoles 20 de agosto, en un trabajo coordinado entre la Seremi de Seguridad P\u00fablica, la Delegaci\u00f3n Presidencial Provincial de Capit\u00e1n Prat, la Municipalidad de Coyhaique y la Polic\u00eda de Investigaciones de Chile, detectives de la Brigada de Investigaci\u00f3n Criminal (BICRIM) y la Brigada Investigadora de Delitos Econ\u00f3micos (BRIDEC) de Coyhaique, dictaron charlas educativas sobre delitos econ\u00f3micos a personas mayores de Coyhaique y Cochrane.<\/p>\n<p style=\"text-align: justify;\">\u201cAdultos mayores y nuevas amenazas de la era digital: delitos econ\u00f3micos a trav\u00e9s de la telefon\u00eda y redes sociales\u201d se titul\u00f3 la capacitaci\u00f3n que busc\u00f3 dar a conocer los principales modos de operar de estos fen\u00f3menos delictivos, entregando herramientas y recomendaciones para evitar caer en defraudaciones. En total, m\u00e1s de 60 personas mayores de ambas comunas participaron activamente en esta instancia educativa, resolviendo sus dudas ante este tipo de estafas.<\/p>\n<p style=\"text-align: justify;\">En Coyhaique, las charlas fueron dictadas por el jefe de la unidad territorial, comisario Alfonso Soto Contreras, abogado, y por el subcomisario Joaqu\u00edn Moreno Soto, licenciado en ciberseguridad.<\/p>\n<p style=\"text-align: justify;\">Al respecto, el comisario Alfonso Soto, jefe de la BICRIM Coyhaique, se\u00f1al\u00f3 que \u201cse trata de una entrega de conocimientos y herramientas adecuadas para que ellos puedan evitar estafas, principalmente, telef\u00f3nicas. Eso tiene que ver, b\u00e1sicamente, con entregarles algunos tips, algunas recomendaciones por parte del personal especializado, a efecto que ellos puedan tener algunas medidas de precauci\u00f3n ante este tipo de il\u00edcitos\u201d.<\/p>\n<p style=\"text-align: justify;\">Adem\u00e1s, el comisario Soto recalc\u00f3 que \u201ces una tremenda oportunidad que tenemos de dirigirnos a ellos para intercambiar ideas y, en general, escuchar las solicitudes que ellos tienen hacia nosotros para ver las formas de retribuir de la mejor manera esta confianza que nos est\u00e1n entregando\u201d, finaliz\u00f3.<\/p>\n<p style=\"text-align: justify;\">Por su parte, Am\u00e9rico Soto, en representaci\u00f3n de la Municipalidad de Coyhaique, indic\u00f3 que \u201cagradecemos esta capacitaci\u00f3n que va dirigida para nuestros adultos mayores, relacionada con las estafas telef\u00f3nicas y otras situaciones que est\u00e1n sucediendo y que, claramente, afectan a los habitantes de nuestra querida comuna de Coyhaique. Quiero agradecer a nombre del alcalde Gatica la disposici\u00f3n de la Polic\u00eda de Investigaciones, una polic\u00eda amiga de la comuna de Coyhaique y, por supuesto, dar los saludos de la comunidad para esta importante capacitaci\u00f3n que vamos a desarrollar\u201d.<\/p>\n<p style=\"text-align: justify;\">Desde la PDI enfatizaron en la importancia de desconfiar de aquellas tentadoras ofertas de dudosa procedencia y estar alerta frente a diversos tipos de enga\u00f1os, ya que a medida que avanza la sociedad, tambi\u00e9n muta el delito, adapt\u00e1ndose a las nuevas formas de comunicaci\u00f3n.<\/p>\n<p style=\"text-align: justify;\">Finalmente, el oficial policial record\u00f3 que, en caso de ser v\u00edctima de alg\u00fan delito, se debe denunciar con todos los antecedentes en los complejos policiales de la PDI, tanto en Coyhaique como en Ays\u00e9n.<\/p>\n<\/div><\/section><\/div><div  style='height:50px' class='hr hr-invisible   avia-builder-el-6  el_after_av_one_full  el_before_av_social_share '><span class='hr-inner ' ><span class='hr-inner-style'><\/span><\/span><\/div><\/p>\n<div  class='av-social-sharing-box  avia-builder-el-7  el_after_av_hr  el_before_av_hr  '><div class='av-share-box'><h5 class='av-share-link-description av-no-toc '>Compartir esta noticia<\/h5><ul class='av-share-box-list noLightbox'><li class='av-share-link av-social-link-facebook' ><a target=\"_blank\" aria-label=\"Compartir en Facebook\" href='https:\/\/www.facebook.com\/sharer.php?u=https:\/\/radiorevelacionfm.cl\/?p=58207&#038;t=PDI%20dicta%20charla%20sobre%20nuevas%20amenazas%20de%20la%20era%20digital%20a%20personas%20mayores' aria-hidden='false' data-av_icon='\ue8f3' data-av_iconfont='entypo-fontello' title='' data-avia-related-tooltip='Compartir en Facebook' rel=\"noopener\"><span class='avia_hidden_link_text'>Compartir en Facebook<\/span><\/a><\/li><li class='av-share-link av-social-link-twitter' ><a target=\"_blank\" aria-label=\"Compartir en Twitter\" href='https:\/\/twitter.com\/share?text=PDI%20dicta%20charla%20sobre%20nuevas%20amenazas%20de%20la%20era%20digital%20a%20personas%20mayores&#038;url=https:\/\/radiorevelacionfm.cl\/?p=58207' aria-hidden='false' data-av_icon='\ue8f1' data-av_iconfont='entypo-fontello' title='' data-avia-related-tooltip='Compartir en Twitter' rel=\"noopener\"><span class='avia_hidden_link_text'>Compartir en Twitter<\/span><\/a><\/li><li class='av-share-link av-social-link-whatsapp' ><a target=\"_blank\" aria-label=\"Compartir en Whatsapp\" href='https:\/\/api.whatsapp.com\/send?text=https:\/\/radiorevelacionfm.cl\/?p=58207' aria-hidden='false' data-av_icon='\uf232' data-av_iconfont='entypo-fontello' title='' data-avia-related-tooltip='Compartir en Whatsapp' rel=\"noopener\"><span class='avia_hidden_link_text'>Compartir en Whatsapp<\/span><\/a><\/li><li class='av-share-link av-social-link-linkedin' ><a target=\"_blank\" aria-label=\"Compartir en LinkedIn\" href='https:\/\/linkedin.com\/shareArticle?mini=true&#038;title=PDI%20dicta%20charla%20sobre%20nuevas%20amenazas%20de%20la%20era%20digital%20a%20personas%20mayores&#038;url=https:\/\/radiorevelacionfm.cl\/?p=58207' aria-hidden='false' data-av_icon='\ue8fc' data-av_iconfont='entypo-fontello' title='' data-avia-related-tooltip='Compartir en LinkedIn' rel=\"noopener\"><span class='avia_hidden_link_text'>Compartir en LinkedIn<\/span><\/a><\/li><li class='av-share-link av-social-link-mail' ><a  aria-label=\"Compartir por correo\" href='mailto:?subject=PDI%20dicta%20charla%20sobre%20nuevas%20amenazas%20de%20la%20era%20digital%20a%20personas%20mayores&#038;body=https:\/\/radiorevelacionfm.cl\/?p=58207' aria-hidden='false' data-av_icon='\ue805' data-av_iconfont='entypo-fontello' title='' data-avia-related-tooltip='Compartir por correo'><span class='avia_hidden_link_text'>Compartir por correo<\/span><\/a><\/li><\/ul><\/div><\/div>\n<div  style='height:50px' class='hr hr-invisible   avia-builder-el-8  el_after_av_social_share  el_before_av_comments_list '><span class='hr-inner ' ><span class='hr-inner-style'><\/span><\/span><\/div>\n<div  class='av-buildercomment  av-blog-meta-html-info-disabled av-blog-meta-tag-disabled  '><\/div>\n","protected":false},"excerpt":{"rendered":"","protected":false},"author":1,"featured_media":58208,"comment_status":"closed","ping_status":"closed","sticky":false,"template":"","format":"standard","meta":{"footnotes":""},"categories":[36],"tags":[],"class_list":["post-58207","post","type-post","status-publish","format-standard","has-post-thumbnail","hentry","category-policial"],"jetpack_featured_media_url":"https:\/\/radiorevelacionfm.cl\/wp-content\/uploads\/2025\/08\/IMG_0157-1-1.jpg","_links":{"self":[{"href":"https:\/\/radiorevelacionfm.cl\/index.php?rest_route=\/wp\/v2\/posts\/58207","targetHints":{"allow":["GET"]}}],"collection":[{"href":"https:\/\/radiorevelacionfm.cl\/index.php?rest_route=\/wp\/v2\/posts"}],"about":[{"href":"https:\/\/radiorevelacionfm.cl\/index.php?rest_route=\/wp\/v2\/types\/post"}],"author":[{"embeddable":true,"href":"https:\/\/radiorevelacionfm.cl\/index.php?rest_route=\/wp\/v2\/users\/1"}],"replies":[{"embeddable":true,"href":"https:\/\/radiorevelacionfm.cl\/index.php?rest_route=%2Fwp%2Fv2%2Fcomments&post=58207"}],"version-history":[{"count":2,"href":"https:\/\/radiorevelacionfm.cl\/index.php?rest_route=\/wp\/v2\/posts\/58207\/revisions"}],"predecessor-version":[{"id":58210,"href":"https:\/\/radiorevelacionfm.cl\/index.php?rest_route=\/wp\/v2\/posts\/58207\/revisions\/58210"}],"wp:featuredmedia":[{"embeddable":true,"href":"https:\/\/radiorevelacionfm.cl\/index.php?rest_route=\/wp\/v2\/media\/58208"}],"wp:attachment":[{"href":"https:\/\/radiorevelacionfm.cl\/index.php?rest_route=%2Fwp%2Fv2%2Fmedia&parent=58207"}],"wp:term":[{"taxonomy":"category","embeddable":true,"href":"https:\/\/radiorevelacionfm.cl\/index.php?rest_route=%2Fwp%2Fv2%2Fcategories&post=58207"},{"taxonomy":"post_tag","embeddable":true,"href":"https:\/\/radiorevelacionfm.cl\/index.php?rest_route=%2Fwp%2Fv2%2Ftags&post=58207"}],"curies":[{"name":"wp","href":"https:\/\/api.w.org\/{rel}","templated":true}]}}